{"id":42194,"date":"2014-10-14T21:02:02","date_gmt":"2014-10-15T00:02:02","guid":{"rendered":"http:\/\/aconteceunovale.com.br\/portal\/?p=42194"},"modified":"2014-10-14T21:02:02","modified_gmt":"2014-10-15T00:02:02","slug":"cemig-realiza-obras-na-rede-eletrica-de-aracuai","status":"publish","type":"post","link":"https:\/\/aconteceunovale.com.br\/portal\/?p=42194","title":{"rendered":"Cemig realiza obras na rede el\u00e9trica de Ara\u00e7ua\u00ed"},"content":{"rendered":"<p>A Companhia Energ\u00e9tica de Minas Gerais (Cemig) informa que, visando assegurar a qualidade do servi\u00e7o prestado aos seus clientes, no pr\u00f3ximo s\u00e1bado (18\/10), realizar\u00e1 obra para extens\u00e3o de rede de m\u00e9dia tens\u00e3o e instala\u00e7\u00e3o de um transformador.<\/p>\n<p>T\u00e9cnicos e eletricistas estar\u00e3o trabalhando nessa obra que vai  tornar a rede mais segura, garantindo uma maior confiabilidade do fornecimento de energia para a popula\u00e7\u00e3o, a ind\u00fastria e o com\u00e9rcio local, al\u00e9m de aumentar a oferta de energia, possibilitando o acr\u00e9scimo de carga na regi\u00e3o.<\/p>\n<p>Para executar esse trabalho com seguran\u00e7a, ser\u00e1 necess\u00e1rio interromper o fornecimento de energia de 7h \u00e0s 12h, nos seguintes endere\u00e7os:<\/p>\n<p>&#8211; Pra\u00e7a Ant\u00f4nio Tanure, entre n\u00fameros 479 e 511, Centro<br \/>\n&#8211; Rua Marechal Deodoro, n\u00famero 121<br \/>\n&#8211; Rua Montes Claros, entre n\u00fameros 42 e 122<br \/>\n&#8211; Rua Benjamin Constant, entre n\u00fameros 479 e 511, Esplanada<br \/>\n&#8211; Rua Dom Serafim, entre n\u00fameros 311 e 497, Santa Tereza<\/p>\n<p>Durante esse per\u00edodo, caso precise executar algum servi\u00e7o na instala\u00e7\u00e3o el\u00e9trica interna, o consumidor dever\u00e1 desligar antes a chave geral (disjuntor) para sua seguran\u00e7a.<\/p>\n<p>Esclarecemos que em fun\u00e7\u00e3o da complexidade dos servi\u00e7os a serem executados poder\u00e1 ocorrer atraso no hor\u00e1rio previsto ou cancelamento deste desligamento sem aviso pr\u00e9vio. Por medida de seguran\u00e7a todos os equipamentos devem ser considerados energizados durante o per\u00edodo mencionado. Caso os servi\u00e7os de melhoria sejam conclu\u00eddos antes do hor\u00e1rio indicado o fornecimento de energia el\u00e9trica ser\u00e1 restabelecido.<\/p>\n","protected":false},"excerpt":{"rendered":"<p>A Companhia Energ\u00e9tica de Minas Gerais (Cemig) informa que, visando assegurar a qualidade do servi\u00e7o prestado aos seus clientes, no pr\u00f3ximo s\u00e1bado (18\/10), realizar\u00e1 obra para extens\u00e3o de rede de m\u00e9dia tens\u00e3o e instala\u00e7\u00e3o de um transformador. T\u00e9cnicos e eletricistas estar\u00e3o trabalhando nessa obra que vai tornar a rede mais segura, garantindo uma maior confiabilidade [&hellip;]<\/p>\n","protected":false},"author":1,"featured_media":24001,"comment_status":"open","ping_status":"closed","sticky":false,"template":"","format":"standard","meta":{"amp_status":"","footnotes":""},"categories":[120],"tags":[186,18795],"class_list":["post-42194","post","type-post","status-publish","format-standard","has-post-thumbnail","hentry","category-jequi","tag-aracuai","tag-cemig-realiza-obras-na-rede-eletrica-de-aracuai"],"_links":{"self":[{"href":"https:\/\/aconteceunovale.com.br\/portal\/index.php?rest_route=\/wp\/v2\/posts\/42194","targetHints":{"allow":["GET"]}}],"collection":[{"href":"https:\/\/aconteceunovale.com.br\/portal\/index.php?rest_route=\/wp\/v2\/posts"}],"about":[{"href":"https:\/\/aconteceunovale.com.br\/portal\/index.php?rest_route=\/wp\/v2\/types\/post"}],"author":[{"embeddable":true,"href":"https:\/\/aconteceunovale.com.br\/portal\/index.php?rest_route=\/wp\/v2\/users\/1"}],"replies":[{"embeddable":true,"href":"https:\/\/aconteceunovale.com.br\/portal\/index.php?rest_route=%2Fwp%2Fv2%2Fcomments&post=42194"}],"version-history":[{"count":0,"href":"https:\/\/aconteceunovale.com.br\/portal\/index.php?rest_route=\/wp\/v2\/posts\/42194\/revisions"}],"wp:featuredmedia":[{"embeddable":true,"href":"https:\/\/aconteceunovale.com.br\/portal\/index.php?rest_route=\/wp\/v2\/media\/24001"}],"wp:attachment":[{"href":"https:\/\/aconteceunovale.com.br\/portal\/index.php?rest_route=%2Fwp%2Fv2%2Fmedia&parent=42194"}],"wp:term":[{"taxonomy":"category","embeddable":true,"href":"https:\/\/aconteceunovale.com.br\/portal\/index.php?rest_route=%2Fwp%2Fv2%2Fcategories&post=42194"},{"taxonomy":"post_tag","embeddable":true,"href":"https:\/\/aconteceunovale.com.br\/portal\/index.php?rest_route=%2Fwp%2Fv2%2Ftags&post=42194"}],"curies":[{"name":"wp","href":"https:\/\/api.w.org\/{rel}","templated":true}]}}