{"id":42075,"date":"2014-10-14T11:45:50","date_gmt":"2014-10-14T14:45:50","guid":{"rendered":"http:\/\/aconteceunovale.com.br\/portal\/?p=42075"},"modified":"2014-10-14T11:45:50","modified_gmt":"2014-10-14T14:45:50","slug":"plantao-do-samu-no-norte-de-minas-gerais-13-de-outubro-de-2014","status":"publish","type":"post","link":"https:\/\/aconteceunovale.com.br\/portal\/?p=42075","title":{"rendered":"Plant\u00e3o do Samu no Norte de Minas Gerais &#8211; 13 de outubro de 2014"},"content":{"rendered":"<h4><em><strong>Segunda-feira, 13 de outubro de 2014<\/strong><\/em><\/h4>\n<p>A unidade do SAMU de Montes Claros realizou nesta segunda-feira, 13 de outubro, 41 atendimentos, sendo 31 casos cl\u00ednicos e 10 atendimentos em decorr\u00eancia de acidente de tr\u00e2nsito. <\/p>\n<p>Uma pessoa morreu e cerca de 30 ficaram feridas em um acidente ocorrido por volta das 11 horas desta segunda-feira, 13\/10, na MGC-122, perto de Porteirinha, no Norte de Minas. O ve\u00edculo com 48 passageiros seguia de Bom Jesus da Lapa (BA) para S\u00e3o Jo\u00e3o da Ponte (MG). Testemunhas relatam que o \u00f4nibus seguia atr\u00e1s de uma carreta, ambos no mesmo sentido da via, quando outro caminh\u00e3o, que vinha na pista contr\u00e1ria, tentou fazer uma ultrapassagem. O motorista da carreta freou para evitar a batida, mas teve a traseira atingida pelo condutor do \u00f4nibus, que saiu da pista e foi parar em um canavial. O ve\u00edculo pegou fogo e ficou completamente destru\u00eddo. Dois moradores pr\u00f3ximo do local do acidente, pai e filho, quebraram as janelas com um machado e retiraram as pessoas do ve\u00edculo. As portas travaram e n\u00e3o permitiam a sa\u00edda dos romeiros. A maioria dos romeiros teve ferimentos leves. Oito feridos foram atendidos pelo SAMU e encaminhados aos hospitais de Porteirinha, Jana\u00faba e Mato Verde, estando um deles em estado grave. Os demais foram encaminhados nas ambul\u00e2ncias dos munic\u00edpios pr\u00f3ximos ao local para avalia\u00e7\u00e3o. A carreta que seguia do Nordeste para Montes Claros ficou com a traseira danificada e o motorista Adailton de Oliveira nada sofreu.<\/p>\n<p>Um homem de 25 anos caiu de moto \u00e0s 22 horas, na Avenida Deputado Pl\u00ednio Ribeiro, bairro Jaragu\u00e1 II, em Montes Claros. Ele estava consciente e orientado, apresentando escoria\u00e7\u00f5es na m\u00e3o esquerda e regi\u00e3o dorsal, queixando-se de dor na regi\u00e3o femural, sem sinais de fratura. <\/p>\n<p>\u00c0s 20h15, um menino de 10 anos que transitava de bicicleta na Rua Democrata, bairro Alterosa, ficou ferido ap\u00f3s colidir contra uma motocicleta. Ele apresentava edema na regi\u00e3o posterior da cabe\u00e7a se queixando de dor intensa. <\/p>\n<p>\u00c0s 18h35, uma mulher de 24 anos que transitava de moto na Avenida Dulce Sarmento, bairro Alto S\u00e3o Jo\u00e3o, ficou ferida ap\u00f3s colidir contra um carro. Ela deambulava no local e apresentava escoria\u00e7\u00f5es e dor no bra\u00e7o direito, joelho, tornozelo com edema local.<\/p>\n<p>Duas pessoas ficaram feridas em um acidente envolvendo uma moto e um carro ocorrido \u00e0s 16h14, na MG-653, no Anel Rodovi\u00e1rio. No local, os socorristas do Samu encontraram deambulando um homem de 38 anos que conduzia a moto, apresentando escoria\u00e7\u00f5es nos bra\u00e7os. Uma mulher de 34 anos que estava na garupa da moto, se queixava de dor intensa na perna esquerda e no abdome.<\/p>\n<p>\u00c0s 14h22, um homem de 20 anos que transitava de moto na Rua Olair Pereira de Souza, bairro Vera Cruz, ficou ferido ap\u00f3s colidir contra um carro. Ele apresentava escoria\u00e7\u00f5es na regi\u00e3o anterior do p\u00e9 direito, com movimentos preservados e sem sinal de fratura.<\/p>\n<p>Duas pessoas ficaram feridas em um acidente envolvendo uma moto e uma bicicleta ocorrido \u00e0s 12h18, na BR-365, pr\u00f3ximo ao Posto Abrantes. No local, os socorristas do Samu encontraram deambulando um homem de 62 anos que conduzia a bicicleta, sem queixas, sendo liberado no local ap\u00f3s avalia\u00e7\u00e3o. Um homem de 26 anos, que conduzia a moto, apresentava escoria\u00e7\u00f5es no joelho e no bra\u00e7o esquerdos, se queixando de dor intensa.<\/p>\n<p>Em todas as ocorr\u00eancias os feridos receberam os primeiros atendimentos no local e foram encaminhados ao hospital para avalia\u00e7\u00e3o.<\/p>\n","protected":false},"excerpt":{"rendered":"<p>Segunda-feira, 13 de outubro de 2014 A unidade do SAMU de Montes Claros realizou nesta segunda-feira, 13 de outubro, 41 atendimentos, sendo 31 casos cl\u00ednicos e 10 atendimentos em decorr\u00eancia de acidente de tr\u00e2nsito. Uma pessoa morreu e cerca de 30 ficaram feridas em um acidente ocorrido por volta das 11 horas desta segunda-feira, 13\/10, [&hellip;]<\/p>\n","protected":false},"author":1,"featured_media":37592,"comment_status":"open","ping_status":"closed","sticky":false,"template":"","format":"standard","meta":{"amp_status":"","footnotes":""},"categories":[1236],"tags":[18630,18631,18633,13092,18634,18636,18632,18637,18638,18635,18613,18516,204,1195,18639,1194,18629,2448],"class_list":["post-42075","post","type-post","status-publish","format-standard","has-post-thumbnail","hentry","category-norte_de_minas","tag-acidente-com-romeiros-de-sao-joao-da-monte","tag-acidente-na-avenida-deputado-plinio-ribeiro","tag-acidente-na-rua-democrata","tag-acidente-no-anel-rodoviario-de-montes-claros","tag-acidente-no-bairro-alterosa","tag-acidente-no-bairro-alto-sao-joao","tag-acidente-no-bairro-jaragua-ii","tag-acidente-no-bairro-vera-cruz","tag-acidente-proximo-ao-posto-abrantes","tag-acidentes-em-montes-claros","tag-adailton-de-oliveira","tag-atendimentos-do-samu-no-norte-de-minas","tag-janauba","tag-mato-verde","tag-plantao-do-samu-no-norte-de-minas-gerais-13-de-outubro-de-2014","tag-porteirinha","tag-samu-de-montes-claros","tag-sao-joao-da-ponte"],"_links":{"self":[{"href":"https:\/\/aconteceunovale.com.br\/portal\/index.php?rest_route=\/wp\/v2\/posts\/42075","targetHints":{"allow":["GET"]}}],"collection":[{"href":"https:\/\/aconteceunovale.com.br\/portal\/index.php?rest_route=\/wp\/v2\/posts"}],"about":[{"href":"https:\/\/aconteceunovale.com.br\/portal\/index.php?rest_route=\/wp\/v2\/types\/post"}],"author":[{"embeddable":true,"href":"https:\/\/aconteceunovale.com.br\/portal\/index.php?rest_route=\/wp\/v2\/users\/1"}],"replies":[{"embeddable":true,"href":"https:\/\/aconteceunovale.com.br\/portal\/index.php?rest_route=%2Fwp%2Fv2%2Fcomments&post=42075"}],"version-history":[{"count":0,"href":"https:\/\/aconteceunovale.com.br\/portal\/index.php?rest_route=\/wp\/v2\/posts\/42075\/revisions"}],"wp:featuredmedia":[{"embeddable":true,"href":"https:\/\/aconteceunovale.com.br\/portal\/index.php?rest_route=\/wp\/v2\/media\/37592"}],"wp:attachment":[{"href":"https:\/\/aconteceunovale.com.br\/portal\/index.php?rest_route=%2Fwp%2Fv2%2Fmedia&parent=42075"}],"wp:term":[{"taxonomy":"category","embeddable":true,"href":"https:\/\/aconteceunovale.com.br\/portal\/index.php?rest_route=%2Fwp%2Fv2%2Fcategories&post=42075"},{"taxonomy":"post_tag","embeddable":true,"href":"https:\/\/aconteceunovale.com.br\/portal\/index.php?rest_route=%2Fwp%2Fv2%2Ftags&post=42075"}],"curies":[{"name":"wp","href":"https:\/\/api.w.org\/{rel}","templated":true}]}}