{"id":42069,"date":"2014-10-13T23:40:53","date_gmt":"2014-10-14T02:40:53","guid":{"rendered":"http:\/\/aconteceunovale.com.br\/portal\/?p=42069"},"modified":"2014-10-13T23:40:53","modified_gmt":"2014-10-14T02:40:53","slug":"vereador-de-santana-do-paraiso-sofre-acidente-apos-ingerir-bebida-alcoolica","status":"publish","type":"post","link":"https:\/\/aconteceunovale.com.br\/portal\/?p=42069","title":{"rendered":"Vereador de Santana do Para\u00edso sofre acidente ap\u00f3s ingerir bebida alco\u00f3lica"},"content":{"rendered":"<h4><strong><em>Jair Moraes de Oliveira confessou a pol\u00edcia ter ingerido bebida alco\u00f3lica. Ele teve a habilita\u00e7\u00e3o recolhida e seu ve\u00edculo foi apreendido.<\/em><\/strong><\/h4>\n<p>[image src=&#8221;http:\/\/aconteceunovale.com.br\/portal\/wp-content\/uploads\/2014\/10\/jair_vereador_sp.jpg&#8221; width=&#8221;161&#8243; height=&#8221;225&#8243; lightbox=&#8221;yes&#8221; align=&#8221;left&#8221; float=&#8221;left&#8221;]O vereador da cidade de Santana do Para\u00edso, no Vale do A\u00e7o, Jair Moraes de Oliveira (PR), 62 anos, se envolveu em um acidente na madrugada desta segunda-feira, 13 de outubro, no Bairro Beth\u00e2nia, em Ipatinga. O fato aconteceu por volta de 3h na esquina entre as avenidas Alberto Giovanini e Jos\u00e9 Assis Vasconcelos.<\/p>\n<p>O carro do vereador capotou e quando a pol\u00edcia chegou ao local, o parlamentar ainda estava dentro do ve\u00edculo. Ele disse \u00e0 pol\u00edcia que perdeu o controle da dire\u00e7\u00e3o, chocou-se contra uma \u00e1rvore e capotou. Ainda no local, foi constatado que a v\u00edtima sofreu ferimentos na cabe\u00e7a, joelho e reclamava de ferimentos no t\u00f3rax. Ele foi socorrido e encaminhado a Unidade de Pronto Atendimento (UPA) de Ipatinga, onde foi medicado e liberado.<\/p>\n<p>Jair Morais foi encaminhado \u00e0 delegacia, onde ele foi submetido ao teste do etil\u00f4metro e ficou constatada a embriaguez. O vereador teve sua habilita\u00e7\u00e3o recolhida e o seu ve\u00edculo foi apreendido e encaminhado ao p\u00e1tio da pol\u00edcia.<\/p>\n<p>A fam\u00edlia do vereador Jair Moraes informou que ele n\u00e3o se pronunciaria sobre o assunto. J\u00e1 a assessoria da C\u00e2mara Municipal de Santana do Para\u00edso declarou n\u00e3o ter conhecimento dos fatos em rela\u00e7\u00e3o ao vereador Jair Moraes, e qualquer posicionamento s\u00f3 ser\u00e1 tomado ap\u00f3s se verificar a veracidade dos fatos. (G1)<\/p>\n","protected":false},"excerpt":{"rendered":"<p>Jair Moraes de Oliveira confessou a pol\u00edcia ter ingerido bebida alco\u00f3lica. Ele teve a habilita\u00e7\u00e3o recolhida e seu ve\u00edculo foi apreendido. [image src=&#8221;http:\/\/aconteceunovale.com.br\/portal\/wp-content\/uploads\/2014\/10\/jair_vereador_sp.jpg&#8221; width=&#8221;161&#8243; height=&#8221;225&#8243; lightbox=&#8221;yes&#8221; align=&#8221;left&#8221; float=&#8221;left&#8221;]O vereador da cidade de Santana do Para\u00edso, no Vale do A\u00e7o, Jair Moraes de Oliveira (PR), 62 anos, se envolveu em um acidente na madrugada desta segunda-feira, [&hellip;]<\/p>\n","protected":false},"author":1,"featured_media":42070,"comment_status":"open","ping_status":"closed","sticky":false,"template":"","format":"standard","meta":{"amp_status":"","footnotes":""},"categories":[121],"tags":[18625,18626,201,18627,18624,2101,18623],"class_list":["post-42069","post","type-post","status-publish","format-standard","has-post-thumbnail","hentry","category-leste","tag-acidente-com-jair-morais-de-oliveira","tag-acidente-com-vereador-de-santana-do-paraiso","tag-ipatinga","tag-jair-moraes-de-oliveira","tag-jair-morais-de-oliveira","tag-santana-do-paraiso","tag-vereador-de-santana-do-paraiso-sofre-acidente-apos-ingerir-bebida-alcoolica"],"_links":{"self":[{"href":"https:\/\/aconteceunovale.com.br\/portal\/index.php?rest_route=\/wp\/v2\/posts\/42069","targetHints":{"allow":["GET"]}}],"collection":[{"href":"https:\/\/aconteceunovale.com.br\/portal\/index.php?rest_route=\/wp\/v2\/posts"}],"about":[{"href":"https:\/\/aconteceunovale.com.br\/portal\/index.php?rest_route=\/wp\/v2\/types\/post"}],"author":[{"embeddable":true,"href":"https:\/\/aconteceunovale.com.br\/portal\/index.php?rest_route=\/wp\/v2\/users\/1"}],"replies":[{"embeddable":true,"href":"https:\/\/aconteceunovale.com.br\/portal\/index.php?rest_route=%2Fwp%2Fv2%2Fcomments&post=42069"}],"version-history":[{"count":0,"href":"https:\/\/aconteceunovale.com.br\/portal\/index.php?rest_route=\/wp\/v2\/posts\/42069\/revisions"}],"wp:featuredmedia":[{"embeddable":true,"href":"https:\/\/aconteceunovale.com.br\/portal\/index.php?rest_route=\/wp\/v2\/media\/42070"}],"wp:attachment":[{"href":"https:\/\/aconteceunovale.com.br\/portal\/index.php?rest_route=%2Fwp%2Fv2%2Fmedia&parent=42069"}],"wp:term":[{"taxonomy":"category","embeddable":true,"href":"https:\/\/aconteceunovale.com.br\/portal\/index.php?rest_route=%2Fwp%2Fv2%2Fcategories&post=42069"},{"taxonomy":"post_tag","embeddable":true,"href":"https:\/\/aconteceunovale.com.br\/portal\/index.php?rest_route=%2Fwp%2Fv2%2Ftags&post=42069"}],"curies":[{"name":"wp","href":"https:\/\/api.w.org\/{rel}","templated":true}]}}