{"id":42052,"date":"2014-10-13T21:44:22","date_gmt":"2014-10-14T00:44:22","guid":{"rendered":"http:\/\/aconteceunovale.com.br\/portal\/?p=42052"},"modified":"2014-10-13T21:44:22","modified_gmt":"2014-10-14T00:44:22","slug":"fabrica-de-calcados-e-destruida-por-incendio-em-nova-serrana","status":"publish","type":"post","link":"https:\/\/aconteceunovale.com.br\/portal\/?p=42052","title":{"rendered":"F\u00e1brica de cal\u00e7ados \u00e9 destru\u00edda por inc\u00eandio em Nova Serrana"},"content":{"rendered":"<h4><strong><em>O inc\u00eandio teria se iniciado quando um pequeno curto-circuito lan\u00e7ou uma fa\u00edsca em um recipiente com solvente, um produto altamente inflam\u00e1vel<\/em><\/strong><\/h4>\n<p>Um inc\u00eandio de grandes propor\u00e7\u00f5es destruiu uma f\u00e1brica de cal\u00e7ados, na manh\u00e3 desta segunda-feira, 13 de outubro, na regi\u00e3o central de Nova Serrana, em Minas Gerais. O Corpo de Bombeiros gastou cerca sete horas para conter as chamas.<\/p>\n<p>Segundo funcion\u00e1rios da empresa, quando o inc\u00eandio come\u00e7ou, por volta das 8 horas, eles tiveram que evacuar o galp\u00e3o \u00e0s presas e diversos objetos pessoais, como celulares e documentos, foram destru\u00eddos.<\/p>\n<p><img decoding=\"async\" src=\"http:\/\/aconteceunovale.com.br\/portal\/wp-content\/uploads\/2014\/10\/fabrica_queimada_ns.jpg\" alt=\"\" \/><em>F\u00e1brica de cal\u00e7ados \u00e9 consumida pelo fogo em Nova Serrana &#8211; Foto: O Tempo\/Reprodu\u00e7\u00e3o<\/em><br \/>\n<\/br><\/p>\n<p>Ainda segundo os funcion\u00e1rios, o inc\u00eandio teria se iniciado quando um pequeno curto-circuito lan\u00e7ou uma fa\u00edsca em um recipiente com solvente, um produto altamente inflam\u00e1vel. As chamas sa\u00edram de controle e foi necess\u00e1rio acionar os bombeiros de Divin\u00f3polis para ajudar no combate ao fogo. Ao todo, seis viaturas e 12 homens estiveram empenhados no combate. O galp\u00e3o onde a f\u00e1brica funcionava ficou parcialmente destru\u00eddo. O calor intenso provocou rachaduras nas paredes do galp\u00e3o e o telhado ruiu.<\/p>\n<p>A f\u00e1brica produzia t\u00eanis e sand\u00e1lias utilizando espuma vin\u00edlica acetinada (E.V.A.), um material de f\u00e1cil e r\u00e1pida combust\u00e3o que tamb\u00e9m libera uma fuma\u00e7a altamente t\u00f3xica. O vento espalhou a fuma\u00e7a negra que tomou todo o centro da cidade e que pode ser vista a quil\u00f4metros de dist\u00e2ncia.<\/p>\n<p>Segundo informa\u00e7\u00f5es do Corpo de Bombeiros foram gastos aproximadamente 50 mil litros de \u00e1gua para conter as chamas. At\u00e9 o fechamento desta edi\u00e7\u00e3o n\u00e3o havia informa\u00e7\u00f5es t\u00e9cnicas do Corpo de Bombeiros sobre a estrutura do galp\u00e3o ou se a empresa seria ou n\u00e3o segurada. Todo o maquin\u00e1rio, estoque e material da f\u00e1brica foi destru\u00eddo.<\/p>\n<p><strong><em>(O Tempo)<\/em><\/strong><\/p>\n","protected":false},"excerpt":{"rendered":"<p>O inc\u00eandio teria se iniciado quando um pequeno curto-circuito lan\u00e7ou uma fa\u00edsca em um recipiente com solvente, um produto altamente inflam\u00e1vel Um inc\u00eandio de grandes propor\u00e7\u00f5es destruiu uma f\u00e1brica de cal\u00e7ados, na manh\u00e3 desta segunda-feira, 13 de outubro, na regi\u00e3o central de Nova Serrana, em Minas Gerais. O Corpo de Bombeiros gastou cerca sete horas [&hellip;]<\/p>\n","protected":false},"author":1,"featured_media":42053,"comment_status":"open","ping_status":"closed","sticky":false,"template":"","format":"standard","meta":{"amp_status":"","footnotes":""},"categories":[123],"tags":[1018,199,18605,18606,1515],"class_list":["post-42052","post","type-post","status-publish","format-standard","has-post-thumbnail","hentry","category-gerais","tag-destaque","tag-divinopolis","tag-fabrica-de-calcados-e-consumida-pelo-fogo-em-nova-serrana","tag-fabrica-de-calcados-e-destruida-por-incendio-em-nova-serrana","tag-nova-serrana"],"yoast_head":"<!-- This site is optimized with the Yoast SEO plugin v28.3 - https:\/\/yoast.com\/product\/yoast-seo-wordpress\/ -->\n<title>F\u00e1brica de cal\u00e7ados \u00e9 destru\u00edda por inc\u00eandio em Nova Serrana - Aconteceu no Vale<\/title>\n<meta name=\"robots\" content=\"index, follow, max-snippet:-1, max-image-preview:large, max-video-preview:-1\" \/>\n<link rel=\"canonical\" href=\"https:\/\/aconteceunovale.com.br\/portal\/?p=42052\" \/>\n<meta property=\"og:locale\" content=\"pt_BR\" \/>\n<meta property=\"og:type\" content=\"article\" \/>\n<meta property=\"og:title\" content=\"F\u00e1brica de cal\u00e7ados \u00e9 destru\u00edda por inc\u00eandio em Nova Serrana - Aconteceu no Vale\" \/>\n<meta property=\"og:description\" content=\"O inc\u00eandio teria se iniciado quando um pequeno curto-circuito lan\u00e7ou uma fa\u00edsca em um recipiente com solvente, um produto altamente inflam\u00e1vel Um inc\u00eandio de grandes propor\u00e7\u00f5es destruiu uma f\u00e1brica de cal\u00e7ados, na manh\u00e3 desta segunda-feira, 13 de outubro, na regi\u00e3o central de Nova Serrana, em Minas Gerais. O Corpo de Bombeiros gastou cerca sete horas [&hellip;]\" \/>\n<meta property=\"og:url\" content=\"https:\/\/aconteceunovale.com.br\/portal\/?p=42052\" \/>\n<meta property=\"og:site_name\" content=\"Aconteceu no Vale\" \/>\n<meta property=\"article:publisher\" content=\"https:\/\/www.facebook.com\/aconteceunovale\/\" \/>\n<meta property=\"article:published_time\" content=\"2014-10-14T00:44:22+00:00\" \/>\n<meta property=\"og:image\" content=\"https:\/\/aconteceunovale.com.br\/portal\/wp-content\/uploads\/2014\/10\/fabrica_queimada_ns.jpg\" \/>\n\t<meta property=\"og:image:width\" content=\"620\" \/>\n\t<meta property=\"og:image:height\" content=\"413\" \/>\n\t<meta property=\"og:image:type\" content=\"image\/jpeg\" \/>\n<meta name=\"author\" content=\"Aconteceu no Vale\" \/>\n<meta name=\"twitter:card\" content=\"summary_large_image\" \/>\n<meta name=\"twitter:creator\" content=\"@noticiadosvales\" \/>\n<meta name=\"twitter:site\" content=\"@noticiadosvales\" \/>\n<meta name=\"twitter:label1\" content=\"Escrito por\" \/>\n\t<meta name=\"twitter:data1\" content=\"Aconteceu no Vale\" \/>\n\t<meta name=\"twitter:label2\" content=\"Est. tempo de leitura\" \/>\n\t<meta name=\"twitter:data2\" content=\"2 minutos\" \/>\n<script type=\"application\/ld+json\" class=\"yoast-schema-graph\">{\"@context\":\"https:\\\/\\\/schema.org\",\"@graph\":[{\"@type\":\"Article\",\"@id\":\"https:\\\/\\\/aconteceunovale.com.br\\\/portal\\\/?p=42052#article\",\"isPartOf\":{\"@id\":\"https:\\\/\\\/aconteceunovale.com.br\\\/portal\\\/?p=42052\"},\"author\":{\"name\":\"Aconteceu no Vale\",\"@id\":\"https:\\\/\\\/aconteceunovale.com.br\\\/portal\\\/#\\\/schema\\\/person\\\/633529146f2c94272bef50ac2953d589\"},\"headline\":\"F\u00e1brica de cal\u00e7ados \u00e9 destru\u00edda por inc\u00eandio em Nova Serrana\",\"datePublished\":\"2014-10-14T00:44:22+00:00\",\"mainEntityOfPage\":{\"@id\":\"https:\\\/\\\/aconteceunovale.com.br\\\/portal\\\/?p=42052\"},\"wordCount\":347,\"commentCount\":0,\"image\":{\"@id\":\"https:\\\/\\\/aconteceunovale.com.br\\\/portal\\\/?p=42052#primaryimage\"},\"thumbnailUrl\":\"https:\\\/\\\/aconteceunovale.com.br\\\/portal\\\/wp-content\\\/uploads\\\/2014\\\/10\\\/fabrica_queimada_ns.jpg\",\"keywords\":[\"destaque\",\"Divin\u00f3polis\",\"F\u00e1brica de cal\u00e7ados \u00e9 consumida pelo fogo em Nova Serrana\",\"F\u00e1brica de cal\u00e7ados \u00e9 destru\u00edda por inc\u00eandio em Nova Serrana\",\"Nova Serrana\"],\"articleSection\":[\"Minas Gerais\"],\"inLanguage\":\"pt-BR\",\"potentialAction\":[{\"@type\":\"CommentAction\",\"name\":\"Comment\",\"target\":[\"https:\\\/\\\/aconteceunovale.com.br\\\/portal\\\/?p=42052#respond\"]}]},{\"@type\":\"WebPage\",\"@id\":\"https:\\\/\\\/aconteceunovale.com.br\\\/portal\\\/?p=42052\",\"url\":\"https:\\\/\\\/aconteceunovale.com.br\\\/portal\\\/?p=42052\",\"name\":\"F\u00e1brica de cal\u00e7ados \u00e9 destru\u00edda por inc\u00eandio em Nova Serrana - Aconteceu no Vale\",\"isPartOf\":{\"@id\":\"https:\\\/\\\/aconteceunovale.com.br\\\/portal\\\/#website\"},\"primaryImageOfPage\":{\"@id\":\"https:\\\/\\\/aconteceunovale.com.br\\\/portal\\\/?p=42052#primaryimage\"},\"image\":{\"@id\":\"https:\\\/\\\/aconteceunovale.com.br\\\/portal\\\/?p=42052#primaryimage\"},\"thumbnailUrl\":\"https:\\\/\\\/aconteceunovale.com.br\\\/portal\\\/wp-content\\\/uploads\\\/2014\\\/10\\\/fabrica_queimada_ns.jpg\",\"datePublished\":\"2014-10-14T00:44:22+00:00\",\"author\":{\"@id\":\"https:\\\/\\\/aconteceunovale.com.br\\\/portal\\\/#\\\/schema\\\/person\\\/633529146f2c94272bef50ac2953d589\"},\"breadcrumb\":{\"@id\":\"https:\\\/\\\/aconteceunovale.com.br\\\/portal\\\/?p=42052#breadcrumb\"},\"inLanguage\":\"pt-BR\",\"potentialAction\":[{\"@type\":\"ReadAction\",\"target\":[\"https:\\\/\\\/aconteceunovale.com.br\\\/portal\\\/?p=42052\"]}]},{\"@type\":\"ImageObject\",\"inLanguage\":\"pt-BR\",\"@id\":\"https:\\\/\\\/aconteceunovale.com.br\\\/portal\\\/?p=42052#primaryimage\",\"url\":\"https:\\\/\\\/aconteceunovale.com.br\\\/portal\\\/wp-content\\\/uploads\\\/2014\\\/10\\\/fabrica_queimada_ns.jpg\",\"contentUrl\":\"https:\\\/\\\/aconteceunovale.com.br\\\/portal\\\/wp-content\\\/uploads\\\/2014\\\/10\\\/fabrica_queimada_ns.jpg\",\"width\":620,\"height\":413},{\"@type\":\"BreadcrumbList\",\"@id\":\"https:\\\/\\\/aconteceunovale.com.br\\\/portal\\\/?p=42052#breadcrumb\",\"itemListElement\":[{\"@type\":\"ListItem\",\"position\":1,\"name\":\"In\u00edcio\",\"item\":\"https:\\\/\\\/aconteceunovale.com.br\\\/portal\\\/\"},{\"@type\":\"ListItem\",\"position\":2,\"name\":\"F\u00e1brica de cal\u00e7ados \u00e9 destru\u00edda por inc\u00eandio em Nova Serrana\"}]},{\"@type\":\"WebSite\",\"@id\":\"https:\\\/\\\/aconteceunovale.com.br\\\/portal\\\/#website\",\"url\":\"https:\\\/\\\/aconteceunovale.com.br\\\/portal\\\/\",\"name\":\"Aconteceu no Vale\",\"description\":\"Portal de Not\u00edcias\",\"potentialAction\":[{\"@type\":\"SearchAction\",\"target\":{\"@type\":\"EntryPoint\",\"urlTemplate\":\"https:\\\/\\\/aconteceunovale.com.br\\\/portal\\\/?s={search_term_string}\"},\"query-input\":{\"@type\":\"PropertyValueSpecification\",\"valueRequired\":true,\"valueName\":\"search_term_string\"}}],\"inLanguage\":\"pt-BR\"},{\"@type\":\"Person\",\"@id\":\"https:\\\/\\\/aconteceunovale.com.br\\\/portal\\\/#\\\/schema\\\/person\\\/633529146f2c94272bef50ac2953d589\",\"name\":\"Aconteceu no Vale\",\"description\":\"Equipe de reportagem do Aconteceu no Vale, portal de not\u00edcias do Vale do Jequitinhonha, em Minas Gerais. Cobrimos as 51 cidades do Vale desde 2013. Sugest\u00f5es de pauta e pedidos de corre\u00e7\u00e3o: contato@aconteceunovale.com.br\",\"sameAs\":[\"http:\\\/\\\/www.aconteceunovale.com.br\"],\"url\":\"https:\\\/\\\/aconteceunovale.com.br\\\/portal\\\/?author=1\"}]}<\/script>\n<!-- \/ Yoast SEO plugin. -->","yoast_head_json":{"title":"F\u00e1brica de cal\u00e7ados \u00e9 destru\u00edda por inc\u00eandio em Nova Serrana - Aconteceu no Vale","robots":{"index":"index","follow":"follow","max-snippet":"max-snippet:-1","max-image-preview":"max-image-preview:large","max-video-preview":"max-video-preview:-1"},"canonical":"https:\/\/aconteceunovale.com.br\/portal\/?p=42052","og_locale":"pt_BR","og_type":"article","og_title":"F\u00e1brica de cal\u00e7ados \u00e9 destru\u00edda por inc\u00eandio em Nova Serrana - Aconteceu no Vale","og_description":"O inc\u00eandio teria se iniciado quando um pequeno curto-circuito lan\u00e7ou uma fa\u00edsca em um recipiente com solvente, um produto altamente inflam\u00e1vel Um inc\u00eandio de grandes propor\u00e7\u00f5es destruiu uma f\u00e1brica de cal\u00e7ados, na manh\u00e3 desta segunda-feira, 13 de outubro, na regi\u00e3o central de Nova Serrana, em Minas Gerais. O Corpo de Bombeiros gastou cerca sete horas [&hellip;]","og_url":"https:\/\/aconteceunovale.com.br\/portal\/?p=42052","og_site_name":"Aconteceu no Vale","article_publisher":"https:\/\/www.facebook.com\/aconteceunovale\/","article_published_time":"2014-10-14T00:44:22+00:00","og_image":[{"width":620,"height":413,"url":"https:\/\/aconteceunovale.com.br\/portal\/wp-content\/uploads\/2014\/10\/fabrica_queimada_ns.jpg","type":"image\/jpeg"}],"author":"Aconteceu no Vale","twitter_card":"summary_large_image","twitter_creator":"@noticiadosvales","twitter_site":"@noticiadosvales","twitter_misc":{"Escrito por":"Aconteceu no Vale","Est. tempo de leitura":"2 minutos"},"schema":{"@context":"https:\/\/schema.org","@graph":[{"@type":"Article","@id":"https:\/\/aconteceunovale.com.br\/portal\/?p=42052#article","isPartOf":{"@id":"https:\/\/aconteceunovale.com.br\/portal\/?p=42052"},"author":{"name":"Aconteceu no Vale","@id":"https:\/\/aconteceunovale.com.br\/portal\/#\/schema\/person\/633529146f2c94272bef50ac2953d589"},"headline":"F\u00e1brica de cal\u00e7ados \u00e9 destru\u00edda por inc\u00eandio em Nova Serrana","datePublished":"2014-10-14T00:44:22+00:00","mainEntityOfPage":{"@id":"https:\/\/aconteceunovale.com.br\/portal\/?p=42052"},"wordCount":347,"commentCount":0,"image":{"@id":"https:\/\/aconteceunovale.com.br\/portal\/?p=42052#primaryimage"},"thumbnailUrl":"https:\/\/aconteceunovale.com.br\/portal\/wp-content\/uploads\/2014\/10\/fabrica_queimada_ns.jpg","keywords":["destaque","Divin\u00f3polis","F\u00e1brica de cal\u00e7ados \u00e9 consumida pelo fogo em Nova Serrana","F\u00e1brica de cal\u00e7ados \u00e9 destru\u00edda por inc\u00eandio em Nova Serrana","Nova Serrana"],"articleSection":["Minas Gerais"],"inLanguage":"pt-BR","potentialAction":[{"@type":"CommentAction","name":"Comment","target":["https:\/\/aconteceunovale.com.br\/portal\/?p=42052#respond"]}]},{"@type":"WebPage","@id":"https:\/\/aconteceunovale.com.br\/portal\/?p=42052","url":"https:\/\/aconteceunovale.com.br\/portal\/?p=42052","name":"F\u00e1brica de cal\u00e7ados \u00e9 destru\u00edda por inc\u00eandio em Nova Serrana - Aconteceu no Vale","isPartOf":{"@id":"https:\/\/aconteceunovale.com.br\/portal\/#website"},"primaryImageOfPage":{"@id":"https:\/\/aconteceunovale.com.br\/portal\/?p=42052#primaryimage"},"image":{"@id":"https:\/\/aconteceunovale.com.br\/portal\/?p=42052#primaryimage"},"thumbnailUrl":"https:\/\/aconteceunovale.com.br\/portal\/wp-content\/uploads\/2014\/10\/fabrica_queimada_ns.jpg","datePublished":"2014-10-14T00:44:22+00:00","author":{"@id":"https:\/\/aconteceunovale.com.br\/portal\/#\/schema\/person\/633529146f2c94272bef50ac2953d589"},"breadcrumb":{"@id":"https:\/\/aconteceunovale.com.br\/portal\/?p=42052#breadcrumb"},"inLanguage":"pt-BR","potentialAction":[{"@type":"ReadAction","target":["https:\/\/aconteceunovale.com.br\/portal\/?p=42052"]}]},{"@type":"ImageObject","inLanguage":"pt-BR","@id":"https:\/\/aconteceunovale.com.br\/portal\/?p=42052#primaryimage","url":"https:\/\/aconteceunovale.com.br\/portal\/wp-content\/uploads\/2014\/10\/fabrica_queimada_ns.jpg","contentUrl":"https:\/\/aconteceunovale.com.br\/portal\/wp-content\/uploads\/2014\/10\/fabrica_queimada_ns.jpg","width":620,"height":413},{"@type":"BreadcrumbList","@id":"https:\/\/aconteceunovale.com.br\/portal\/?p=42052#breadcrumb","itemListElement":[{"@type":"ListItem","position":1,"name":"In\u00edcio","item":"https:\/\/aconteceunovale.com.br\/portal\/"},{"@type":"ListItem","position":2,"name":"F\u00e1brica de cal\u00e7ados \u00e9 destru\u00edda por inc\u00eandio em Nova Serrana"}]},{"@type":"WebSite","@id":"https:\/\/aconteceunovale.com.br\/portal\/#website","url":"https:\/\/aconteceunovale.com.br\/portal\/","name":"Aconteceu no Vale","description":"Portal de Not\u00edcias","potentialAction":[{"@type":"SearchAction","target":{"@type":"EntryPoint","urlTemplate":"https:\/\/aconteceunovale.com.br\/portal\/?s={search_term_string}"},"query-input":{"@type":"PropertyValueSpecification","valueRequired":true,"valueName":"search_term_string"}}],"inLanguage":"pt-BR"},{"@type":"Person","@id":"https:\/\/aconteceunovale.com.br\/portal\/#\/schema\/person\/633529146f2c94272bef50ac2953d589","name":"Aconteceu no Vale","description":"Equipe de reportagem do Aconteceu no Vale, portal de not\u00edcias do Vale do Jequitinhonha, em Minas Gerais. Cobrimos as 51 cidades do Vale desde 2013. Sugest\u00f5es de pauta e pedidos de corre\u00e7\u00e3o: contato@aconteceunovale.com.br","sameAs":["http:\/\/www.aconteceunovale.com.br"],"url":"https:\/\/aconteceunovale.com.br\/portal\/?author=1"}]}},"_links":{"self":[{"href":"https:\/\/aconteceunovale.com.br\/portal\/index.php?rest_route=\/wp\/v2\/posts\/42052","targetHints":{"allow":["GET"]}}],"collection":[{"href":"https:\/\/aconteceunovale.com.br\/portal\/index.php?rest_route=\/wp\/v2\/posts"}],"about":[{"href":"https:\/\/aconteceunovale.com.br\/portal\/index.php?rest_route=\/wp\/v2\/types\/post"}],"author":[{"embeddable":true,"href":"https:\/\/aconteceunovale.com.br\/portal\/index.php?rest_route=\/wp\/v2\/users\/1"}],"replies":[{"embeddable":true,"href":"https:\/\/aconteceunovale.com.br\/portal\/index.php?rest_route=%2Fwp%2Fv2%2Fcomments&post=42052"}],"version-history":[{"count":0,"href":"https:\/\/aconteceunovale.com.br\/portal\/index.php?rest_route=\/wp\/v2\/posts\/42052\/revisions"}],"wp:featuredmedia":[{"embeddable":true,"href":"https:\/\/aconteceunovale.com.br\/portal\/index.php?rest_route=\/wp\/v2\/media\/42053"}],"wp:attachment":[{"href":"https:\/\/aconteceunovale.com.br\/portal\/index.php?rest_route=%2Fwp%2Fv2%2Fmedia&parent=42052"}],"wp:term":[{"taxonomy":"category","embeddable":true,"href":"https:\/\/aconteceunovale.com.br\/portal\/index.php?rest_route=%2Fwp%2Fv2%2Fcategories&post=42052"},{"taxonomy":"post_tag","embeddable":true,"href":"https:\/\/aconteceunovale.com.br\/portal\/index.php?rest_route=%2Fwp%2Fv2%2Ftags&post=42052"}],"curies":[{"name":"wp","href":"https:\/\/api.w.org\/{rel}","templated":true}]}}