{"id":42046,"date":"2014-10-13T21:14:09","date_gmt":"2014-10-14T00:14:09","guid":{"rendered":"http:\/\/aconteceunovale.com.br\/portal\/?p=42046"},"modified":"2014-10-13T21:16:31","modified_gmt":"2014-10-14T00:16:31","slug":"policia-prende-suspeito-de-matar-pai-e-filho-em-acidente-na-cidade-de-inhapim","status":"publish","type":"post","link":"https:\/\/aconteceunovale.com.br\/portal\/?p=42046","title":{"rendered":"Pol\u00edcia prende suspeito de matar pai e filho em acidente na cidade de Inhapim"},"content":{"rendered":"<p>O jovem Vitor de Souza Lima, de 18 anos, est\u00e1 detido no Pres\u00eddio de Inhapim. Na semana passada, ele se apresentou \u00e0 Pol\u00edcia Civil e foi surpreendido por um mandado de pris\u00e3o tempor\u00e1ria. Vitor \u00e9 suspeito de fugir da Pol\u00edcia Militar e provocar um acidente que matou pai e filho, no \u00faltimo dia 04, no bairro Santo Ant\u00f4nio. <\/p>\n<p>Diogo Bastos, delegado que colheu o depoimento de Vitor, afirmou que ele \u00e9 inabilitado. &#8220;Ele alegou que fugiu da pol\u00edcia porque tinha medo, j\u00e1 que estava sem habilita\u00e7\u00e3o. Ele falou que estava muito assustado e n\u00e3o sabia se estava r\u00e1pido ou em m\u00e9dia velocidade. Na verdade, ele n\u00e3o soube precisar em que velocidade estava&#8221;, disse o delegado. <\/p>\n<p><img decoding=\"async\" src=\"http:\/\/aconteceunovale.com.br\/portal\/wp-content\/uploads\/2014\/10\/presidio_de_inhapim.jpg\" alt=\"\" \/><em>Suspeito do crime est\u00e1 detido no pres\u00eddio de Inhapim &#8211; Foto: Super Canal<\/em><br \/>\n<\/br><\/p>\n<p>Segundo o delegado respons\u00e1vel pelas investiga\u00e7\u00f5es, s\u00f3 o laudo poder\u00e1 apontar a velocidade que o suspeito estava. O vigia Francisco Marcos de Souza, de 43 anos, e o armazenista Michael Vieira de Souza, de 22 anos, foram sepultados no dia 06 de outubro. Pai e filho morreram ap\u00f3s a moto que eles estavam bater de frente com uma picape Strada que era dirigida por Vitor. <\/p>\n<p>Michael havia ido buscar o pai dele no trabalho. Quando os dois seguiam para o bairro Santo Ant\u00f4nio, Vitor, que estaria em alta velocidade, teria os atingido. Logo ap\u00f3s, o suspeito teria abandonado o local do acidente e fugido. &#8220;Agora n\u00f3s estamos evoluindo as investiga\u00e7\u00f5es e vamos finalizar o caso em aproximadamente 30 dias, e remeter a investiga\u00e7\u00e3o \u00e0 Justi\u00e7a&#8221;, afirmou o delegado. <\/p>\n<p>Com a batida, a moto foi parar fora da via p\u00fablica em meio a um matagal. De acordo com informa\u00e7\u00f5es de terceiros, que foram repassadas \u00e0 PM, antes de empreender fuga em dire\u00e7\u00e3o ao Centro de Inhapim, o suspeito estaria fazendo uso de bebida alco\u00f3lica, no bairro Santo Ant\u00f4nio. <\/p>\n<p>Conforme o delegado, o suspeito negou que tivesse ingerido \u00e1lcool. Com a conclus\u00e3o do inqu\u00e9rito, o suspeito pode responder pelo crime de homic\u00eddio doloso, j\u00e1 que teria assumido o risco de matar ao dirigir em alta velocidade. &#8220;A Pol\u00edcia Civil entendeu que as circunst\u00e2ncias eram t\u00e3o desfavor\u00e1veis que, ele assumiu o risco de produzir o resultado. Portanto, o fato de ele estar dirigindo sem habilita\u00e7\u00e3o e fugindo da pol\u00edcia em alta velocidade, fez com que o mesmo, diante dessas circunst\u00e2ncias, continuasse agindo ou dirigindo o ve\u00edculo, assumindo o risco do resultado morte&#8221;, explicou o delegado.<\/p>\n<p><em><strong>(Super Canal de Caratinga)<\/strong><\/em><\/p>\n","protected":false},"excerpt":{"rendered":"<p>O jovem Vitor de Souza Lima, de 18 anos, est\u00e1 detido no Pres\u00eddio de Inhapim. Na semana passada, ele se apresentou \u00e0 Pol\u00edcia Civil e foi surpreendido por um mandado de pris\u00e3o tempor\u00e1ria. Vitor \u00e9 suspeito de fugir da Pol\u00edcia Militar e provocar um acidente que matou pai e filho, no \u00faltimo dia 04, no [&hellip;]<\/p>\n","protected":false},"author":1,"featured_media":42047,"comment_status":"open","ping_status":"closed","sticky":false,"template":"","format":"standard","meta":{"amp_status":"","footnotes":""},"categories":[121],"tags":[17314,296,17313,18603,17312],"class_list":["post-42046","post","type-post","status-publish","format-standard","has-post-thumbnail","hentry","category-leste","tag-francisco-marcos-de-souza","tag-inhapim","tag-michael-vieira-de-souza","tag-policia-prende-suspeito-de-matar-pai-e-filho-em-acidente-na-cidade-de-inhapim","tag-vitor-de-souza-lima"],"yoast_head":"<!-- This site is optimized with the Yoast SEO plugin v28.3 - https:\/\/yoast.com\/product\/yoast-seo-wordpress\/ -->\n<title>Pol\u00edcia prende suspeito de matar pai e filho em acidente na cidade de Inhapim - Aconteceu no Vale<\/title>\n<meta name=\"robots\" content=\"index, follow, max-snippet:-1, max-image-preview:large, max-video-preview:-1\" \/>\n<link rel=\"canonical\" href=\"https:\/\/aconteceunovale.com.br\/portal\/?p=42046\" \/>\n<meta property=\"og:locale\" content=\"pt_BR\" \/>\n<meta property=\"og:type\" content=\"article\" \/>\n<meta property=\"og:title\" content=\"Pol\u00edcia prende suspeito de matar pai e filho em acidente na cidade de Inhapim - Aconteceu no Vale\" \/>\n<meta property=\"og:description\" content=\"O jovem Vitor de Souza Lima, de 18 anos, est\u00e1 detido no Pres\u00eddio de Inhapim. Na semana passada, ele se apresentou \u00e0 Pol\u00edcia Civil e foi surpreendido por um mandado de pris\u00e3o tempor\u00e1ria. Vitor \u00e9 suspeito de fugir da Pol\u00edcia Militar e provocar um acidente que matou pai e filho, no \u00faltimo dia 04, no [&hellip;]\" \/>\n<meta property=\"og:url\" content=\"https:\/\/aconteceunovale.com.br\/portal\/?p=42046\" \/>\n<meta property=\"og:site_name\" content=\"Aconteceu no Vale\" \/>\n<meta property=\"article:publisher\" content=\"https:\/\/www.facebook.com\/aconteceunovale\/\" \/>\n<meta property=\"article:published_time\" content=\"2014-10-14T00:14:09+00:00\" \/>\n<meta property=\"article:modified_time\" content=\"2014-10-14T00:16:31+00:00\" \/>\n<meta property=\"og:image\" content=\"https:\/\/aconteceunovale.com.br\/portal\/wp-content\/uploads\/2014\/10\/presidio_de_inhapim.jpg\" \/>\n\t<meta property=\"og:image:width\" content=\"640\" \/>\n\t<meta property=\"og:image:height\" content=\"400\" \/>\n\t<meta property=\"og:image:type\" content=\"image\/jpeg\" \/>\n<meta name=\"author\" content=\"Aconteceu no Vale\" \/>\n<meta name=\"twitter:card\" content=\"summary_large_image\" \/>\n<meta name=\"twitter:creator\" content=\"@noticiadosvales\" \/>\n<meta name=\"twitter:site\" content=\"@noticiadosvales\" \/>\n<meta name=\"twitter:label1\" content=\"Escrito por\" \/>\n\t<meta name=\"twitter:data1\" content=\"Aconteceu no Vale\" \/>\n\t<meta name=\"twitter:label2\" content=\"Est. tempo de leitura\" \/>\n\t<meta name=\"twitter:data2\" content=\"2 minutos\" \/>\n<script type=\"application\/ld+json\" class=\"yoast-schema-graph\">{\"@context\":\"https:\\\/\\\/schema.org\",\"@graph\":[{\"@type\":\"Article\",\"@id\":\"https:\\\/\\\/aconteceunovale.com.br\\\/portal\\\/?p=42046#article\",\"isPartOf\":{\"@id\":\"https:\\\/\\\/aconteceunovale.com.br\\\/portal\\\/?p=42046\"},\"author\":{\"name\":\"Aconteceu no Vale\",\"@id\":\"https:\\\/\\\/aconteceunovale.com.br\\\/portal\\\/#\\\/schema\\\/person\\\/633529146f2c94272bef50ac2953d589\"},\"headline\":\"Pol\u00edcia prende suspeito de matar pai e filho em acidente na cidade de Inhapim\",\"datePublished\":\"2014-10-14T00:14:09+00:00\",\"dateModified\":\"2014-10-14T00:16:31+00:00\",\"mainEntityOfPage\":{\"@id\":\"https:\\\/\\\/aconteceunovale.com.br\\\/portal\\\/?p=42046\"},\"wordCount\":446,\"commentCount\":0,\"image\":{\"@id\":\"https:\\\/\\\/aconteceunovale.com.br\\\/portal\\\/?p=42046#primaryimage\"},\"thumbnailUrl\":\"https:\\\/\\\/aconteceunovale.com.br\\\/portal\\\/wp-content\\\/uploads\\\/2014\\\/10\\\/presidio_de_inhapim.jpg\",\"keywords\":[\"Francisco Marcos de Souza\",\"Inhapim\",\"Michael Vieira de Souza\",\"Pol\u00edcia prende suspeito de matar pai e filho em acidente na cidade de Inhapim\",\"Vitor de Souza Lima\"],\"articleSection\":[\"Leste de Minas\"],\"inLanguage\":\"pt-BR\",\"potentialAction\":[{\"@type\":\"CommentAction\",\"name\":\"Comment\",\"target\":[\"https:\\\/\\\/aconteceunovale.com.br\\\/portal\\\/?p=42046#respond\"]}]},{\"@type\":\"WebPage\",\"@id\":\"https:\\\/\\\/aconteceunovale.com.br\\\/portal\\\/?p=42046\",\"url\":\"https:\\\/\\\/aconteceunovale.com.br\\\/portal\\\/?p=42046\",\"name\":\"Pol\u00edcia prende suspeito de matar pai e filho em acidente na cidade de Inhapim - Aconteceu no Vale\",\"isPartOf\":{\"@id\":\"https:\\\/\\\/aconteceunovale.com.br\\\/portal\\\/#website\"},\"primaryImageOfPage\":{\"@id\":\"https:\\\/\\\/aconteceunovale.com.br\\\/portal\\\/?p=42046#primaryimage\"},\"image\":{\"@id\":\"https:\\\/\\\/aconteceunovale.com.br\\\/portal\\\/?p=42046#primaryimage\"},\"thumbnailUrl\":\"https:\\\/\\\/aconteceunovale.com.br\\\/portal\\\/wp-content\\\/uploads\\\/2014\\\/10\\\/presidio_de_inhapim.jpg\",\"datePublished\":\"2014-10-14T00:14:09+00:00\",\"dateModified\":\"2014-10-14T00:16:31+00:00\",\"author\":{\"@id\":\"https:\\\/\\\/aconteceunovale.com.br\\\/portal\\\/#\\\/schema\\\/person\\\/633529146f2c94272bef50ac2953d589\"},\"breadcrumb\":{\"@id\":\"https:\\\/\\\/aconteceunovale.com.br\\\/portal\\\/?p=42046#breadcrumb\"},\"inLanguage\":\"pt-BR\",\"potentialAction\":[{\"@type\":\"ReadAction\",\"target\":[\"https:\\\/\\\/aconteceunovale.com.br\\\/portal\\\/?p=42046\"]}]},{\"@type\":\"ImageObject\",\"inLanguage\":\"pt-BR\",\"@id\":\"https:\\\/\\\/aconteceunovale.com.br\\\/portal\\\/?p=42046#primaryimage\",\"url\":\"https:\\\/\\\/aconteceunovale.com.br\\\/portal\\\/wp-content\\\/uploads\\\/2014\\\/10\\\/presidio_de_inhapim.jpg\",\"contentUrl\":\"https:\\\/\\\/aconteceunovale.com.br\\\/portal\\\/wp-content\\\/uploads\\\/2014\\\/10\\\/presidio_de_inhapim.jpg\",\"width\":640,\"height\":400},{\"@type\":\"BreadcrumbList\",\"@id\":\"https:\\\/\\\/aconteceunovale.com.br\\\/portal\\\/?p=42046#breadcrumb\",\"itemListElement\":[{\"@type\":\"ListItem\",\"position\":1,\"name\":\"In\u00edcio\",\"item\":\"https:\\\/\\\/aconteceunovale.com.br\\\/portal\\\/\"},{\"@type\":\"ListItem\",\"position\":2,\"name\":\"Pol\u00edcia prende suspeito de matar pai e filho em acidente na cidade de Inhapim\"}]},{\"@type\":\"WebSite\",\"@id\":\"https:\\\/\\\/aconteceunovale.com.br\\\/portal\\\/#website\",\"url\":\"https:\\\/\\\/aconteceunovale.com.br\\\/portal\\\/\",\"name\":\"Aconteceu no Vale\",\"description\":\"Portal de Not\u00edcias\",\"potentialAction\":[{\"@type\":\"SearchAction\",\"target\":{\"@type\":\"EntryPoint\",\"urlTemplate\":\"https:\\\/\\\/aconteceunovale.com.br\\\/portal\\\/?s={search_term_string}\"},\"query-input\":{\"@type\":\"PropertyValueSpecification\",\"valueRequired\":true,\"valueName\":\"search_term_string\"}}],\"inLanguage\":\"pt-BR\"},{\"@type\":\"Person\",\"@id\":\"https:\\\/\\\/aconteceunovale.com.br\\\/portal\\\/#\\\/schema\\\/person\\\/633529146f2c94272bef50ac2953d589\",\"name\":\"Aconteceu no Vale\",\"description\":\"Equipe de reportagem do Aconteceu no Vale, portal de not\u00edcias do Vale do Jequitinhonha, em Minas Gerais. Cobrimos as 51 cidades do Vale desde 2013. Sugest\u00f5es de pauta e pedidos de corre\u00e7\u00e3o: contato@aconteceunovale.com.br\",\"sameAs\":[\"http:\\\/\\\/www.aconteceunovale.com.br\"],\"url\":\"https:\\\/\\\/aconteceunovale.com.br\\\/portal\\\/?author=1\"}]}<\/script>\n<!-- \/ Yoast SEO plugin. -->","yoast_head_json":{"title":"Pol\u00edcia prende suspeito de matar pai e filho em acidente na cidade de Inhapim - Aconteceu no Vale","robots":{"index":"index","follow":"follow","max-snippet":"max-snippet:-1","max-image-preview":"max-image-preview:large","max-video-preview":"max-video-preview:-1"},"canonical":"https:\/\/aconteceunovale.com.br\/portal\/?p=42046","og_locale":"pt_BR","og_type":"article","og_title":"Pol\u00edcia prende suspeito de matar pai e filho em acidente na cidade de Inhapim - Aconteceu no Vale","og_description":"O jovem Vitor de Souza Lima, de 18 anos, est\u00e1 detido no Pres\u00eddio de Inhapim. Na semana passada, ele se apresentou \u00e0 Pol\u00edcia Civil e foi surpreendido por um mandado de pris\u00e3o tempor\u00e1ria. Vitor \u00e9 suspeito de fugir da Pol\u00edcia Militar e provocar um acidente que matou pai e filho, no \u00faltimo dia 04, no [&hellip;]","og_url":"https:\/\/aconteceunovale.com.br\/portal\/?p=42046","og_site_name":"Aconteceu no Vale","article_publisher":"https:\/\/www.facebook.com\/aconteceunovale\/","article_published_time":"2014-10-14T00:14:09+00:00","article_modified_time":"2014-10-14T00:16:31+00:00","og_image":[{"width":640,"height":400,"url":"https:\/\/aconteceunovale.com.br\/portal\/wp-content\/uploads\/2014\/10\/presidio_de_inhapim.jpg","type":"image\/jpeg"}],"author":"Aconteceu no Vale","twitter_card":"summary_large_image","twitter_creator":"@noticiadosvales","twitter_site":"@noticiadosvales","twitter_misc":{"Escrito por":"Aconteceu no Vale","Est. tempo de leitura":"2 minutos"},"schema":{"@context":"https:\/\/schema.org","@graph":[{"@type":"Article","@id":"https:\/\/aconteceunovale.com.br\/portal\/?p=42046#article","isPartOf":{"@id":"https:\/\/aconteceunovale.com.br\/portal\/?p=42046"},"author":{"name":"Aconteceu no Vale","@id":"https:\/\/aconteceunovale.com.br\/portal\/#\/schema\/person\/633529146f2c94272bef50ac2953d589"},"headline":"Pol\u00edcia prende suspeito de matar pai e filho em acidente na cidade de Inhapim","datePublished":"2014-10-14T00:14:09+00:00","dateModified":"2014-10-14T00:16:31+00:00","mainEntityOfPage":{"@id":"https:\/\/aconteceunovale.com.br\/portal\/?p=42046"},"wordCount":446,"commentCount":0,"image":{"@id":"https:\/\/aconteceunovale.com.br\/portal\/?p=42046#primaryimage"},"thumbnailUrl":"https:\/\/aconteceunovale.com.br\/portal\/wp-content\/uploads\/2014\/10\/presidio_de_inhapim.jpg","keywords":["Francisco Marcos de Souza","Inhapim","Michael Vieira de Souza","Pol\u00edcia prende suspeito de matar pai e filho em acidente na cidade de Inhapim","Vitor de Souza Lima"],"articleSection":["Leste de Minas"],"inLanguage":"pt-BR","potentialAction":[{"@type":"CommentAction","name":"Comment","target":["https:\/\/aconteceunovale.com.br\/portal\/?p=42046#respond"]}]},{"@type":"WebPage","@id":"https:\/\/aconteceunovale.com.br\/portal\/?p=42046","url":"https:\/\/aconteceunovale.com.br\/portal\/?p=42046","name":"Pol\u00edcia prende suspeito de matar pai e filho em acidente na cidade de Inhapim - Aconteceu no Vale","isPartOf":{"@id":"https:\/\/aconteceunovale.com.br\/portal\/#website"},"primaryImageOfPage":{"@id":"https:\/\/aconteceunovale.com.br\/portal\/?p=42046#primaryimage"},"image":{"@id":"https:\/\/aconteceunovale.com.br\/portal\/?p=42046#primaryimage"},"thumbnailUrl":"https:\/\/aconteceunovale.com.br\/portal\/wp-content\/uploads\/2014\/10\/presidio_de_inhapim.jpg","datePublished":"2014-10-14T00:14:09+00:00","dateModified":"2014-10-14T00:16:31+00:00","author":{"@id":"https:\/\/aconteceunovale.com.br\/portal\/#\/schema\/person\/633529146f2c94272bef50ac2953d589"},"breadcrumb":{"@id":"https:\/\/aconteceunovale.com.br\/portal\/?p=42046#breadcrumb"},"inLanguage":"pt-BR","potentialAction":[{"@type":"ReadAction","target":["https:\/\/aconteceunovale.com.br\/portal\/?p=42046"]}]},{"@type":"ImageObject","inLanguage":"pt-BR","@id":"https:\/\/aconteceunovale.com.br\/portal\/?p=42046#primaryimage","url":"https:\/\/aconteceunovale.com.br\/portal\/wp-content\/uploads\/2014\/10\/presidio_de_inhapim.jpg","contentUrl":"https:\/\/aconteceunovale.com.br\/portal\/wp-content\/uploads\/2014\/10\/presidio_de_inhapim.jpg","width":640,"height":400},{"@type":"BreadcrumbList","@id":"https:\/\/aconteceunovale.com.br\/portal\/?p=42046#breadcrumb","itemListElement":[{"@type":"ListItem","position":1,"name":"In\u00edcio","item":"https:\/\/aconteceunovale.com.br\/portal\/"},{"@type":"ListItem","position":2,"name":"Pol\u00edcia prende suspeito de matar pai e filho em acidente na cidade de Inhapim"}]},{"@type":"WebSite","@id":"https:\/\/aconteceunovale.com.br\/portal\/#website","url":"https:\/\/aconteceunovale.com.br\/portal\/","name":"Aconteceu no Vale","description":"Portal de Not\u00edcias","potentialAction":[{"@type":"SearchAction","target":{"@type":"EntryPoint","urlTemplate":"https:\/\/aconteceunovale.com.br\/portal\/?s={search_term_string}"},"query-input":{"@type":"PropertyValueSpecification","valueRequired":true,"valueName":"search_term_string"}}],"inLanguage":"pt-BR"},{"@type":"Person","@id":"https:\/\/aconteceunovale.com.br\/portal\/#\/schema\/person\/633529146f2c94272bef50ac2953d589","name":"Aconteceu no Vale","description":"Equipe de reportagem do Aconteceu no Vale, portal de not\u00edcias do Vale do Jequitinhonha, em Minas Gerais. Cobrimos as 51 cidades do Vale desde 2013. Sugest\u00f5es de pauta e pedidos de corre\u00e7\u00e3o: contato@aconteceunovale.com.br","sameAs":["http:\/\/www.aconteceunovale.com.br"],"url":"https:\/\/aconteceunovale.com.br\/portal\/?author=1"}]}},"_links":{"self":[{"href":"https:\/\/aconteceunovale.com.br\/portal\/index.php?rest_route=\/wp\/v2\/posts\/42046","targetHints":{"allow":["GET"]}}],"collection":[{"href":"https:\/\/aconteceunovale.com.br\/portal\/index.php?rest_route=\/wp\/v2\/posts"}],"about":[{"href":"https:\/\/aconteceunovale.com.br\/portal\/index.php?rest_route=\/wp\/v2\/types\/post"}],"author":[{"embeddable":true,"href":"https:\/\/aconteceunovale.com.br\/portal\/index.php?rest_route=\/wp\/v2\/users\/1"}],"replies":[{"embeddable":true,"href":"https:\/\/aconteceunovale.com.br\/portal\/index.php?rest_route=%2Fwp%2Fv2%2Fcomments&post=42046"}],"version-history":[{"count":0,"href":"https:\/\/aconteceunovale.com.br\/portal\/index.php?rest_route=\/wp\/v2\/posts\/42046\/revisions"}],"wp:featuredmedia":[{"embeddable":true,"href":"https:\/\/aconteceunovale.com.br\/portal\/index.php?rest_route=\/wp\/v2\/media\/42047"}],"wp:attachment":[{"href":"https:\/\/aconteceunovale.com.br\/portal\/index.php?rest_route=%2Fwp%2Fv2%2Fmedia&parent=42046"}],"wp:term":[{"taxonomy":"category","embeddable":true,"href":"https:\/\/aconteceunovale.com.br\/portal\/index.php?rest_route=%2Fwp%2Fv2%2Fcategories&post=42046"},{"taxonomy":"post_tag","embeddable":true,"href":"https:\/\/aconteceunovale.com.br\/portal\/index.php?rest_route=%2Fwp%2Fv2%2Ftags&post=42046"}],"curies":[{"name":"wp","href":"https:\/\/api.w.org\/{rel}","templated":true}]}}