{"id":42029,"date":"2014-10-13T18:42:20","date_gmt":"2014-10-13T21:42:20","guid":{"rendered":"http:\/\/aconteceunovale.com.br\/portal\/?p=42029"},"modified":"2014-10-13T20:07:35","modified_gmt":"2014-10-13T23:07:35","slug":"duas-irmas-de-13-e-16-anos-morrem-afogadas-em-sao-joao-evangelista","status":"publish","type":"post","link":"https:\/\/aconteceunovale.com.br\/portal\/?p=42029","title":{"rendered":"Duas irm\u00e3s de 13 e 16 anos morrem afogadas em S\u00e3o Jo\u00e3o Evangelista"},"content":{"rendered":"<h4><em><strong>As adolescentes morreram afogadas na comunidade do Quilombo. Corpos ser\u00e3o velados nesta ter\u00e7a-feira, em S\u00e3o Jo\u00e3o Evangelista.<\/strong><\/em><\/h4>\n<p>Duas adolescentes de 13 e 16 anos morreram afogados em um lago na manh\u00e3 desta segunda-feira, 13 de outubro, na Comunidade do Quilombo, na zona rural de S\u00e3o Jo\u00e3o Evangelista, no Vale do Rio Doce.<\/p>\n<p>De acordo com informa\u00e7\u00f5es de pessoas pr\u00f3ximas a fam\u00edlia, por volta das 11 horas da manh\u00e3, quatro irm\u00e3s sa\u00edram de casa e falaram com a m\u00e3e que iriam passear e nadar em um tanque artificial pr\u00f3ximo da casa delas. A brincadeira acabou em trag\u00e9dia, duas adolescentes, de 13 e 16 anos, que n\u00e3o sabiam nadar acabaram se afogando.<\/p>\n<p>Um homem que estava pescando no local relatou que viu as duas adolescentes se afogando e tentou salv\u00e1-las, mas n\u00e3o deu tempo. Ele conseguiu retirar uma das v\u00edtimas da \u00e1gua, mas ela j\u00e1 estava sem vida.<\/p>\n<p>O Corpo de Bombeiros foi acionado, mas devido a demora, os pr\u00f3prios familiares iniciaram as buscas e resgataram a outra garota. Os corpos foram retirados da \u00e1gua e ser\u00e3o levados para o Instituto M\u00e9dico Legal de Governador Valadares para demais provid\u00eancias.<\/p>\n<p>Nat\u00e1lia, de 13 anos, e Janu\u00e1ria, de 16, eram alunas da Escola Estadual Doutor L\u00facio Vieira da Silva, no Povoado de Bom Jesus da Cana Brava. Os corpos das duas adolescentes ser\u00e3o velados nesta ter\u00e7a-feira (14), no vel\u00f3rio da Univida, assim que forem liberados pelo IML.<\/p>\n","protected":false},"excerpt":{"rendered":"<p>As adolescentes morreram afogadas na comunidade do Quilombo. Corpos ser\u00e3o velados nesta ter\u00e7a-feira, em S\u00e3o Jo\u00e3o Evangelista. Duas adolescentes de 13 e 16 anos morreram afogados em um lago na manh\u00e3 desta segunda-feira, 13 de outubro, na Comunidade do Quilombo, na zona rural de S\u00e3o Jo\u00e3o Evangelista, no Vale do Rio Doce. De acordo com [&hellip;]<\/p>\n","protected":false},"author":1,"featured_media":37617,"comment_status":"open","ping_status":"closed","sticky":false,"template":"","format":"standard","meta":{"amp_status":"","footnotes":""},"categories":[121],"tags":[18582,247,18583,18584,18587,18589,18588,162,18585,18586],"class_list":["post-42029","post","type-post","status-publish","format-standard","has-post-thumbnail","hentry","category-leste","tag-duas-irmas-de-13-e-16-anos-morrem-afogadas-em-sao-joao-evangelista","tag-governador-valadares","tag-irmas-morrem-afogadas-em-sao-joao-evangelista","tag-irmas-morrem-afogadas-no-quilombo-em-sao-joao-evangelista","tag-irmas-morrem-em-sao-joao-evangelista","tag-januaria-e-natalia-morrem-afogadas-em-sao-joao-evangelista","tag-natalia-e-januaria-morrem-afogadas-em-sao-joao-evangelista","tag-sao-joao-evangelista","tag-tragedia-em-quilombo","tag-tragedia-em-sao-joao-evangelista"],"yoast_head":"<!-- This site is optimized with the Yoast SEO plugin v28.3 - https:\/\/yoast.com\/product\/yoast-seo-wordpress\/ -->\n<title>Duas irm\u00e3s de 13 e 16 anos morrem afogadas em S\u00e3o Jo\u00e3o Evangelista - Aconteceu no Vale<\/title>\n<meta name=\"robots\" content=\"index, follow, max-snippet:-1, max-image-preview:large, max-video-preview:-1\" \/>\n<link rel=\"canonical\" href=\"https:\/\/aconteceunovale.com.br\/portal\/?p=42029\" \/>\n<meta property=\"og:locale\" content=\"pt_BR\" \/>\n<meta property=\"og:type\" content=\"article\" \/>\n<meta property=\"og:title\" content=\"Duas irm\u00e3s de 13 e 16 anos morrem afogadas em S\u00e3o Jo\u00e3o Evangelista - Aconteceu no Vale\" \/>\n<meta property=\"og:description\" content=\"As adolescentes morreram afogadas na comunidade do Quilombo. Corpos ser\u00e3o velados nesta ter\u00e7a-feira, em S\u00e3o Jo\u00e3o Evangelista. Duas adolescentes de 13 e 16 anos morreram afogados em um lago na manh\u00e3 desta segunda-feira, 13 de outubro, na Comunidade do Quilombo, na zona rural de S\u00e3o Jo\u00e3o Evangelista, no Vale do Rio Doce. De acordo com [&hellip;]\" \/>\n<meta property=\"og:url\" content=\"https:\/\/aconteceunovale.com.br\/portal\/?p=42029\" \/>\n<meta property=\"og:site_name\" content=\"Aconteceu no Vale\" \/>\n<meta property=\"article:publisher\" content=\"https:\/\/www.facebook.com\/aconteceunovale\/\" \/>\n<meta property=\"article:published_time\" content=\"2014-10-13T21:42:20+00:00\" \/>\n<meta property=\"article:modified_time\" content=\"2014-10-13T23:07:35+00:00\" \/>\n<meta property=\"og:image\" content=\"https:\/\/aconteceunovale.com.br\/portal\/wp-content\/uploads\/2014\/08\/acidentes_sje.jpg\" \/>\n\t<meta property=\"og:image:width\" content=\"500\" \/>\n\t<meta property=\"og:image:height\" content=\"291\" \/>\n\t<meta property=\"og:image:type\" content=\"image\/jpeg\" \/>\n<meta name=\"author\" content=\"Aconteceu no Vale\" \/>\n<meta name=\"twitter:card\" content=\"summary_large_image\" \/>\n<meta name=\"twitter:creator\" content=\"@noticiadosvales\" \/>\n<meta name=\"twitter:site\" content=\"@noticiadosvales\" \/>\n<meta name=\"twitter:label1\" content=\"Escrito por\" \/>\n\t<meta name=\"twitter:data1\" content=\"Aconteceu no Vale\" \/>\n\t<meta name=\"twitter:label2\" content=\"Est. tempo de leitura\" \/>\n\t<meta name=\"twitter:data2\" content=\"1 minuto\" \/>\n<script type=\"application\/ld+json\" class=\"yoast-schema-graph\">{\"@context\":\"https:\\\/\\\/schema.org\",\"@graph\":[{\"@type\":\"Article\",\"@id\":\"https:\\\/\\\/aconteceunovale.com.br\\\/portal\\\/?p=42029#article\",\"isPartOf\":{\"@id\":\"https:\\\/\\\/aconteceunovale.com.br\\\/portal\\\/?p=42029\"},\"author\":{\"name\":\"Aconteceu no Vale\",\"@id\":\"https:\\\/\\\/aconteceunovale.com.br\\\/portal\\\/#\\\/schema\\\/person\\\/633529146f2c94272bef50ac2953d589\"},\"headline\":\"Duas irm\u00e3s de 13 e 16 anos morrem afogadas em S\u00e3o Jo\u00e3o Evangelista\",\"datePublished\":\"2014-10-13T21:42:20+00:00\",\"dateModified\":\"2014-10-13T23:07:35+00:00\",\"mainEntityOfPage\":{\"@id\":\"https:\\\/\\\/aconteceunovale.com.br\\\/portal\\\/?p=42029\"},\"wordCount\":266,\"commentCount\":0,\"image\":{\"@id\":\"https:\\\/\\\/aconteceunovale.com.br\\\/portal\\\/?p=42029#primaryimage\"},\"thumbnailUrl\":\"https:\\\/\\\/aconteceunovale.com.br\\\/portal\\\/wp-content\\\/uploads\\\/2014\\\/08\\\/acidentes_sje.jpg\",\"keywords\":[\"Duas irm\u00e3s de 13 e 16 anos morrem afogadas em S\u00e3o Jo\u00e3o Evangelista\",\"Governador Valadares\",\"irm\u00e3s morrem afogadas em s\u00e3o jo\u00e3o evangelista\",\"irm\u00e3s morrem afogadas no quilombo em s\u00e3o jo\u00e3o evangelista\",\"irm\u00e3s morrem em s\u00e3o jo\u00e3o evangelista\",\"janu\u00e1ria e nat\u00e1lia morrem afogadas em s\u00e3o jo\u00e3o evangelista\",\"nat\u00e1lia e janu\u00e1ria morrem afogadas em s\u00e3o jo\u00e3o evangelista\",\"S\u00e3o Jo\u00e3o Evangelista\",\"trag\u00e9dia em quilombo\",\"trag\u00e9dia em s\u00e3o jo\u00e3o evangelista\"],\"articleSection\":[\"Leste de Minas\"],\"inLanguage\":\"pt-BR\",\"potentialAction\":[{\"@type\":\"CommentAction\",\"name\":\"Comment\",\"target\":[\"https:\\\/\\\/aconteceunovale.com.br\\\/portal\\\/?p=42029#respond\"]}]},{\"@type\":\"WebPage\",\"@id\":\"https:\\\/\\\/aconteceunovale.com.br\\\/portal\\\/?p=42029\",\"url\":\"https:\\\/\\\/aconteceunovale.com.br\\\/portal\\\/?p=42029\",\"name\":\"Duas irm\u00e3s de 13 e 16 anos morrem afogadas em S\u00e3o Jo\u00e3o Evangelista - Aconteceu no Vale\",\"isPartOf\":{\"@id\":\"https:\\\/\\\/aconteceunovale.com.br\\\/portal\\\/#website\"},\"primaryImageOfPage\":{\"@id\":\"https:\\\/\\\/aconteceunovale.com.br\\\/portal\\\/?p=42029#primaryimage\"},\"image\":{\"@id\":\"https:\\\/\\\/aconteceunovale.com.br\\\/portal\\\/?p=42029#primaryimage\"},\"thumbnailUrl\":\"https:\\\/\\\/aconteceunovale.com.br\\\/portal\\\/wp-content\\\/uploads\\\/2014\\\/08\\\/acidentes_sje.jpg\",\"datePublished\":\"2014-10-13T21:42:20+00:00\",\"dateModified\":\"2014-10-13T23:07:35+00:00\",\"author\":{\"@id\":\"https:\\\/\\\/aconteceunovale.com.br\\\/portal\\\/#\\\/schema\\\/person\\\/633529146f2c94272bef50ac2953d589\"},\"breadcrumb\":{\"@id\":\"https:\\\/\\\/aconteceunovale.com.br\\\/portal\\\/?p=42029#breadcrumb\"},\"inLanguage\":\"pt-BR\",\"potentialAction\":[{\"@type\":\"ReadAction\",\"target\":[\"https:\\\/\\\/aconteceunovale.com.br\\\/portal\\\/?p=42029\"]}]},{\"@type\":\"ImageObject\",\"inLanguage\":\"pt-BR\",\"@id\":\"https:\\\/\\\/aconteceunovale.com.br\\\/portal\\\/?p=42029#primaryimage\",\"url\":\"https:\\\/\\\/aconteceunovale.com.br\\\/portal\\\/wp-content\\\/uploads\\\/2014\\\/08\\\/acidentes_sje.jpg\",\"contentUrl\":\"https:\\\/\\\/aconteceunovale.com.br\\\/portal\\\/wp-content\\\/uploads\\\/2014\\\/08\\\/acidentes_sje.jpg\",\"width\":500,\"height\":291},{\"@type\":\"BreadcrumbList\",\"@id\":\"https:\\\/\\\/aconteceunovale.com.br\\\/portal\\\/?p=42029#breadcrumb\",\"itemListElement\":[{\"@type\":\"ListItem\",\"position\":1,\"name\":\"In\u00edcio\",\"item\":\"https:\\\/\\\/aconteceunovale.com.br\\\/portal\\\/\"},{\"@type\":\"ListItem\",\"position\":2,\"name\":\"Duas irm\u00e3s de 13 e 16 anos morrem afogadas em S\u00e3o Jo\u00e3o Evangelista\"}]},{\"@type\":\"WebSite\",\"@id\":\"https:\\\/\\\/aconteceunovale.com.br\\\/portal\\\/#website\",\"url\":\"https:\\\/\\\/aconteceunovale.com.br\\\/portal\\\/\",\"name\":\"Aconteceu no Vale\",\"description\":\"Portal de Not\u00edcias\",\"potentialAction\":[{\"@type\":\"SearchAction\",\"target\":{\"@type\":\"EntryPoint\",\"urlTemplate\":\"https:\\\/\\\/aconteceunovale.com.br\\\/portal\\\/?s={search_term_string}\"},\"query-input\":{\"@type\":\"PropertyValueSpecification\",\"valueRequired\":true,\"valueName\":\"search_term_string\"}}],\"inLanguage\":\"pt-BR\"},{\"@type\":\"Person\",\"@id\":\"https:\\\/\\\/aconteceunovale.com.br\\\/portal\\\/#\\\/schema\\\/person\\\/633529146f2c94272bef50ac2953d589\",\"name\":\"Aconteceu no Vale\",\"description\":\"Equipe de reportagem do Aconteceu no Vale, portal de not\u00edcias do Vale do Jequitinhonha, em Minas Gerais. Cobrimos as 51 cidades do Vale desde 2013. Sugest\u00f5es de pauta e pedidos de corre\u00e7\u00e3o: contato@aconteceunovale.com.br\",\"sameAs\":[\"http:\\\/\\\/www.aconteceunovale.com.br\"],\"url\":\"https:\\\/\\\/aconteceunovale.com.br\\\/portal\\\/?author=1\"}]}<\/script>\n<!-- \/ Yoast SEO plugin. -->","yoast_head_json":{"title":"Duas irm\u00e3s de 13 e 16 anos morrem afogadas em S\u00e3o Jo\u00e3o Evangelista - Aconteceu no Vale","robots":{"index":"index","follow":"follow","max-snippet":"max-snippet:-1","max-image-preview":"max-image-preview:large","max-video-preview":"max-video-preview:-1"},"canonical":"https:\/\/aconteceunovale.com.br\/portal\/?p=42029","og_locale":"pt_BR","og_type":"article","og_title":"Duas irm\u00e3s de 13 e 16 anos morrem afogadas em S\u00e3o Jo\u00e3o Evangelista - Aconteceu no Vale","og_description":"As adolescentes morreram afogadas na comunidade do Quilombo. Corpos ser\u00e3o velados nesta ter\u00e7a-feira, em S\u00e3o Jo\u00e3o Evangelista. Duas adolescentes de 13 e 16 anos morreram afogados em um lago na manh\u00e3 desta segunda-feira, 13 de outubro, na Comunidade do Quilombo, na zona rural de S\u00e3o Jo\u00e3o Evangelista, no Vale do Rio Doce. De acordo com [&hellip;]","og_url":"https:\/\/aconteceunovale.com.br\/portal\/?p=42029","og_site_name":"Aconteceu no Vale","article_publisher":"https:\/\/www.facebook.com\/aconteceunovale\/","article_published_time":"2014-10-13T21:42:20+00:00","article_modified_time":"2014-10-13T23:07:35+00:00","og_image":[{"width":500,"height":291,"url":"https:\/\/aconteceunovale.com.br\/portal\/wp-content\/uploads\/2014\/08\/acidentes_sje.jpg","type":"image\/jpeg"}],"author":"Aconteceu no Vale","twitter_card":"summary_large_image","twitter_creator":"@noticiadosvales","twitter_site":"@noticiadosvales","twitter_misc":{"Escrito por":"Aconteceu no Vale","Est. tempo de leitura":"1 minuto"},"schema":{"@context":"https:\/\/schema.org","@graph":[{"@type":"Article","@id":"https:\/\/aconteceunovale.com.br\/portal\/?p=42029#article","isPartOf":{"@id":"https:\/\/aconteceunovale.com.br\/portal\/?p=42029"},"author":{"name":"Aconteceu no Vale","@id":"https:\/\/aconteceunovale.com.br\/portal\/#\/schema\/person\/633529146f2c94272bef50ac2953d589"},"headline":"Duas irm\u00e3s de 13 e 16 anos morrem afogadas em S\u00e3o Jo\u00e3o Evangelista","datePublished":"2014-10-13T21:42:20+00:00","dateModified":"2014-10-13T23:07:35+00:00","mainEntityOfPage":{"@id":"https:\/\/aconteceunovale.com.br\/portal\/?p=42029"},"wordCount":266,"commentCount":0,"image":{"@id":"https:\/\/aconteceunovale.com.br\/portal\/?p=42029#primaryimage"},"thumbnailUrl":"https:\/\/aconteceunovale.com.br\/portal\/wp-content\/uploads\/2014\/08\/acidentes_sje.jpg","keywords":["Duas irm\u00e3s de 13 e 16 anos morrem afogadas em S\u00e3o Jo\u00e3o Evangelista","Governador Valadares","irm\u00e3s morrem afogadas em s\u00e3o jo\u00e3o evangelista","irm\u00e3s morrem afogadas no quilombo em s\u00e3o jo\u00e3o evangelista","irm\u00e3s morrem em s\u00e3o jo\u00e3o evangelista","janu\u00e1ria e nat\u00e1lia morrem afogadas em s\u00e3o jo\u00e3o evangelista","nat\u00e1lia e janu\u00e1ria morrem afogadas em s\u00e3o jo\u00e3o evangelista","S\u00e3o Jo\u00e3o Evangelista","trag\u00e9dia em quilombo","trag\u00e9dia em s\u00e3o jo\u00e3o evangelista"],"articleSection":["Leste de Minas"],"inLanguage":"pt-BR","potentialAction":[{"@type":"CommentAction","name":"Comment","target":["https:\/\/aconteceunovale.com.br\/portal\/?p=42029#respond"]}]},{"@type":"WebPage","@id":"https:\/\/aconteceunovale.com.br\/portal\/?p=42029","url":"https:\/\/aconteceunovale.com.br\/portal\/?p=42029","name":"Duas irm\u00e3s de 13 e 16 anos morrem afogadas em S\u00e3o Jo\u00e3o Evangelista - Aconteceu no Vale","isPartOf":{"@id":"https:\/\/aconteceunovale.com.br\/portal\/#website"},"primaryImageOfPage":{"@id":"https:\/\/aconteceunovale.com.br\/portal\/?p=42029#primaryimage"},"image":{"@id":"https:\/\/aconteceunovale.com.br\/portal\/?p=42029#primaryimage"},"thumbnailUrl":"https:\/\/aconteceunovale.com.br\/portal\/wp-content\/uploads\/2014\/08\/acidentes_sje.jpg","datePublished":"2014-10-13T21:42:20+00:00","dateModified":"2014-10-13T23:07:35+00:00","author":{"@id":"https:\/\/aconteceunovale.com.br\/portal\/#\/schema\/person\/633529146f2c94272bef50ac2953d589"},"breadcrumb":{"@id":"https:\/\/aconteceunovale.com.br\/portal\/?p=42029#breadcrumb"},"inLanguage":"pt-BR","potentialAction":[{"@type":"ReadAction","target":["https:\/\/aconteceunovale.com.br\/portal\/?p=42029"]}]},{"@type":"ImageObject","inLanguage":"pt-BR","@id":"https:\/\/aconteceunovale.com.br\/portal\/?p=42029#primaryimage","url":"https:\/\/aconteceunovale.com.br\/portal\/wp-content\/uploads\/2014\/08\/acidentes_sje.jpg","contentUrl":"https:\/\/aconteceunovale.com.br\/portal\/wp-content\/uploads\/2014\/08\/acidentes_sje.jpg","width":500,"height":291},{"@type":"BreadcrumbList","@id":"https:\/\/aconteceunovale.com.br\/portal\/?p=42029#breadcrumb","itemListElement":[{"@type":"ListItem","position":1,"name":"In\u00edcio","item":"https:\/\/aconteceunovale.com.br\/portal\/"},{"@type":"ListItem","position":2,"name":"Duas irm\u00e3s de 13 e 16 anos morrem afogadas em S\u00e3o Jo\u00e3o Evangelista"}]},{"@type":"WebSite","@id":"https:\/\/aconteceunovale.com.br\/portal\/#website","url":"https:\/\/aconteceunovale.com.br\/portal\/","name":"Aconteceu no Vale","description":"Portal de Not\u00edcias","potentialAction":[{"@type":"SearchAction","target":{"@type":"EntryPoint","urlTemplate":"https:\/\/aconteceunovale.com.br\/portal\/?s={search_term_string}"},"query-input":{"@type":"PropertyValueSpecification","valueRequired":true,"valueName":"search_term_string"}}],"inLanguage":"pt-BR"},{"@type":"Person","@id":"https:\/\/aconteceunovale.com.br\/portal\/#\/schema\/person\/633529146f2c94272bef50ac2953d589","name":"Aconteceu no Vale","description":"Equipe de reportagem do Aconteceu no Vale, portal de not\u00edcias do Vale do Jequitinhonha, em Minas Gerais. Cobrimos as 51 cidades do Vale desde 2013. Sugest\u00f5es de pauta e pedidos de corre\u00e7\u00e3o: contato@aconteceunovale.com.br","sameAs":["http:\/\/www.aconteceunovale.com.br"],"url":"https:\/\/aconteceunovale.com.br\/portal\/?author=1"}]}},"_links":{"self":[{"href":"https:\/\/aconteceunovale.com.br\/portal\/index.php?rest_route=\/wp\/v2\/posts\/42029","targetHints":{"allow":["GET"]}}],"collection":[{"href":"https:\/\/aconteceunovale.com.br\/portal\/index.php?rest_route=\/wp\/v2\/posts"}],"about":[{"href":"https:\/\/aconteceunovale.com.br\/portal\/index.php?rest_route=\/wp\/v2\/types\/post"}],"author":[{"embeddable":true,"href":"https:\/\/aconteceunovale.com.br\/portal\/index.php?rest_route=\/wp\/v2\/users\/1"}],"replies":[{"embeddable":true,"href":"https:\/\/aconteceunovale.com.br\/portal\/index.php?rest_route=%2Fwp%2Fv2%2Fcomments&post=42029"}],"version-history":[{"count":0,"href":"https:\/\/aconteceunovale.com.br\/portal\/index.php?rest_route=\/wp\/v2\/posts\/42029\/revisions"}],"wp:featuredmedia":[{"embeddable":true,"href":"https:\/\/aconteceunovale.com.br\/portal\/index.php?rest_route=\/wp\/v2\/media\/37617"}],"wp:attachment":[{"href":"https:\/\/aconteceunovale.com.br\/portal\/index.php?rest_route=%2Fwp%2Fv2%2Fmedia&parent=42029"}],"wp:term":[{"taxonomy":"category","embeddable":true,"href":"https:\/\/aconteceunovale.com.br\/portal\/index.php?rest_route=%2Fwp%2Fv2%2Fcategories&post=42029"},{"taxonomy":"post_tag","embeddable":true,"href":"https:\/\/aconteceunovale.com.br\/portal\/index.php?rest_route=%2Fwp%2Fv2%2Ftags&post=42029"}],"curies":[{"name":"wp","href":"https:\/\/api.w.org\/{rel}","templated":true}]}}