{"id":42022,"date":"2014-10-13T17:58:38","date_gmt":"2014-10-13T20:58:38","guid":{"rendered":"http:\/\/aconteceunovale.com.br\/portal\/?p=42022"},"modified":"2014-10-13T17:58:38","modified_gmt":"2014-10-13T20:58:38","slug":"16a-edicao-do-valadares-jazz-festival-comeca-nesta-segunda-feira","status":"publish","type":"post","link":"https:\/\/aconteceunovale.com.br\/portal\/?p=42022","title":{"rendered":"16\u00aa edi\u00e7\u00e3o do Valadares Jazz Festival come\u00e7a nesta segunda-feira"},"content":{"rendered":"<h4><strong><em>Evento acontece no Teatro Atiaia nos dias 13, 14, 15 e 16 de outubro. Programa\u00e7\u00e3o conta com shows de artistas renomados no mundo da m\u00fasica.<\/em><\/strong><\/h4>\n<p>Come\u00e7a nesta segunda-feira (13) e vai at\u00e9 quinta-feira (16), em Governador Valadares, no Leste de Minas Gerais, a 16\u00aa edi\u00e7\u00e3o do Valadares Jazz Festival, com uma programa\u00e7\u00e3o especial de oito shows e um workshop para crian\u00e7as com a cantora Taryn Szpilman. O \u201cJazz Kids\u201d ser\u00e1 a novidade desta edi\u00e7\u00e3o do evento, na ter\u00e7a-feira (14).<\/p>\n<p>O Jazz Kids ser\u00e1 \u00e0s 14h, no Teatro Atiaia, e ter\u00e1 a participa\u00e7\u00e3o da cantora Taryn Szpilman, que vai falar para crian\u00e7as e adolescentes sobre o processo de produ\u00e7\u00e3o da vers\u00e3o brasileira do filme Frozen, sobre a dublagem das falas da personagem rainha Elsa, feita por ela, e responder perguntas do p\u00fablico jovem. &#8220;Al\u00e9m disso ela vai cantar a m\u00fasica &#8216;Let It Go&#8217;, tema do filme e vencedora do oscar 2014 de melhor can\u00e7\u00e3o original\u201d, explica Tim Filho, organizador do Valadares Jazz Festival.<\/p>\n<p><img decoding=\"async\" src=\"http:\/\/aconteceunovale.com.br\/portal\/wp-content\/uploads\/2014\/10\/valadares_jazz_festival.jpg\" alt=\"\" \/><em>Taryn Szpilman \u00e9 uma das atra\u00e7\u00f5es no Valadares Jazz Festival (Foto: Jorge Ronald\/Divulga\u00e7\u00e3o)<\/em><br \/>\n<\/br><\/p>\n<p>Nesta segunda-feira (13), o evento come\u00e7a, \u00e0s 20h, com o show da cantora, compositora e pianista, Bianca Gismonti. Ela j\u00e1 \u00e9 conhecida do p\u00fablico valadarense por causa de suas apresenta\u00e7\u00f5es em anos anteriores com a pianista Cl\u00e1udia Castelo Branco, no Duo Gisbranco. Bianca se apresenta no festival com J\u00falio Falavigna (bateria) e Ant\u00f4nio Porto (contrabaixo).<\/p>\n<p>\u00c0s 21h \u00e9 a vez da cantora Taryn Szpilman subir ao palco do Teatro Atiaia. Ela est\u00e1 de volta ao Valadares Jazz Festival, desta vez com o guitarrista Jo\u00e3o Gaspar.<\/p>\n<p>\u201cTaryn tem uma vasta experi\u00eancia como int\u00e9rprete e tem frequentado todos os grandes festivais de Jazz e Blues pelo Brasil afora, e tamb\u00e9m no exterior como o Montreux Jazz Festival. Ela passou uma temporada em Los Angeles gravando um cd produzido pelo legend\u00e1rio Andy Summers, guitarrista da banda The Police e agora, atendendo aos muitos pedidos para que ela voltasse, estamos a trazendo de volta\u201d, diz Tim Filho.<\/p>\n<h4>Ingressos<\/h4>\n<p>O ingresso individual custa R$ 40 (inteira) e R$ 20 (meia). O passaporte (pacote com ingressos para as 4 noites) custa R$ 120 (inteira) e R$ 60 (meia). T\u00eam direito \u00e0 meia-entrada, os estudantes e as pessoas com idade acima de 60 anos, devidamente documentadas. Para a entrada no &#8220;Jazz Kids&#8221; ser\u00e1 cobrado o valor de R$ 10. A programa\u00e7\u00e3o completa do Valadares Jazz Festival voc\u00ea confere no <a href=\"http:\/\/www.valadaresjazzfestival.com.br\/Shows.asp\" target=\"_blank\">site oficial do evento<\/a>. (G1)<\/p>\n","protected":false},"excerpt":{"rendered":"<p>Evento acontece no Teatro Atiaia nos dias 13, 14, 15 e 16 de outubro. Programa\u00e7\u00e3o conta com shows de artistas renomados no mundo da m\u00fasica. Come\u00e7a nesta segunda-feira (13) e vai at\u00e9 quinta-feira (16), em Governador Valadares, no Leste de Minas Gerais, a 16\u00aa edi\u00e7\u00e3o do Valadares Jazz Festival, com uma programa\u00e7\u00e3o especial de oito [&hellip;]<\/p>\n","protected":false},"author":1,"featured_media":42023,"comment_status":"open","ping_status":"closed","sticky":false,"template":"","format":"standard","meta":{"amp_status":"","footnotes":""},"categories":[125],"tags":[18578,18579,247,18580],"class_list":["post-42022","post","type-post","status-publish","format-standard","has-post-thumbnail","hentry","category-noticias","tag-16a-edicao-do-valadares-jazz-festival-comeca-nesta-segunda-feira","tag-bianca-gismonti","tag-governador-valadares","tag-taryn-szpilman"],"_links":{"self":[{"href":"https:\/\/aconteceunovale.com.br\/portal\/index.php?rest_route=\/wp\/v2\/posts\/42022","targetHints":{"allow":["GET"]}}],"collection":[{"href":"https:\/\/aconteceunovale.com.br\/portal\/index.php?rest_route=\/wp\/v2\/posts"}],"about":[{"href":"https:\/\/aconteceunovale.com.br\/portal\/index.php?rest_route=\/wp\/v2\/types\/post"}],"author":[{"embeddable":true,"href":"https:\/\/aconteceunovale.com.br\/portal\/index.php?rest_route=\/wp\/v2\/users\/1"}],"replies":[{"embeddable":true,"href":"https:\/\/aconteceunovale.com.br\/portal\/index.php?rest_route=%2Fwp%2Fv2%2Fcomments&post=42022"}],"version-history":[{"count":0,"href":"https:\/\/aconteceunovale.com.br\/portal\/index.php?rest_route=\/wp\/v2\/posts\/42022\/revisions"}],"wp:featuredmedia":[{"embeddable":true,"href":"https:\/\/aconteceunovale.com.br\/portal\/index.php?rest_route=\/wp\/v2\/media\/42023"}],"wp:attachment":[{"href":"https:\/\/aconteceunovale.com.br\/portal\/index.php?rest_route=%2Fwp%2Fv2%2Fmedia&parent=42022"}],"wp:term":[{"taxonomy":"category","embeddable":true,"href":"https:\/\/aconteceunovale.com.br\/portal\/index.php?rest_route=%2Fwp%2Fv2%2Fcategories&post=42022"},{"taxonomy":"post_tag","embeddable":true,"href":"https:\/\/aconteceunovale.com.br\/portal\/index.php?rest_route=%2Fwp%2Fv2%2Ftags&post=42022"}],"curies":[{"name":"wp","href":"https:\/\/api.w.org\/{rel}","templated":true}]}}