{"id":42014,"date":"2014-10-13T17:24:41","date_gmt":"2014-10-13T20:24:41","guid":{"rendered":"http:\/\/aconteceunovale.com.br\/portal\/?p=42014"},"modified":"2014-10-13T17:24:41","modified_gmt":"2014-10-13T20:24:41","slug":"secretaria-estadual-de-saude-confirma-primeiro-caso-de-febre-chikungunya-em-minas-gerais","status":"publish","type":"post","link":"https:\/\/aconteceunovale.com.br\/portal\/?p=42014","title":{"rendered":"Secretaria Estadual de Sa\u00fade confirma primeiro caso de febre chikungunya em Minas Gerais"},"content":{"rendered":"<h4><em><strong>A paciente \u00e9 moradora de Matozinhos, cidade na Regi\u00e3o Metropolitana de Belo Horizonte, e teria contra\u00eddo a doen\u00e7a em Minas<\/strong><\/em><\/h4>\n<p>A Secretaria Estadual de Sa\u00fade (SES) confirmou, nesta segunda-feira (13), o primeiro caso de febre chikungunya em Minas Gerais. A paciente \u00e9 moradora de Matozinhos, cidade na Regi\u00e3o Metropolitana de Belo Horizonte, e teria contra\u00eddo a doen\u00e7a dentro do estado. Outros cinco casos s\u00e3o investigados pelo \u00f3rg\u00e3o. <\/p>\n<p>A mulher, de 48 anos, come\u00e7ou a sentir os primeiros sintomas da doen\u00e7a em agosto deste ano. Na \u00faltima sexta-feira, equipes da Secretaria estiveram na casa da paciente e ela relatou dores de baixa intensidade nas articula\u00e7\u00f5es dos ombros, quadril e joelhos. Mesmo com os sintomas, o estado de sa\u00fade dela \u00e9 considerado bom. <\/p>\n<p>Os exames feitos na paciente foram encaminhados para a Funda\u00e7\u00e3o Ezequiel Dias (Funed) que confirmou o caso. Como a mulher n\u00e3o viajou para nenhum local onde o v\u00edrus circula, a suspeita \u00e9 que ela tenha contra\u00eddo a doen\u00e7a no munic\u00edpio onde mora. <\/p>\n<p>Quando surgiu a suspeita da doen\u00e7a, a Superintend\u00eancia Regional de Sa\u00fade fez uma investiga\u00e7\u00e3o no munic\u00edpio para detectar se outras pessoas tamb\u00e9m contra\u00edram a doen\u00e7a. Foram feitas buscas nas fichas de atendimento no Centro de Especialidades, no Pronto Atendimento e nas unidades b\u00e1sicas de sa\u00fade. Nenhum outro caso suspeito foi encontrado. <\/p>\n<p>At\u00e9 esta segunda-feira, dez exames foram realizados em pacientes com sintomas da febre chikungunya. Ainda aguarda os resultados pacientes moradores de Belo Horizonte, Contagem, Montes Claros, Vi\u00e7osa, e Coronel Fabriciano. Foram descartados os casos em Mato Verde, Ita\u00fana, Alfenas e Santo Ant\u00f4nio do Monte.<\/p>\n<p>Outros estados brasileiros j\u00e1 confirmaram casos de Febre Chikungunya. At\u00e9 4 de outubro, o Minist\u00e9rio da S\u00e1ude registrou 211 casos da doen\u00e7a. Do total, s\u00e3o 38 casos importados de pessoas que viajaram para pa\u00edses com transmiss\u00e3o, como Rep\u00fablica Dominicana, Haiti, Venezuela, Ilhas do Caribe e Guiana Francesa. O restante foram diagnosticados em pessoas sem registro de viagem internacional. Destas, 17 foram no munic\u00edpio de Oiapoque (AP) e 156 em Feira de Santana (BA). <\/p>\n<h4>Transmiss\u00e3o<\/h4>\n<p>A doen\u00e7a \u00e9 transmitida pelo Aedes aegypti, mesmo mosquito da dengue, e os sintomas s\u00e3o semelhantes, apesar de ser menos letal. A doen\u00e7a provoca dores fortes nas articula\u00e7\u00f5es, al\u00e9m de febre, mal-estar e dor de cabe\u00e7a. Os sintomas podem se prolongar por semanas. O combate \u00e0 doen\u00e7a \u00e9 feito da mesma forma que o combate \u00e0 dengue, controlando a prolifera\u00e7\u00e3o dos mosquitos. <\/p>\n<p>Assim como a dengue, o v\u00edrus n\u00e3o possui vacina. O tratamento da chikungunya consiste no al\u00edvio dos sintomas, que costumam durar de tr\u00eas a 10 dias. Pessoas com a doen\u00e7a sentem febre abrupta, dor de cabe\u00e7a, manchas avermelhadas no corpo, dor intensa nas articula\u00e7\u00f5es, principalmente, nas menores, com as das m\u00e3os e dos p\u00e9s. <\/p>\n<p>Os sintomas da doen\u00e7a come\u00e7am a se manifestar de dois a 12 dias depois de ser picada, que \u00e9 o per\u00edodo de incuba\u00e7\u00e3o. Para evitar a transmiss\u00e3o do v\u00edrus, deve-se combater o mosquito Aedes aegypti. Os moradores devem evitar \u00e1gua parada, verificar se a caixa d \u00e1gua est\u00e1 bem fechada, n\u00e3o acumular vasilhames no quintal, verificar se as calhas n\u00e3o est\u00e3o entupidas, eliminar pratos dos vasos de planta, entre outras medidas. <\/p>\n<h4>Enfrentamento<\/h4>\n<p>Para enfrentar a doen\u00e7a, o Estado vai intensificar as atividades de vigil\u00e2ncia, divulga\u00e7\u00e3o de medidas \u00e0s secretarias municipais de sa\u00fade e prepara\u00e7\u00e3o de laborat\u00f3rios para diagn\u00f3sticos da doen\u00e7a. Na divulga\u00e7\u00e3o de controle do Aedes aegypti para a dengue, agora serr\u00e3o inclu\u00eddas informa\u00e7\u00f5es sobre a febre Chikungunya. <\/p>\n<p>Em Matozinhos, cidade onde foi constatado o primeiro caso, um caminh\u00e3o fumac\u00ea come\u00e7a a percorrer as ruas e avenidas j\u00e1 nesta ter\u00e7a-feira. A inten\u00e7\u00e3o \u00e9 eliminar o mosquito. <\/p>\n<p>Uma equipe m\u00e9dica ser\u00e1 treinada para atuar em todo o estado. Outra a\u00e7\u00e3o \u00e9 a capacita\u00e7\u00e3o dos profissionais de Sa\u00fade. Nos dias 20 e 21 de outubro, 300 profissionais da sa\u00fade ser\u00e3o treinados. Tamb\u00e9m ser\u00e3o contratados 22 m\u00e9dicos que ser\u00e3o refer\u00eancia para esses e outros agravos infecciosos.<\/p>\n<p><strong><em>(Fonte: Estado de Minas)<\/em><\/strong><\/p>\n","protected":false},"excerpt":{"rendered":"<p>A paciente \u00e9 moradora de Matozinhos, cidade na Regi\u00e3o Metropolitana de Belo Horizonte, e teria contra\u00eddo a doen\u00e7a em Minas A Secretaria Estadual de Sa\u00fade (SES) confirmou, nesta segunda-feira (13), o primeiro caso de febre chikungunya em Minas Gerais. A paciente \u00e9 moradora de Matozinhos, cidade na Regi\u00e3o Metropolitana de Belo Horizonte, e teria contra\u00eddo [&hellip;]<\/p>\n","protected":false},"author":1,"featured_media":42015,"comment_status":"open","ping_status":"closed","sticky":false,"template":"","format":"standard","meta":{"amp_status":"","footnotes":""},"categories":[123],"tags":[18571,18569,1018,11059,18570,1497,18568,18572],"class_list":["post-42014","post","type-post","status-publish","format-standard","has-post-thumbnail","hentry","category-gerais","tag-caso-de-febre-chikungunya-em-matozinhos","tag-caso-de-febre-chikungunya-em-minas-gerais","tag-destaque","tag-febre-chikungunya","tag-febre-chikungunya-em-minas-gerais","tag-matozinhos","tag-primeiro-caso-de-febre-chikungunya-em-minas-gerais","tag-secretaria-estadual-de-saude-confirma-primeiro-caso-de-febre-chikungunya-em-minas-gerais"],"yoast_head":"<!-- This site is optimized with the Yoast SEO plugin v28.3 - https:\/\/yoast.com\/product\/yoast-seo-wordpress\/ -->\n<title>Secretaria Estadual de Sa\u00fade confirma primeiro caso de febre chikungunya em Minas Gerais - Aconteceu no Vale<\/title>\n<meta name=\"robots\" content=\"index, follow, max-snippet:-1, max-image-preview:large, max-video-preview:-1\" \/>\n<link rel=\"canonical\" href=\"https:\/\/aconteceunovale.com.br\/portal\/?p=42014\" \/>\n<meta property=\"og:locale\" content=\"pt_BR\" \/>\n<meta property=\"og:type\" content=\"article\" \/>\n<meta property=\"og:title\" content=\"Secretaria Estadual de Sa\u00fade confirma primeiro caso de febre chikungunya em Minas Gerais - Aconteceu no Vale\" \/>\n<meta property=\"og:description\" content=\"A paciente \u00e9 moradora de Matozinhos, cidade na Regi\u00e3o Metropolitana de Belo Horizonte, e teria contra\u00eddo a doen\u00e7a em Minas A Secretaria Estadual de Sa\u00fade (SES) confirmou, nesta segunda-feira (13), o primeiro caso de febre chikungunya em Minas Gerais. A paciente \u00e9 moradora de Matozinhos, cidade na Regi\u00e3o Metropolitana de Belo Horizonte, e teria contra\u00eddo [&hellip;]\" \/>\n<meta property=\"og:url\" content=\"https:\/\/aconteceunovale.com.br\/portal\/?p=42014\" \/>\n<meta property=\"og:site_name\" content=\"Aconteceu no Vale\" \/>\n<meta property=\"article:publisher\" content=\"https:\/\/www.facebook.com\/aconteceunovale\/\" \/>\n<meta property=\"article:published_time\" content=\"2014-10-13T20:24:41+00:00\" \/>\n<meta property=\"og:image\" content=\"https:\/\/aconteceunovale.com.br\/portal\/wp-content\/uploads\/2014\/10\/febre_chikungunya.jpg\" \/>\n\t<meta property=\"og:image:width\" content=\"669\" \/>\n\t<meta property=\"og:image:height\" content=\"450\" \/>\n\t<meta property=\"og:image:type\" content=\"image\/jpeg\" \/>\n<meta name=\"author\" content=\"Aconteceu no Vale\" \/>\n<meta name=\"twitter:card\" content=\"summary_large_image\" \/>\n<meta name=\"twitter:creator\" content=\"@noticiadosvales\" \/>\n<meta name=\"twitter:site\" content=\"@noticiadosvales\" \/>\n<meta name=\"twitter:label1\" content=\"Escrito por\" \/>\n\t<meta name=\"twitter:data1\" content=\"Aconteceu no Vale\" \/>\n\t<meta name=\"twitter:label2\" content=\"Est. tempo de leitura\" \/>\n\t<meta name=\"twitter:data2\" content=\"4 minutos\" \/>\n<script type=\"application\/ld+json\" class=\"yoast-schema-graph\">{\"@context\":\"https:\\\/\\\/schema.org\",\"@graph\":[{\"@type\":\"Article\",\"@id\":\"https:\\\/\\\/aconteceunovale.com.br\\\/portal\\\/?p=42014#article\",\"isPartOf\":{\"@id\":\"https:\\\/\\\/aconteceunovale.com.br\\\/portal\\\/?p=42014\"},\"author\":{\"name\":\"Aconteceu no Vale\",\"@id\":\"https:\\\/\\\/aconteceunovale.com.br\\\/portal\\\/#\\\/schema\\\/person\\\/633529146f2c94272bef50ac2953d589\"},\"headline\":\"Secretaria Estadual de Sa\u00fade confirma primeiro caso de febre chikungunya em Minas Gerais\",\"datePublished\":\"2014-10-13T20:24:41+00:00\",\"mainEntityOfPage\":{\"@id\":\"https:\\\/\\\/aconteceunovale.com.br\\\/portal\\\/?p=42014\"},\"wordCount\":729,\"commentCount\":0,\"image\":{\"@id\":\"https:\\\/\\\/aconteceunovale.com.br\\\/portal\\\/?p=42014#primaryimage\"},\"thumbnailUrl\":\"https:\\\/\\\/aconteceunovale.com.br\\\/portal\\\/wp-content\\\/uploads\\\/2014\\\/10\\\/febre_chikungunya.jpg\",\"keywords\":[\"caso de febre chikungunya em Matozinhos\",\"caso de febre chikungunya em Minas Gerais\",\"destaque\",\"febre Chikungunya\",\"febre chikungunya em Minas Gerais\",\"Matozinhos\",\"primeiro caso de febre chikungunya em Minas Gerais\",\"Secretaria Estadual de Sa\u00fade confirma primeiro caso de febre chikungunya em Minas Gerais\"],\"articleSection\":[\"Minas Gerais\"],\"inLanguage\":\"pt-BR\",\"potentialAction\":[{\"@type\":\"CommentAction\",\"name\":\"Comment\",\"target\":[\"https:\\\/\\\/aconteceunovale.com.br\\\/portal\\\/?p=42014#respond\"]}]},{\"@type\":\"WebPage\",\"@id\":\"https:\\\/\\\/aconteceunovale.com.br\\\/portal\\\/?p=42014\",\"url\":\"https:\\\/\\\/aconteceunovale.com.br\\\/portal\\\/?p=42014\",\"name\":\"Secretaria Estadual de Sa\u00fade confirma primeiro caso de febre chikungunya em Minas Gerais - Aconteceu no Vale\",\"isPartOf\":{\"@id\":\"https:\\\/\\\/aconteceunovale.com.br\\\/portal\\\/#website\"},\"primaryImageOfPage\":{\"@id\":\"https:\\\/\\\/aconteceunovale.com.br\\\/portal\\\/?p=42014#primaryimage\"},\"image\":{\"@id\":\"https:\\\/\\\/aconteceunovale.com.br\\\/portal\\\/?p=42014#primaryimage\"},\"thumbnailUrl\":\"https:\\\/\\\/aconteceunovale.com.br\\\/portal\\\/wp-content\\\/uploads\\\/2014\\\/10\\\/febre_chikungunya.jpg\",\"datePublished\":\"2014-10-13T20:24:41+00:00\",\"author\":{\"@id\":\"https:\\\/\\\/aconteceunovale.com.br\\\/portal\\\/#\\\/schema\\\/person\\\/633529146f2c94272bef50ac2953d589\"},\"breadcrumb\":{\"@id\":\"https:\\\/\\\/aconteceunovale.com.br\\\/portal\\\/?p=42014#breadcrumb\"},\"inLanguage\":\"pt-BR\",\"potentialAction\":[{\"@type\":\"ReadAction\",\"target\":[\"https:\\\/\\\/aconteceunovale.com.br\\\/portal\\\/?p=42014\"]}]},{\"@type\":\"ImageObject\",\"inLanguage\":\"pt-BR\",\"@id\":\"https:\\\/\\\/aconteceunovale.com.br\\\/portal\\\/?p=42014#primaryimage\",\"url\":\"https:\\\/\\\/aconteceunovale.com.br\\\/portal\\\/wp-content\\\/uploads\\\/2014\\\/10\\\/febre_chikungunya.jpg\",\"contentUrl\":\"https:\\\/\\\/aconteceunovale.com.br\\\/portal\\\/wp-content\\\/uploads\\\/2014\\\/10\\\/febre_chikungunya.jpg\",\"width\":669,\"height\":450},{\"@type\":\"BreadcrumbList\",\"@id\":\"https:\\\/\\\/aconteceunovale.com.br\\\/portal\\\/?p=42014#breadcrumb\",\"itemListElement\":[{\"@type\":\"ListItem\",\"position\":1,\"name\":\"In\u00edcio\",\"item\":\"https:\\\/\\\/aconteceunovale.com.br\\\/portal\\\/\"},{\"@type\":\"ListItem\",\"position\":2,\"name\":\"Secretaria Estadual de Sa\u00fade confirma primeiro caso de febre chikungunya em Minas Gerais\"}]},{\"@type\":\"WebSite\",\"@id\":\"https:\\\/\\\/aconteceunovale.com.br\\\/portal\\\/#website\",\"url\":\"https:\\\/\\\/aconteceunovale.com.br\\\/portal\\\/\",\"name\":\"Aconteceu no Vale\",\"description\":\"Portal de Not\u00edcias\",\"potentialAction\":[{\"@type\":\"SearchAction\",\"target\":{\"@type\":\"EntryPoint\",\"urlTemplate\":\"https:\\\/\\\/aconteceunovale.com.br\\\/portal\\\/?s={search_term_string}\"},\"query-input\":{\"@type\":\"PropertyValueSpecification\",\"valueRequired\":true,\"valueName\":\"search_term_string\"}}],\"inLanguage\":\"pt-BR\"},{\"@type\":\"Person\",\"@id\":\"https:\\\/\\\/aconteceunovale.com.br\\\/portal\\\/#\\\/schema\\\/person\\\/633529146f2c94272bef50ac2953d589\",\"name\":\"Aconteceu no Vale\",\"description\":\"Equipe de reportagem do Aconteceu no Vale, portal de not\u00edcias do Vale do Jequitinhonha, em Minas Gerais. Cobrimos as 51 cidades do Vale desde 2013. Sugest\u00f5es de pauta e pedidos de corre\u00e7\u00e3o: contato@aconteceunovale.com.br\",\"sameAs\":[\"http:\\\/\\\/www.aconteceunovale.com.br\"],\"url\":\"https:\\\/\\\/aconteceunovale.com.br\\\/portal\\\/?author=1\"}]}<\/script>\n<!-- \/ Yoast SEO plugin. -->","yoast_head_json":{"title":"Secretaria Estadual de Sa\u00fade confirma primeiro caso de febre chikungunya em Minas Gerais - Aconteceu no Vale","robots":{"index":"index","follow":"follow","max-snippet":"max-snippet:-1","max-image-preview":"max-image-preview:large","max-video-preview":"max-video-preview:-1"},"canonical":"https:\/\/aconteceunovale.com.br\/portal\/?p=42014","og_locale":"pt_BR","og_type":"article","og_title":"Secretaria Estadual de Sa\u00fade confirma primeiro caso de febre chikungunya em Minas Gerais - Aconteceu no Vale","og_description":"A paciente \u00e9 moradora de Matozinhos, cidade na Regi\u00e3o Metropolitana de Belo Horizonte, e teria contra\u00eddo a doen\u00e7a em Minas A Secretaria Estadual de Sa\u00fade (SES) confirmou, nesta segunda-feira (13), o primeiro caso de febre chikungunya em Minas Gerais. A paciente \u00e9 moradora de Matozinhos, cidade na Regi\u00e3o Metropolitana de Belo Horizonte, e teria contra\u00eddo [&hellip;]","og_url":"https:\/\/aconteceunovale.com.br\/portal\/?p=42014","og_site_name":"Aconteceu no Vale","article_publisher":"https:\/\/www.facebook.com\/aconteceunovale\/","article_published_time":"2014-10-13T20:24:41+00:00","og_image":[{"width":669,"height":450,"url":"https:\/\/aconteceunovale.com.br\/portal\/wp-content\/uploads\/2014\/10\/febre_chikungunya.jpg","type":"image\/jpeg"}],"author":"Aconteceu no Vale","twitter_card":"summary_large_image","twitter_creator":"@noticiadosvales","twitter_site":"@noticiadosvales","twitter_misc":{"Escrito por":"Aconteceu no Vale","Est. tempo de leitura":"4 minutos"},"schema":{"@context":"https:\/\/schema.org","@graph":[{"@type":"Article","@id":"https:\/\/aconteceunovale.com.br\/portal\/?p=42014#article","isPartOf":{"@id":"https:\/\/aconteceunovale.com.br\/portal\/?p=42014"},"author":{"name":"Aconteceu no Vale","@id":"https:\/\/aconteceunovale.com.br\/portal\/#\/schema\/person\/633529146f2c94272bef50ac2953d589"},"headline":"Secretaria Estadual de Sa\u00fade confirma primeiro caso de febre chikungunya em Minas Gerais","datePublished":"2014-10-13T20:24:41+00:00","mainEntityOfPage":{"@id":"https:\/\/aconteceunovale.com.br\/portal\/?p=42014"},"wordCount":729,"commentCount":0,"image":{"@id":"https:\/\/aconteceunovale.com.br\/portal\/?p=42014#primaryimage"},"thumbnailUrl":"https:\/\/aconteceunovale.com.br\/portal\/wp-content\/uploads\/2014\/10\/febre_chikungunya.jpg","keywords":["caso de febre chikungunya em Matozinhos","caso de febre chikungunya em Minas Gerais","destaque","febre Chikungunya","febre chikungunya em Minas Gerais","Matozinhos","primeiro caso de febre chikungunya em Minas Gerais","Secretaria Estadual de Sa\u00fade confirma primeiro caso de febre chikungunya em Minas Gerais"],"articleSection":["Minas Gerais"],"inLanguage":"pt-BR","potentialAction":[{"@type":"CommentAction","name":"Comment","target":["https:\/\/aconteceunovale.com.br\/portal\/?p=42014#respond"]}]},{"@type":"WebPage","@id":"https:\/\/aconteceunovale.com.br\/portal\/?p=42014","url":"https:\/\/aconteceunovale.com.br\/portal\/?p=42014","name":"Secretaria Estadual de Sa\u00fade confirma primeiro caso de febre chikungunya em Minas Gerais - Aconteceu no Vale","isPartOf":{"@id":"https:\/\/aconteceunovale.com.br\/portal\/#website"},"primaryImageOfPage":{"@id":"https:\/\/aconteceunovale.com.br\/portal\/?p=42014#primaryimage"},"image":{"@id":"https:\/\/aconteceunovale.com.br\/portal\/?p=42014#primaryimage"},"thumbnailUrl":"https:\/\/aconteceunovale.com.br\/portal\/wp-content\/uploads\/2014\/10\/febre_chikungunya.jpg","datePublished":"2014-10-13T20:24:41+00:00","author":{"@id":"https:\/\/aconteceunovale.com.br\/portal\/#\/schema\/person\/633529146f2c94272bef50ac2953d589"},"breadcrumb":{"@id":"https:\/\/aconteceunovale.com.br\/portal\/?p=42014#breadcrumb"},"inLanguage":"pt-BR","potentialAction":[{"@type":"ReadAction","target":["https:\/\/aconteceunovale.com.br\/portal\/?p=42014"]}]},{"@type":"ImageObject","inLanguage":"pt-BR","@id":"https:\/\/aconteceunovale.com.br\/portal\/?p=42014#primaryimage","url":"https:\/\/aconteceunovale.com.br\/portal\/wp-content\/uploads\/2014\/10\/febre_chikungunya.jpg","contentUrl":"https:\/\/aconteceunovale.com.br\/portal\/wp-content\/uploads\/2014\/10\/febre_chikungunya.jpg","width":669,"height":450},{"@type":"BreadcrumbList","@id":"https:\/\/aconteceunovale.com.br\/portal\/?p=42014#breadcrumb","itemListElement":[{"@type":"ListItem","position":1,"name":"In\u00edcio","item":"https:\/\/aconteceunovale.com.br\/portal\/"},{"@type":"ListItem","position":2,"name":"Secretaria Estadual de Sa\u00fade confirma primeiro caso de febre chikungunya em Minas Gerais"}]},{"@type":"WebSite","@id":"https:\/\/aconteceunovale.com.br\/portal\/#website","url":"https:\/\/aconteceunovale.com.br\/portal\/","name":"Aconteceu no Vale","description":"Portal de Not\u00edcias","potentialAction":[{"@type":"SearchAction","target":{"@type":"EntryPoint","urlTemplate":"https:\/\/aconteceunovale.com.br\/portal\/?s={search_term_string}"},"query-input":{"@type":"PropertyValueSpecification","valueRequired":true,"valueName":"search_term_string"}}],"inLanguage":"pt-BR"},{"@type":"Person","@id":"https:\/\/aconteceunovale.com.br\/portal\/#\/schema\/person\/633529146f2c94272bef50ac2953d589","name":"Aconteceu no Vale","description":"Equipe de reportagem do Aconteceu no Vale, portal de not\u00edcias do Vale do Jequitinhonha, em Minas Gerais. Cobrimos as 51 cidades do Vale desde 2013. Sugest\u00f5es de pauta e pedidos de corre\u00e7\u00e3o: contato@aconteceunovale.com.br","sameAs":["http:\/\/www.aconteceunovale.com.br"],"url":"https:\/\/aconteceunovale.com.br\/portal\/?author=1"}]}},"_links":{"self":[{"href":"https:\/\/aconteceunovale.com.br\/portal\/index.php?rest_route=\/wp\/v2\/posts\/42014","targetHints":{"allow":["GET"]}}],"collection":[{"href":"https:\/\/aconteceunovale.com.br\/portal\/index.php?rest_route=\/wp\/v2\/posts"}],"about":[{"href":"https:\/\/aconteceunovale.com.br\/portal\/index.php?rest_route=\/wp\/v2\/types\/post"}],"author":[{"embeddable":true,"href":"https:\/\/aconteceunovale.com.br\/portal\/index.php?rest_route=\/wp\/v2\/users\/1"}],"replies":[{"embeddable":true,"href":"https:\/\/aconteceunovale.com.br\/portal\/index.php?rest_route=%2Fwp%2Fv2%2Fcomments&post=42014"}],"version-history":[{"count":0,"href":"https:\/\/aconteceunovale.com.br\/portal\/index.php?rest_route=\/wp\/v2\/posts\/42014\/revisions"}],"wp:featuredmedia":[{"embeddable":true,"href":"https:\/\/aconteceunovale.com.br\/portal\/index.php?rest_route=\/wp\/v2\/media\/42015"}],"wp:attachment":[{"href":"https:\/\/aconteceunovale.com.br\/portal\/index.php?rest_route=%2Fwp%2Fv2%2Fmedia&parent=42014"}],"wp:term":[{"taxonomy":"category","embeddable":true,"href":"https:\/\/aconteceunovale.com.br\/portal\/index.php?rest_route=%2Fwp%2Fv2%2Fcategories&post=42014"},{"taxonomy":"post_tag","embeddable":true,"href":"https:\/\/aconteceunovale.com.br\/portal\/index.php?rest_route=%2Fwp%2Fv2%2Ftags&post=42014"}],"curies":[{"name":"wp","href":"https:\/\/api.w.org\/{rel}","templated":true}]}}