{"id":42012,"date":"2014-10-13T16:53:50","date_gmt":"2014-10-13T19:53:50","guid":{"rendered":"http:\/\/aconteceunovale.com.br\/portal\/?p=42012"},"modified":"2014-10-13T16:55:40","modified_gmt":"2014-10-13T19:55:40","slug":"demanda-por-energia-eletrica-tera-reducao-de-4-no-periodo-do-horario-de-verao-em-minas","status":"publish","type":"post","link":"https:\/\/aconteceunovale.com.br\/portal\/?p=42012","title":{"rendered":"Demanda por energia el\u00e9trica ter\u00e1 redu\u00e7\u00e3o de 4% no per\u00edodo do hor\u00e1rio de ver\u00e3o em Minas"},"content":{"rendered":"<h4><em><strong>Outros benef\u00edcios s\u00e3o a economia de energia e a redu\u00e7\u00e3o do consumo<\/strong><\/em><\/h4>\n<p>A Companhia Energ\u00e9tica de Minas Gerais (Cemig) estima uma redu\u00e7\u00e3o de 4% na demanda di\u00e1ria por energia el\u00e9trica, em sua \u00e1rea de concess\u00e3o, com o in\u00edcio do hor\u00e1rio de ver\u00e3o, no pr\u00f3ximo domingo (19\/10). A pot\u00eancia salva \u00e9 equivalente a 350 MW e corresponde \u00e0 demanda de pico de uma cidade com 750 mil habitantes. A economia de energia, outro benef\u00edcio do hor\u00e1rio de ver\u00e3o, ser\u00e1 de at\u00e9 0,5%, ou 108 GWh, energia suficiente para abastecer Belo Horizonte durante nove dias.<\/p>\n<p>De acordo com o engenheiro de planejamento do sistema el\u00e9trico Wilson Fernandes Lage, da Cemig, o hor\u00e1rio de ver\u00e3o garantir\u00e1 a redu\u00e7\u00e3o do carregamento nas linhas de transmiss\u00e3o, transformadores, sistemas de distribui\u00e7\u00e3o e unidades geradoras de energia. \u201cO grande benef\u00edcio dessa redu\u00e7\u00e3o \u00e9 o aumento da confiabilidade e seguran\u00e7a da opera\u00e7\u00e3o do sistema el\u00e9trico, reduzindo o risco de ocorr\u00eancia de apag\u00f5es\u201d, afirma.<\/p>\n<p>Outra vantagem mencionada pelo engenheiro \u00e9 o menor gasto de energia, principalmente nas classes comercial e residencial. \u201cIsso ocorre devido ao menor tempo de utiliza\u00e7\u00e3o da ilumina\u00e7\u00e3o artificial, que pode reduzir at\u00e9 5% o consumo mensal dos clientes\u201d, esclarece Wilson.<\/p>\n<p>O hor\u00e1rio de ver\u00e3o come\u00e7a \u00e0 zero hora de domingo (19\/10), quando os rel\u00f3gios dever\u00e3o ser adiantados em uma hora nos estados do Sul, Sudeste e Centro-Oeste do Pa\u00eds. Os estados do Norte e Nordeste n\u00e3o adotam o hor\u00e1rio de ver\u00e3o devido \u00e0 proximidade da Linha do Equador, o que faz com que a dura\u00e7\u00e3o dos dias n\u00e3o apresente altera\u00e7\u00f5es significativas ao longo do ano nessas regi\u00f5es, tornando o efeito do hor\u00e1rio de ver\u00e3o praticamente nulo. A medida vigora at\u00e9 zero hora do dia 22 de fevereiro de 2015, quando os rel\u00f3gios ser\u00e3o atrasados em uma hora.<\/p>\n<h4>Dicas para economizar energia no ver\u00e3o<\/h4>\n<p><strong>L\u00e2mpadas:<\/strong> Evite acender l\u00e2mpadas durante o dia, aproveitando ao m\u00e1ximo a ilumina\u00e7\u00e3o natural. Prefira as l\u00e2mpadas fluorescentes compactas, pois elas duram mais e gastam menos energia. Pinte paredes e tetos com cores claras, que refletem melhor a luz, diminuindo a necessidade de ilumina\u00e7\u00e3o artificial.<\/p>\n<p><strong>Ferro el\u00e9trico:<\/strong> Ligue o aparelho apenas quando houver grande quantidade de roupa para passar. Evite lig\u00e1-lo nos hor\u00e1rios em que muitos outros aparelhos estiverem conectados \u00e0 tomada para evitar sobrecarga na rede. Siga as instru\u00e7\u00f5es de temperatura para cada tipo de tecido e deixe para passar as roupas mais leves ao final, aproveitando o calor do ferro desligado.<\/p>\n<p><strong>Geladeira\/Freezer:<\/strong> Observe o Selo Procel de Economia de Energia ao comprar o produto. N\u00e3o utilize a parte traseira do refrigerador para secar roupas, t\u00eanis, etc. Regule o termostato adequadamente de acordo com as esta\u00e7\u00f5es do ano. N\u00e3o deixe as portas abertas por tempo prolongado. Organize os alimentos para perder menos tempo ao procur\u00e1-los. N\u00e3o forre as prateleiras com pl\u00e1sticos ou vidro, isso prejudica a circula\u00e7\u00e3o interna de ar. N\u00e3o desligue os aparelhos durante a noite para lig\u00e1-los de manh\u00e3.<\/p>\n<p><strong>Televis\u00e3o:<\/strong> N\u00e3o deixe o aparelho ligado se ningu\u00e9m estiver assistindo. Caso a televis\u00e3o tiver programa\u00e7\u00e3o, use o timer quando quiser dormir com ela ligada.<\/p>\n<p><strong>Chuveiro el\u00e9trico:<\/strong> Como \u00e9 um dos aparelhos que mais consome energia, o ideal \u00e9 evitar o uso entre 17 e 22 horas. Deixar a chave na posi\u00e7\u00e3o menos quente (ver\u00e3o), economizando 30% de energia. Feche a torneira para ensaboar e limite o tempo debaixo da \u00e1gua quente.<\/p>\n<p><strong>Ar-condicionado:<\/strong> Procurar os modelos com selo Procel de Economia de Energia. Dimensione adequadamente o aparelho para o tamanho do ambiente. Evite o calor do sol no ambiente, fechando cortinas e persianas. N\u00e3o tape a sa\u00edda de ar do aparelho. Desligue-o sempre que se ausentar por muito tempo do local onde o aparelho estiver instalado.<\/p>\n<p><strong>Lavadora\/Secadora:<\/strong> Lave, de uma s\u00f3 vez, a quantidade m\u00e1xima de roupa indicada pelo fabricante. Use a dose certa de sab\u00e3o especificada no manual para evitar repetir opera\u00e7\u00f5es de enx\u00e1gue. Mantenha o filtro sempre limpo.<\/p>\n<p><strong>Computadores:<\/strong> Mantenha acionado o Energy Stay, utilizando os recursos de economia de energia do monitor. Esse sistema desliga o monitor quando o computador n\u00e3o est\u00e1 sendo utilizado. N\u00e3o deixe os acess\u00f3rios do computador ligados sem necessidade.<\/p>\n","protected":false},"excerpt":{"rendered":"<p>Outros benef\u00edcios s\u00e3o a economia de energia e a redu\u00e7\u00e3o do consumo A Companhia Energ\u00e9tica de Minas Gerais (Cemig) estima uma redu\u00e7\u00e3o de 4% na demanda di\u00e1ria por energia el\u00e9trica, em sua \u00e1rea de concess\u00e3o, com o in\u00edcio do hor\u00e1rio de ver\u00e3o, no pr\u00f3ximo domingo (19\/10). A pot\u00eancia salva \u00e9 equivalente a 350 MW e [&hellip;]<\/p>\n","protected":false},"author":1,"featured_media":41061,"comment_status":"open","ping_status":"closed","sticky":false,"template":"","format":"standard","meta":{"amp_status":"","footnotes":""},"categories":[123],"tags":[347,18567,18561,18564,345,18562,18566,18565,18563],"class_list":["post-42012","post","type-post","status-publish","format-standard","has-post-thumbnail","hentry","category-gerais","tag-cemig","tag-companhia-energetica-de-minas-gerais","tag-demanda-por-energia-eletrica-tera-reducao-de-4-no-periodo-do-horario-de-verao-em-minas","tag-dicas-para-economizar-energia-no-verao","tag-horario-de-verao","tag-horario-de-verao-em-minas-gerais","tag-informativo-da-cemig","tag-publicacoes-da-cemig","tag-reducao-do-consumo-de-energia-eletrica-em-minas-gerais-no-horario-de-verao"],"yoast_head":"<!-- This site is optimized with the Yoast SEO plugin v28.3 - https:\/\/yoast.com\/product\/yoast-seo-wordpress\/ -->\n<title>Demanda por energia el\u00e9trica ter\u00e1 redu\u00e7\u00e3o de 4% no per\u00edodo do hor\u00e1rio de ver\u00e3o em Minas - Aconteceu no Vale<\/title>\n<meta name=\"robots\" content=\"index, follow, max-snippet:-1, max-image-preview:large, max-video-preview:-1\" \/>\n<link rel=\"canonical\" href=\"https:\/\/aconteceunovale.com.br\/portal\/?p=42012\" \/>\n<meta property=\"og:locale\" content=\"pt_BR\" \/>\n<meta property=\"og:type\" content=\"article\" \/>\n<meta property=\"og:title\" content=\"Demanda por energia el\u00e9trica ter\u00e1 redu\u00e7\u00e3o de 4% no per\u00edodo do hor\u00e1rio de ver\u00e3o em Minas - Aconteceu no Vale\" \/>\n<meta property=\"og:description\" content=\"Outros benef\u00edcios s\u00e3o a economia de energia e a redu\u00e7\u00e3o do consumo A Companhia Energ\u00e9tica de Minas Gerais (Cemig) estima uma redu\u00e7\u00e3o de 4% na demanda di\u00e1ria por energia el\u00e9trica, em sua \u00e1rea de concess\u00e3o, com o in\u00edcio do hor\u00e1rio de ver\u00e3o, no pr\u00f3ximo domingo (19\/10). A pot\u00eancia salva \u00e9 equivalente a 350 MW e [&hellip;]\" \/>\n<meta property=\"og:url\" content=\"https:\/\/aconteceunovale.com.br\/portal\/?p=42012\" \/>\n<meta property=\"og:site_name\" content=\"Aconteceu no Vale\" \/>\n<meta property=\"article:publisher\" content=\"https:\/\/www.facebook.com\/aconteceunovale\/\" \/>\n<meta property=\"article:published_time\" content=\"2014-10-13T19:53:50+00:00\" \/>\n<meta property=\"article:modified_time\" content=\"2014-10-13T19:55:40+00:00\" \/>\n<meta property=\"og:image\" content=\"https:\/\/aconteceunovale.com.br\/portal\/wp-content\/uploads\/2014\/10\/horario_de_verao.jpg\" \/>\n\t<meta property=\"og:image:width\" content=\"480\" \/>\n\t<meta property=\"og:image:height\" content=\"300\" \/>\n\t<meta property=\"og:image:type\" content=\"image\/jpeg\" \/>\n<meta name=\"author\" content=\"Aconteceu no Vale\" \/>\n<meta name=\"twitter:card\" content=\"summary_large_image\" \/>\n<meta name=\"twitter:creator\" content=\"@noticiadosvales\" \/>\n<meta name=\"twitter:site\" content=\"@noticiadosvales\" \/>\n<meta name=\"twitter:label1\" content=\"Escrito por\" \/>\n\t<meta name=\"twitter:data1\" content=\"Aconteceu no Vale\" \/>\n\t<meta name=\"twitter:label2\" content=\"Est. tempo de leitura\" \/>\n\t<meta name=\"twitter:data2\" content=\"4 minutos\" \/>\n<script type=\"application\/ld+json\" class=\"yoast-schema-graph\">{\"@context\":\"https:\\\/\\\/schema.org\",\"@graph\":[{\"@type\":\"Article\",\"@id\":\"https:\\\/\\\/aconteceunovale.com.br\\\/portal\\\/?p=42012#article\",\"isPartOf\":{\"@id\":\"https:\\\/\\\/aconteceunovale.com.br\\\/portal\\\/?p=42012\"},\"author\":{\"name\":\"Aconteceu no Vale\",\"@id\":\"https:\\\/\\\/aconteceunovale.com.br\\\/portal\\\/#\\\/schema\\\/person\\\/633529146f2c94272bef50ac2953d589\"},\"headline\":\"Demanda por energia el\u00e9trica ter\u00e1 redu\u00e7\u00e3o de 4% no per\u00edodo do hor\u00e1rio de ver\u00e3o em Minas\",\"datePublished\":\"2014-10-13T19:53:50+00:00\",\"dateModified\":\"2014-10-13T19:55:40+00:00\",\"mainEntityOfPage\":{\"@id\":\"https:\\\/\\\/aconteceunovale.com.br\\\/portal\\\/?p=42012\"},\"wordCount\":760,\"commentCount\":0,\"image\":{\"@id\":\"https:\\\/\\\/aconteceunovale.com.br\\\/portal\\\/?p=42012#primaryimage\"},\"thumbnailUrl\":\"https:\\\/\\\/aconteceunovale.com.br\\\/portal\\\/wp-content\\\/uploads\\\/2014\\\/10\\\/horario_de_verao.jpg\",\"keywords\":[\"cemig\",\"Companhia Energ\u00e9tica de Minas Gerais\",\"Demanda por energia el\u00e9trica ter\u00e1 redu\u00e7\u00e3o de 4% no per\u00edodo do hor\u00e1rio de ver\u00e3o em Minas\",\"Dicas para economizar energia no ver\u00e3o\",\"hor\u00e1rio de ver\u00e3o\",\"hor\u00e1rio de ver\u00e3o em minas gerais\",\"informativo da cemig\",\"publica\u00e7\u00f5es da cemig\",\"redu\u00e7\u00e3o do consumo de energia el\u00e9trica em minas gerais no hor\u00e1rio de ver\u00e3o\"],\"articleSection\":[\"Minas Gerais\"],\"inLanguage\":\"pt-BR\",\"potentialAction\":[{\"@type\":\"CommentAction\",\"name\":\"Comment\",\"target\":[\"https:\\\/\\\/aconteceunovale.com.br\\\/portal\\\/?p=42012#respond\"]}]},{\"@type\":\"WebPage\",\"@id\":\"https:\\\/\\\/aconteceunovale.com.br\\\/portal\\\/?p=42012\",\"url\":\"https:\\\/\\\/aconteceunovale.com.br\\\/portal\\\/?p=42012\",\"name\":\"Demanda por energia el\u00e9trica ter\u00e1 redu\u00e7\u00e3o de 4% no per\u00edodo do hor\u00e1rio de ver\u00e3o em Minas - Aconteceu no Vale\",\"isPartOf\":{\"@id\":\"https:\\\/\\\/aconteceunovale.com.br\\\/portal\\\/#website\"},\"primaryImageOfPage\":{\"@id\":\"https:\\\/\\\/aconteceunovale.com.br\\\/portal\\\/?p=42012#primaryimage\"},\"image\":{\"@id\":\"https:\\\/\\\/aconteceunovale.com.br\\\/portal\\\/?p=42012#primaryimage\"},\"thumbnailUrl\":\"https:\\\/\\\/aconteceunovale.com.br\\\/portal\\\/wp-content\\\/uploads\\\/2014\\\/10\\\/horario_de_verao.jpg\",\"datePublished\":\"2014-10-13T19:53:50+00:00\",\"dateModified\":\"2014-10-13T19:55:40+00:00\",\"author\":{\"@id\":\"https:\\\/\\\/aconteceunovale.com.br\\\/portal\\\/#\\\/schema\\\/person\\\/633529146f2c94272bef50ac2953d589\"},\"breadcrumb\":{\"@id\":\"https:\\\/\\\/aconteceunovale.com.br\\\/portal\\\/?p=42012#breadcrumb\"},\"inLanguage\":\"pt-BR\",\"potentialAction\":[{\"@type\":\"ReadAction\",\"target\":[\"https:\\\/\\\/aconteceunovale.com.br\\\/portal\\\/?p=42012\"]}]},{\"@type\":\"ImageObject\",\"inLanguage\":\"pt-BR\",\"@id\":\"https:\\\/\\\/aconteceunovale.com.br\\\/portal\\\/?p=42012#primaryimage\",\"url\":\"https:\\\/\\\/aconteceunovale.com.br\\\/portal\\\/wp-content\\\/uploads\\\/2014\\\/10\\\/horario_de_verao.jpg\",\"contentUrl\":\"https:\\\/\\\/aconteceunovale.com.br\\\/portal\\\/wp-content\\\/uploads\\\/2014\\\/10\\\/horario_de_verao.jpg\",\"width\":480,\"height\":300},{\"@type\":\"BreadcrumbList\",\"@id\":\"https:\\\/\\\/aconteceunovale.com.br\\\/portal\\\/?p=42012#breadcrumb\",\"itemListElement\":[{\"@type\":\"ListItem\",\"position\":1,\"name\":\"In\u00edcio\",\"item\":\"https:\\\/\\\/aconteceunovale.com.br\\\/portal\\\/\"},{\"@type\":\"ListItem\",\"position\":2,\"name\":\"Demanda por energia el\u00e9trica ter\u00e1 redu\u00e7\u00e3o de 4% no per\u00edodo do hor\u00e1rio de ver\u00e3o em Minas\"}]},{\"@type\":\"WebSite\",\"@id\":\"https:\\\/\\\/aconteceunovale.com.br\\\/portal\\\/#website\",\"url\":\"https:\\\/\\\/aconteceunovale.com.br\\\/portal\\\/\",\"name\":\"Aconteceu no Vale\",\"description\":\"Portal de Not\u00edcias\",\"potentialAction\":[{\"@type\":\"SearchAction\",\"target\":{\"@type\":\"EntryPoint\",\"urlTemplate\":\"https:\\\/\\\/aconteceunovale.com.br\\\/portal\\\/?s={search_term_string}\"},\"query-input\":{\"@type\":\"PropertyValueSpecification\",\"valueRequired\":true,\"valueName\":\"search_term_string\"}}],\"inLanguage\":\"pt-BR\"},{\"@type\":\"Person\",\"@id\":\"https:\\\/\\\/aconteceunovale.com.br\\\/portal\\\/#\\\/schema\\\/person\\\/633529146f2c94272bef50ac2953d589\",\"name\":\"Aconteceu no Vale\",\"description\":\"Equipe de reportagem do Aconteceu no Vale, portal de not\u00edcias do Vale do Jequitinhonha, em Minas Gerais. Cobrimos as 51 cidades do Vale desde 2013. Sugest\u00f5es de pauta e pedidos de corre\u00e7\u00e3o: contato@aconteceunovale.com.br\",\"sameAs\":[\"http:\\\/\\\/www.aconteceunovale.com.br\"],\"url\":\"https:\\\/\\\/aconteceunovale.com.br\\\/portal\\\/?author=1\"}]}<\/script>\n<!-- \/ Yoast SEO plugin. -->","yoast_head_json":{"title":"Demanda por energia el\u00e9trica ter\u00e1 redu\u00e7\u00e3o de 4% no per\u00edodo do hor\u00e1rio de ver\u00e3o em Minas - Aconteceu no Vale","robots":{"index":"index","follow":"follow","max-snippet":"max-snippet:-1","max-image-preview":"max-image-preview:large","max-video-preview":"max-video-preview:-1"},"canonical":"https:\/\/aconteceunovale.com.br\/portal\/?p=42012","og_locale":"pt_BR","og_type":"article","og_title":"Demanda por energia el\u00e9trica ter\u00e1 redu\u00e7\u00e3o de 4% no per\u00edodo do hor\u00e1rio de ver\u00e3o em Minas - Aconteceu no Vale","og_description":"Outros benef\u00edcios s\u00e3o a economia de energia e a redu\u00e7\u00e3o do consumo A Companhia Energ\u00e9tica de Minas Gerais (Cemig) estima uma redu\u00e7\u00e3o de 4% na demanda di\u00e1ria por energia el\u00e9trica, em sua \u00e1rea de concess\u00e3o, com o in\u00edcio do hor\u00e1rio de ver\u00e3o, no pr\u00f3ximo domingo (19\/10). A pot\u00eancia salva \u00e9 equivalente a 350 MW e [&hellip;]","og_url":"https:\/\/aconteceunovale.com.br\/portal\/?p=42012","og_site_name":"Aconteceu no Vale","article_publisher":"https:\/\/www.facebook.com\/aconteceunovale\/","article_published_time":"2014-10-13T19:53:50+00:00","article_modified_time":"2014-10-13T19:55:40+00:00","og_image":[{"width":480,"height":300,"url":"https:\/\/aconteceunovale.com.br\/portal\/wp-content\/uploads\/2014\/10\/horario_de_verao.jpg","type":"image\/jpeg"}],"author":"Aconteceu no Vale","twitter_card":"summary_large_image","twitter_creator":"@noticiadosvales","twitter_site":"@noticiadosvales","twitter_misc":{"Escrito por":"Aconteceu no Vale","Est. tempo de leitura":"4 minutos"},"schema":{"@context":"https:\/\/schema.org","@graph":[{"@type":"Article","@id":"https:\/\/aconteceunovale.com.br\/portal\/?p=42012#article","isPartOf":{"@id":"https:\/\/aconteceunovale.com.br\/portal\/?p=42012"},"author":{"name":"Aconteceu no Vale","@id":"https:\/\/aconteceunovale.com.br\/portal\/#\/schema\/person\/633529146f2c94272bef50ac2953d589"},"headline":"Demanda por energia el\u00e9trica ter\u00e1 redu\u00e7\u00e3o de 4% no per\u00edodo do hor\u00e1rio de ver\u00e3o em Minas","datePublished":"2014-10-13T19:53:50+00:00","dateModified":"2014-10-13T19:55:40+00:00","mainEntityOfPage":{"@id":"https:\/\/aconteceunovale.com.br\/portal\/?p=42012"},"wordCount":760,"commentCount":0,"image":{"@id":"https:\/\/aconteceunovale.com.br\/portal\/?p=42012#primaryimage"},"thumbnailUrl":"https:\/\/aconteceunovale.com.br\/portal\/wp-content\/uploads\/2014\/10\/horario_de_verao.jpg","keywords":["cemig","Companhia Energ\u00e9tica de Minas Gerais","Demanda por energia el\u00e9trica ter\u00e1 redu\u00e7\u00e3o de 4% no per\u00edodo do hor\u00e1rio de ver\u00e3o em Minas","Dicas para economizar energia no ver\u00e3o","hor\u00e1rio de ver\u00e3o","hor\u00e1rio de ver\u00e3o em minas gerais","informativo da cemig","publica\u00e7\u00f5es da cemig","redu\u00e7\u00e3o do consumo de energia el\u00e9trica em minas gerais no hor\u00e1rio de ver\u00e3o"],"articleSection":["Minas Gerais"],"inLanguage":"pt-BR","potentialAction":[{"@type":"CommentAction","name":"Comment","target":["https:\/\/aconteceunovale.com.br\/portal\/?p=42012#respond"]}]},{"@type":"WebPage","@id":"https:\/\/aconteceunovale.com.br\/portal\/?p=42012","url":"https:\/\/aconteceunovale.com.br\/portal\/?p=42012","name":"Demanda por energia el\u00e9trica ter\u00e1 redu\u00e7\u00e3o de 4% no per\u00edodo do hor\u00e1rio de ver\u00e3o em Minas - Aconteceu no Vale","isPartOf":{"@id":"https:\/\/aconteceunovale.com.br\/portal\/#website"},"primaryImageOfPage":{"@id":"https:\/\/aconteceunovale.com.br\/portal\/?p=42012#primaryimage"},"image":{"@id":"https:\/\/aconteceunovale.com.br\/portal\/?p=42012#primaryimage"},"thumbnailUrl":"https:\/\/aconteceunovale.com.br\/portal\/wp-content\/uploads\/2014\/10\/horario_de_verao.jpg","datePublished":"2014-10-13T19:53:50+00:00","dateModified":"2014-10-13T19:55:40+00:00","author":{"@id":"https:\/\/aconteceunovale.com.br\/portal\/#\/schema\/person\/633529146f2c94272bef50ac2953d589"},"breadcrumb":{"@id":"https:\/\/aconteceunovale.com.br\/portal\/?p=42012#breadcrumb"},"inLanguage":"pt-BR","potentialAction":[{"@type":"ReadAction","target":["https:\/\/aconteceunovale.com.br\/portal\/?p=42012"]}]},{"@type":"ImageObject","inLanguage":"pt-BR","@id":"https:\/\/aconteceunovale.com.br\/portal\/?p=42012#primaryimage","url":"https:\/\/aconteceunovale.com.br\/portal\/wp-content\/uploads\/2014\/10\/horario_de_verao.jpg","contentUrl":"https:\/\/aconteceunovale.com.br\/portal\/wp-content\/uploads\/2014\/10\/horario_de_verao.jpg","width":480,"height":300},{"@type":"BreadcrumbList","@id":"https:\/\/aconteceunovale.com.br\/portal\/?p=42012#breadcrumb","itemListElement":[{"@type":"ListItem","position":1,"name":"In\u00edcio","item":"https:\/\/aconteceunovale.com.br\/portal\/"},{"@type":"ListItem","position":2,"name":"Demanda por energia el\u00e9trica ter\u00e1 redu\u00e7\u00e3o de 4% no per\u00edodo do hor\u00e1rio de ver\u00e3o em Minas"}]},{"@type":"WebSite","@id":"https:\/\/aconteceunovale.com.br\/portal\/#website","url":"https:\/\/aconteceunovale.com.br\/portal\/","name":"Aconteceu no Vale","description":"Portal de Not\u00edcias","potentialAction":[{"@type":"SearchAction","target":{"@type":"EntryPoint","urlTemplate":"https:\/\/aconteceunovale.com.br\/portal\/?s={search_term_string}"},"query-input":{"@type":"PropertyValueSpecification","valueRequired":true,"valueName":"search_term_string"}}],"inLanguage":"pt-BR"},{"@type":"Person","@id":"https:\/\/aconteceunovale.com.br\/portal\/#\/schema\/person\/633529146f2c94272bef50ac2953d589","name":"Aconteceu no Vale","description":"Equipe de reportagem do Aconteceu no Vale, portal de not\u00edcias do Vale do Jequitinhonha, em Minas Gerais. Cobrimos as 51 cidades do Vale desde 2013. Sugest\u00f5es de pauta e pedidos de corre\u00e7\u00e3o: contato@aconteceunovale.com.br","sameAs":["http:\/\/www.aconteceunovale.com.br"],"url":"https:\/\/aconteceunovale.com.br\/portal\/?author=1"}]}},"_links":{"self":[{"href":"https:\/\/aconteceunovale.com.br\/portal\/index.php?rest_route=\/wp\/v2\/posts\/42012","targetHints":{"allow":["GET"]}}],"collection":[{"href":"https:\/\/aconteceunovale.com.br\/portal\/index.php?rest_route=\/wp\/v2\/posts"}],"about":[{"href":"https:\/\/aconteceunovale.com.br\/portal\/index.php?rest_route=\/wp\/v2\/types\/post"}],"author":[{"embeddable":true,"href":"https:\/\/aconteceunovale.com.br\/portal\/index.php?rest_route=\/wp\/v2\/users\/1"}],"replies":[{"embeddable":true,"href":"https:\/\/aconteceunovale.com.br\/portal\/index.php?rest_route=%2Fwp%2Fv2%2Fcomments&post=42012"}],"version-history":[{"count":0,"href":"https:\/\/aconteceunovale.com.br\/portal\/index.php?rest_route=\/wp\/v2\/posts\/42012\/revisions"}],"wp:featuredmedia":[{"embeddable":true,"href":"https:\/\/aconteceunovale.com.br\/portal\/index.php?rest_route=\/wp\/v2\/media\/41061"}],"wp:attachment":[{"href":"https:\/\/aconteceunovale.com.br\/portal\/index.php?rest_route=%2Fwp%2Fv2%2Fmedia&parent=42012"}],"wp:term":[{"taxonomy":"category","embeddable":true,"href":"https:\/\/aconteceunovale.com.br\/portal\/index.php?rest_route=%2Fwp%2Fv2%2Fcategories&post=42012"},{"taxonomy":"post_tag","embeddable":true,"href":"https:\/\/aconteceunovale.com.br\/portal\/index.php?rest_route=%2Fwp%2Fv2%2Ftags&post=42012"}],"curies":[{"name":"wp","href":"https:\/\/api.w.org\/{rel}","templated":true}]}}