{"id":42001,"date":"2014-10-13T14:34:53","date_gmt":"2014-10-13T17:34:53","guid":{"rendered":"http:\/\/aconteceunovale.com.br\/portal\/?p=42001"},"modified":"2014-10-13T21:36:05","modified_gmt":"2014-10-14T00:36:05","slug":"acidente-envolvendo-onibus-e-carreta-deixa-varias-vitimas-no-norte-de-minas","status":"publish","type":"post","link":"https:\/\/aconteceunovale.com.br\/portal\/?p=42001","title":{"rendered":"Uma pessoa morre e v\u00e1rias ficam feridas em acidente entre \u00f4nibus e carreta no Norte de Minas"},"content":{"rendered":"<h4><strong><em>\u00d4nibus levava romeiros de Bom Jesus da Lapa para S\u00e3o Jo\u00e3o da Ponte. Uma pessoa morreu e 42 ficaram feridas.<\/em><\/strong><\/h4>\n<p>Um acidente envolvendo um \u00f4nibus e uma carreta deixou uma pessoa morta e 42 feridas no final da manh\u00e3 desta segunda-feira, 13 de outubro, na altura do quil\u00f4metro 88 da MG-122, entre os munic\u00edpios de Mato Verde e Porteirinha, no Norte de Minas Gerais.<\/p>\n<p><img decoding=\"async\" src=\"http:\/\/aconteceunovale.com.br\/portal\/wp-content\/uploads\/2014\/10\/acidente_romeiros_13_1.jpg\" alt=\"\" \/><em>\u00d4nibus pegou fogo ap\u00f3s tombar em ribanceira &#8211; Foto: SAMU\/Divulga\u00e7\u00e3o<\/em><br \/>\n<\/br><\/p>\n<p>De acordo com informa\u00e7\u00f5es da Pol\u00edcia Militar, os motoristas da carreta de do \u00f4nibus apresentaram a mesma vers\u00e3o para o acidente. Segundo os relatos, um caminh\u00e3o pipa seguia em dire\u00e7\u00e3o da cidade de Porteirinha, quando decidiu realizar uma ultrapassagem e invadiu a contram\u00e3o. Para evitar uma colis\u00e3o, o condutor da carreta freou bruscamente. O motorista do \u00f4nibus que seguia no mesmo sentido n\u00e3o conseguiu parar a tempo e atingiu a traseira da carreta.<\/p>\n<p>Ainda de acordo com o boletim de ocorr\u00eancia, ap\u00f3s a colis\u00e3o, a barra de dire\u00e7\u00e3o do \u00f4nibus quebrou, fazendo com que o motorista perdesse o controle da dire\u00e7\u00e3o. O ve\u00edculo capotou e caiu na ribanceira, onde pegou fogo. <\/p>\n<p>O \u00f4nibus levava romeiros de Bom Jesus da Lapa, na Bahia, para S\u00e3o Jo\u00e3o da Ponte, no Norte de Minas. Equipes do Servi\u00e7o de Atendimento M\u00f3vel de Urg\u00eancia (Samu) e do Corpo de Bombeiros resgataram as v\u00edtimas. <\/p>\n<h4>Quarenta e dois feridos e um morto<\/h4>\n<p>Segundo a assessoria de imprensa do Samu, a maior parte dos passageiros conseguiu sair do \u00f4nibus antes que ele fosse tomado pelas chamas. Apenas um deles, identificado como Jos\u00e9 Carlos Rodrigues Cordeiro, de 45 anos, que ficou preso entre as ferragens, n\u00e3o conseguiu deixar o ve\u00edculo e morreu carbonizado.<\/p>\n<p>De acordo com o Servi\u00e7o de Atendimento M\u00f3vel de Urg\u00eancia (Samu), todos os ocupantes do \u00f4nibus tiveram ferimentos leves, mas parte dos romeiros deixou o local do acidente antes da chegada do socorro, pegando caronas na rodovia. Desses ocupantes, 10 foram socorridos com ferimentos mais graves e levados para o Hospital Regional de Jana\u00faba e para unidades de sa\u00fade em Porteirinha. Nenhum dos feridos corre risco de morrer. O motorista da carreta, segundo informa\u00e7\u00f5es do Samu, n\u00e3o se feriu.<\/p>\n<p><img decoding=\"async\" src=\"http:\/\/aconteceunovale.com.br\/portal\/wp-content\/uploads\/2014\/10\/acidente_romeiros_13_2.jpg\" alt=\"\" \/><em>\u00d4nibus pegou fogo ap\u00f3s tombar em ribanceira &#8211; Foto: SAMU\/Divulga\u00e7\u00e3o<\/em><\/p>\n","protected":false},"excerpt":{"rendered":"<p>\u00d4nibus levava romeiros de Bom Jesus da Lapa para S\u00e3o Jo\u00e3o da Ponte. Uma pessoa morreu e 42 ficaram feridas. Um acidente envolvendo um \u00f4nibus e uma carreta deixou uma pessoa morta e 42 feridas no final da manh\u00e3 desta segunda-feira, 13 de outubro, na altura do quil\u00f4metro 88 da MG-122, entre os munic\u00edpios de [&hellip;]<\/p>\n","protected":false},"author":1,"featured_media":42008,"comment_status":"open","ping_status":"closed","sticky":false,"template":"","format":"standard","meta":{"amp_status":"","footnotes":""},"categories":[1236],"tags":[18557,18556,18554,18555,18553,10073,1018,18559,18604,1195,18558,1194,2448,18560],"class_list":["post-42001","post","type-post","status-publish","format-standard","has-post-thumbnail","hentry","category-norte_de_minas","tag-acidente-com-onibus-de-romeiros-de-sao-joao-da-ponte","tag-acidente-com-onibus-de-sao-joao-da-ponte","tag-acidente-envolvendo-onibus-e-carreta-deixa-varias-vitimas-entre-mato-verde-e-porteirinha","tag-acidente-envolvendo-onibus-e-carreta-deixa-varias-vitimas-na-mg-122","tag-acidente-envolvendo-onibus-e-carreta-deixa-varias-vitimas-no-norte-de-minas","tag-bom-jesus-da-lapa","tag-destaque","tag-fotos-do-acidente-com-romeiros-de-sao-joao-da-ponte","tag-jose-carlos-rodrigues-cordeiro","tag-mato-verde","tag-nomes-das-vitimas-do-acidente-com-onibus-de-romeiros-de-sao-joao-da-ponte","tag-porteirinha","tag-sao-joao-da-ponte","tag-uma-pessoa-morre-e-varias-ficam-feridas-em-acidente-entre-onibus-e-carreta-no-norte-de-minas"],"_links":{"self":[{"href":"https:\/\/aconteceunovale.com.br\/portal\/index.php?rest_route=\/wp\/v2\/posts\/42001","targetHints":{"allow":["GET"]}}],"collection":[{"href":"https:\/\/aconteceunovale.com.br\/portal\/index.php?rest_route=\/wp\/v2\/posts"}],"about":[{"href":"https:\/\/aconteceunovale.com.br\/portal\/index.php?rest_route=\/wp\/v2\/types\/post"}],"author":[{"embeddable":true,"href":"https:\/\/aconteceunovale.com.br\/portal\/index.php?rest_route=\/wp\/v2\/users\/1"}],"replies":[{"embeddable":true,"href":"https:\/\/aconteceunovale.com.br\/portal\/index.php?rest_route=%2Fwp%2Fv2%2Fcomments&post=42001"}],"version-history":[{"count":0,"href":"https:\/\/aconteceunovale.com.br\/portal\/index.php?rest_route=\/wp\/v2\/posts\/42001\/revisions"}],"wp:featuredmedia":[{"embeddable":true,"href":"https:\/\/aconteceunovale.com.br\/portal\/index.php?rest_route=\/wp\/v2\/media\/42008"}],"wp:attachment":[{"href":"https:\/\/aconteceunovale.com.br\/portal\/index.php?rest_route=%2Fwp%2Fv2%2Fmedia&parent=42001"}],"wp:term":[{"taxonomy":"category","embeddable":true,"href":"https:\/\/aconteceunovale.com.br\/portal\/index.php?rest_route=%2Fwp%2Fv2%2Fcategories&post=42001"},{"taxonomy":"post_tag","embeddable":true,"href":"https:\/\/aconteceunovale.com.br\/portal\/index.php?rest_route=%2Fwp%2Fv2%2Ftags&post=42001"}],"curies":[{"name":"wp","href":"https:\/\/api.w.org\/{rel}","templated":true}]}}