{"id":41998,"date":"2014-10-13T13:43:43","date_gmt":"2014-10-13T16:43:43","guid":{"rendered":"http:\/\/aconteceunovale.com.br\/portal\/?p=41998"},"modified":"2014-10-13T13:43:43","modified_gmt":"2014-10-13T16:43:43","slug":"tremor-de-35-graus-na-escala-richter-atingiu-montes-claros-na-madrugada-de-domingo","status":"publish","type":"post","link":"https:\/\/aconteceunovale.com.br\/portal\/?p=41998","title":{"rendered":"Tremor de 3,5 graus na Escala Richter atingiu Montes Claros na madrugada de domingo"},"content":{"rendered":"<h4><em><strong>O fen\u00f4meno assustou os moradores na madrugada de domingo, mas n\u00e3o h\u00e1 registros de danos<\/strong><\/em><\/h4>\n<p>O tremor de terra na madrugada desse domingo em Montes Claros, no Norte de Minas, teve intensidade de 3,52 graus nas Escala Richter. Esse \u00e9 o segundo sismo registrado na cidade este m\u00eas pelo Observat\u00f3rio Sismol\u00f3gico da Universidade de Bras\u00edlia (UnB). <\/p>\n<p>O fen\u00f4meno aconteceu \u00e0s 3h32 e foi sentido pela popula\u00e7\u00e3o de praticamente todos os bairros. O Corpo de Bombeiros da cidade informou que recebeu dezenas de chamadas, mas todas foram de pessoas assustadas ou pedindo orienta\u00e7\u00f5es de como deveriam agir. N\u00e3o h\u00e1 registros de danos.<\/p>\n<p>Montes Claros j\u00e1 tem um hist\u00f3rico de abalos s\u00edsmicos, que de acordo com estudos realizados pela UnB e pela Universidade de S\u00e3o Paulo (USP) t\u00eam como causa uma falha geol\u00f3gica situada pr\u00f3xima \u00e0 \u00e1rea urbana. Em abril deste ano, em um \u00fanico dia foram registrados cinco tremores e o mais forte deles atingiu 3,9 graus na Escala Richter.<\/p>\n<p>A Defesa Civil de Montes Claros informou que tem realizado palestras em escolas, empresas, ind\u00fastrias e em outros locais. Para receber o grupo, basta agendar uma palestra atrav\u00e9s do 199. <\/p>\n<p><img decoding=\"async\" src=\"http:\/\/aconteceunovale.com.br\/portal\/wp-content\/uploads\/2014\/10\/sismo_moc_12.png\" alt=\"\" \/><em>Gr\u00e1fico divulgado pelo Observat\u00f3rio Sismol\u00f3gico da Universidade de Bras\u00edlia<\/em><br \/>\n<\/br><\/p>\n<p><strong><em>(Estado de Minas)<\/em><\/strong><\/p>\n","protected":false},"excerpt":{"rendered":"<p>O fen\u00f4meno assustou os moradores na madrugada de domingo, mas n\u00e3o h\u00e1 registros de danos O tremor de terra na madrugada desse domingo em Montes Claros, no Norte de Minas, teve intensidade de 3,52 graus nas Escala Richter. Esse \u00e9 o segundo sismo registrado na cidade este m\u00eas pelo Observat\u00f3rio Sismol\u00f3gico da Universidade de Bras\u00edlia [&hellip;]<\/p>\n","protected":false},"author":1,"featured_media":41999,"comment_status":"open","ping_status":"closed","sticky":false,"template":"","format":"standard","meta":{"amp_status":"","footnotes":""},"categories":[1236],"tags":[18551,210,18550,18552],"class_list":["post-41998","post","type-post","status-publish","format-standard","has-post-thumbnail","hentry","category-norte_de_minas","tag-escala-richter","tag-montes-claros","tag-tremor-de-3-5-graus-na-escala-richter-atingiu-montes-claros-na-madrugada-de-domingo","tag-tremor-em-montes-claros"],"_links":{"self":[{"href":"https:\/\/aconteceunovale.com.br\/portal\/index.php?rest_route=\/wp\/v2\/posts\/41998","targetHints":{"allow":["GET"]}}],"collection":[{"href":"https:\/\/aconteceunovale.com.br\/portal\/index.php?rest_route=\/wp\/v2\/posts"}],"about":[{"href":"https:\/\/aconteceunovale.com.br\/portal\/index.php?rest_route=\/wp\/v2\/types\/post"}],"author":[{"embeddable":true,"href":"https:\/\/aconteceunovale.com.br\/portal\/index.php?rest_route=\/wp\/v2\/users\/1"}],"replies":[{"embeddable":true,"href":"https:\/\/aconteceunovale.com.br\/portal\/index.php?rest_route=%2Fwp%2Fv2%2Fcomments&post=41998"}],"version-history":[{"count":0,"href":"https:\/\/aconteceunovale.com.br\/portal\/index.php?rest_route=\/wp\/v2\/posts\/41998\/revisions"}],"wp:featuredmedia":[{"embeddable":true,"href":"https:\/\/aconteceunovale.com.br\/portal\/index.php?rest_route=\/wp\/v2\/media\/41999"}],"wp:attachment":[{"href":"https:\/\/aconteceunovale.com.br\/portal\/index.php?rest_route=%2Fwp%2Fv2%2Fmedia&parent=41998"}],"wp:term":[{"taxonomy":"category","embeddable":true,"href":"https:\/\/aconteceunovale.com.br\/portal\/index.php?rest_route=%2Fwp%2Fv2%2Fcategories&post=41998"},{"taxonomy":"post_tag","embeddable":true,"href":"https:\/\/aconteceunovale.com.br\/portal\/index.php?rest_route=%2Fwp%2Fv2%2Ftags&post=41998"}],"curies":[{"name":"wp","href":"https:\/\/api.w.org\/{rel}","templated":true}]}}