{"id":41992,"date":"2014-10-13T13:15:05","date_gmt":"2014-10-13T16:15:05","guid":{"rendered":"http:\/\/aconteceunovale.com.br\/portal\/?p=41992"},"modified":"2014-10-13T13:15:05","modified_gmt":"2014-10-13T16:15:05","slug":"evo-morales-e-reeleito-para-o-terceiro-mandato-consecutivo-na-bolivia","status":"publish","type":"post","link":"https:\/\/aconteceunovale.com.br\/portal\/?p=41992","title":{"rendered":"Evo Morales \u00e9 reeleito para o terceiro mandato consecutivo na Bol\u00edvia"},"content":{"rendered":"<h4><em><strong>Em nove anos, presidente erradicou o analfabetismo e mant\u00e9m infla\u00e7\u00e3o sob controle<\/strong><\/em><\/h4>\n<p>O presidente da Bol\u00edvia, Evo Morales, conquistou no domingo (12), de acordo com resultados extraoficiais, o terceiro mandato consecutivo \u2013 um feito em pa\u00eds marcado por hist\u00f3ria de instabilidade pol\u00edtica e econ\u00f4mica. A vit\u00f3ria era esperada: em nove anos de governo, Morales erradicou o analfabetismo, reduziu a pobreza e a desigualdade e garantiu alto \u00edndice de crescimento econ\u00f4mico, mantendo a infla\u00e7\u00e3o e os gastos p\u00fablicos sob controle. O l\u00edder sindical dos cocaleros (cultivadores da coca), que chegou ao poder com um discurso anti-imperialista, \u00e9 hoje elogiado pelo Fundo Monet\u00e1rio Internacional (FMI) e o Banco Mundial \u2013 organiza\u00e7\u00f5es que ele criticou.<\/p>\n<p>\u201cO FMI elogia nossa estabilidade econ\u00f4mica, mas essa n\u00e3o \u00e9 um patrim\u00f4nio do FMI, nem dos economistas neoliberais\u201d, diz o ministro da Economia da Bol\u00edvia, Luiz Arce, em entrevista. \u201cChegamos aos resultados que eles pedem, mas sem usar as f\u00f3rmulas deles. Usamos nosso modelo, que tem inger\u00eancia do Estado e investe dinheiro na \u00e1rea social\u201d.<\/p>\n<p><img decoding=\"async\" src=\"http:\/\/aconteceunovale.com.br\/portal\/wp-content\/uploads\/2014\/10\/evo_morales_reeleito.jpg\" alt=\"\" \/><em>Morales conquista terceiro mandato consecutivo (Jos\u00e9 Cruz\/Ag\u00eancia Brasil)<\/em><br \/>\n<\/br><\/p>\n<p>Segundo Arce, o desafio dos primeiros dois mandatos de Evo Morales foi recuperar as riquezas naturais da Bol\u00edvia (min\u00e9rios e g\u00e1s natural), que ele nacionalizou para poder investir em educa\u00e7\u00e3o, sa\u00fade e planos sociais. \u201cO petr\u00f3leo rende US$ 6 bilh\u00f5es ao ano, que equivalem a cerca de um quinto do nosso Produto Interno Bruto, de US$ 31 bilh\u00f5es. Agora, 85% desse dinheiro ficam no pa\u00eds e apenas 15% com as transnacionais\u201d, explica Arce.<\/p>\n<p>Os altos pre\u00e7os das commodities favoreceram Evo Morales &#8211; primeiro presidente aymara, em um pa\u00eds onde a maioria de ind\u00edgenas jamais chegou ao poder. Mas, desde 2011, elas vem caindo, afetando a economia dos pa\u00edses vizinhos. Ainda assim, este ano \u2013 segundo relat\u00f3rio da Comiss\u00e3o Econ\u00f4mica para Am\u00e9rica Latina e o Caribe \u2013 a Bol\u00edvia \u00e9 o pa\u00eds que mais vai crescer na Am\u00e9rica do Sul: 5,5% (o dobro da m\u00e9dia regional). De acordo com Arce, esse crescimento deve-se ao aumento do consumo interno, que compensou a desacelera\u00e7\u00e3o da economia de pa\u00edses desenvolvidos, compradores de produtos bolivianos.<\/p>\n<p>\u201cConstru\u00edmos estradas, que ajudaram a aumentar a produ\u00e7\u00e3o, porque integraram partes da Bol\u00edvia que estavam isoladas\u201d, explicou. O consumo, no segundo pa\u00eds mais pobre da Am\u00e9rica do Sul (depois do Paraguai), \u00e9 por produtos b\u00e1sicos: g\u00e1s (que at\u00e9 recentemente era exportado, mas n\u00e3o chegava \u00e0s casas de muitos bolivianos), supermercados e servi\u00e7os. Duas obras que marcam a \u201cmoderniza\u00e7\u00e3o\u201d da Bol\u00edvia s\u00e3o o Tupac Katari (primeiro sat\u00e9lite de telecomunica\u00e7\u00f5es do pa\u00eds, lan\u00e7ado em 2013) e o  bondinho (ligando a capital, La Paz, \u00e0 vizinha cidade de El Alto). O telef\u00e9rico \u00e9 o mais alto e o maior em extens\u00e3o urbana no mundo.<\/p>\n<p>Mas o desafio, nos pr\u00f3ximos cinco anos, ser\u00e1 manter o crescimento de uma economia que depende dos mercados dos pa\u00edses vizinhos (principalmente do Brasil) e reduzir a pobreza, que ainda afeta um quarto da popula\u00e7\u00e3o. Segundo Arce, o pr\u00f3ximo passo \u00e9 explorar novas riquezas, como o l\u00edtio (usada para fabricar desde rem\u00e9dios para depress\u00e3o at\u00e9 baterias e pilhas). A Bol\u00edvia tem a maior reserva mundial de l\u00edtio, mas n\u00e3o est\u00e1 exportando a mat\u00e9ria-prima porque quer industrializ\u00e1-la. \u201cA ideia \u00e9 fabricar pilhas aqui e outros produtos, como fertilizantes, feitos de fosfato, ou pl\u00e1sticos\u201d, destacou Arce.<\/p>\n<p>A d\u00favida \u00e9 se a Bol\u00edvia ter\u00e1 recursos financeiros e humanos suficientes para dar esses passos ou se vai precisar de dinheiro e tecnologia de pa\u00edses que investiram na regi\u00e3o e foram surpreendidos pela nacionaliza\u00e7\u00e3o de seus investimentos \u2013 entre eles, o Brasil.<\/p>\n<p><em><strong>(Ag\u00eancia Brasil)<\/strong><\/em><\/p>\n","protected":false},"excerpt":{"rendered":"<p>Em nove anos, presidente erradicou o analfabetismo e mant\u00e9m infla\u00e7\u00e3o sob controle O presidente da Bol\u00edvia, Evo Morales, conquistou no domingo (12), de acordo com resultados extraoficiais, o terceiro mandato consecutivo \u2013 um feito em pa\u00eds marcado por hist\u00f3ria de instabilidade pol\u00edtica e econ\u00f4mica. A vit\u00f3ria era esperada: em nove anos de governo, Morales erradicou [&hellip;]<\/p>\n","protected":false},"author":1,"featured_media":41994,"comment_status":"open","ping_status":"closed","sticky":false,"template":"","format":"standard","meta":{"amp_status":"","footnotes":""},"categories":[6],"tags":[18544,18539,18542,18540,18541,18543,18545,18547,18546],"class_list":["post-41992","post","type-post","status-publish","format-standard","has-post-thumbnail","hentry","category-br","tag-evo-morales-conquista-terceiro-mandato-consecutivo","tag-evo-morales-e-reeleito-para-o-terceiro-mandato-consecutivo-na-bolivia","tag-evo-morales-fue-reelegido-en-bolivia","tag-evo-morales-fue-reelegido-por-tercer-mandato-consecutivo-en-bolivia","tag-fue-reelegido-evo-morales","tag-presidente-da-bolivia","tag-resultado-das-eleicoes-na-bolivia","tag-resultado-de-la-votacion-para-presidente-en-bolivia","tag-resultado-de-las-elecciones-en-bolivia"],"yoast_head":"<!-- This site is optimized with the Yoast SEO plugin v28.3 - https:\/\/yoast.com\/product\/yoast-seo-wordpress\/ -->\n<title>Evo Morales \u00e9 reeleito para o terceiro mandato consecutivo na Bol\u00edvia - Aconteceu no Vale<\/title>\n<meta name=\"robots\" content=\"index, follow, max-snippet:-1, max-image-preview:large, max-video-preview:-1\" \/>\n<link rel=\"canonical\" href=\"https:\/\/aconteceunovale.com.br\/portal\/?p=41992\" \/>\n<meta property=\"og:locale\" content=\"pt_BR\" \/>\n<meta property=\"og:type\" content=\"article\" \/>\n<meta property=\"og:title\" content=\"Evo Morales \u00e9 reeleito para o terceiro mandato consecutivo na Bol\u00edvia - Aconteceu no Vale\" \/>\n<meta property=\"og:description\" content=\"Em nove anos, presidente erradicou o analfabetismo e mant\u00e9m infla\u00e7\u00e3o sob controle O presidente da Bol\u00edvia, Evo Morales, conquistou no domingo (12), de acordo com resultados extraoficiais, o terceiro mandato consecutivo \u2013 um feito em pa\u00eds marcado por hist\u00f3ria de instabilidade pol\u00edtica e econ\u00f4mica. A vit\u00f3ria era esperada: em nove anos de governo, Morales erradicou [&hellip;]\" \/>\n<meta property=\"og:url\" content=\"https:\/\/aconteceunovale.com.br\/portal\/?p=41992\" \/>\n<meta property=\"og:site_name\" content=\"Aconteceu no Vale\" \/>\n<meta property=\"article:publisher\" content=\"https:\/\/www.facebook.com\/aconteceunovale\/\" \/>\n<meta property=\"article:published_time\" content=\"2014-10-13T16:15:05+00:00\" \/>\n<meta property=\"og:image\" content=\"https:\/\/aconteceunovale.com.br\/portal\/wp-content\/uploads\/2014\/10\/evo_morales_reeleito.jpg\" \/>\n\t<meta property=\"og:image:width\" content=\"673\" \/>\n\t<meta property=\"og:image:height\" content=\"450\" \/>\n\t<meta property=\"og:image:type\" content=\"image\/jpeg\" \/>\n<meta name=\"author\" content=\"Aconteceu no Vale\" \/>\n<meta name=\"twitter:card\" content=\"summary_large_image\" \/>\n<meta name=\"twitter:creator\" content=\"@noticiadosvales\" \/>\n<meta name=\"twitter:site\" content=\"@noticiadosvales\" \/>\n<meta name=\"twitter:label1\" content=\"Escrito por\" \/>\n\t<meta name=\"twitter:data1\" content=\"Aconteceu no Vale\" \/>\n\t<meta name=\"twitter:label2\" content=\"Est. tempo de leitura\" \/>\n\t<meta name=\"twitter:data2\" content=\"3 minutos\" \/>\n<script type=\"application\/ld+json\" class=\"yoast-schema-graph\">{\"@context\":\"https:\\\/\\\/schema.org\",\"@graph\":[{\"@type\":\"Article\",\"@id\":\"https:\\\/\\\/aconteceunovale.com.br\\\/portal\\\/?p=41992#article\",\"isPartOf\":{\"@id\":\"https:\\\/\\\/aconteceunovale.com.br\\\/portal\\\/?p=41992\"},\"author\":{\"name\":\"Aconteceu no Vale\",\"@id\":\"https:\\\/\\\/aconteceunovale.com.br\\\/portal\\\/#\\\/schema\\\/person\\\/633529146f2c94272bef50ac2953d589\"},\"headline\":\"Evo Morales \u00e9 reeleito para o terceiro mandato consecutivo na Bol\u00edvia\",\"datePublished\":\"2014-10-13T16:15:05+00:00\",\"mainEntityOfPage\":{\"@id\":\"https:\\\/\\\/aconteceunovale.com.br\\\/portal\\\/?p=41992\"},\"wordCount\":656,\"commentCount\":0,\"image\":{\"@id\":\"https:\\\/\\\/aconteceunovale.com.br\\\/portal\\\/?p=41992#primaryimage\"},\"thumbnailUrl\":\"https:\\\/\\\/aconteceunovale.com.br\\\/portal\\\/wp-content\\\/uploads\\\/2014\\\/10\\\/evo_morales_reeleito.jpg\",\"keywords\":[\"Evo Morales conquista terceiro mandato consecutivo\",\"Evo Morales \u00e9 reeleito para o terceiro mandato consecutivo na Bol\u00edvia\",\"Evo Morales fue reelegido en Bolivia\",\"Evo Morales fue reelegido por tercer mandato consecutivo en Bolivia\",\"Fue reelegido Evo Morales\",\"presidente da Bol\u00edvia\",\"resultado das elei\u00e7\u00f5es na Bol\u00edvia\",\"resultado de la votaci\u00f3n para presidente en Bolivia\",\"resultado de las elecciones en Bolivia\"],\"articleSection\":[\"Brasil\"],\"inLanguage\":\"pt-BR\",\"potentialAction\":[{\"@type\":\"CommentAction\",\"name\":\"Comment\",\"target\":[\"https:\\\/\\\/aconteceunovale.com.br\\\/portal\\\/?p=41992#respond\"]}]},{\"@type\":\"WebPage\",\"@id\":\"https:\\\/\\\/aconteceunovale.com.br\\\/portal\\\/?p=41992\",\"url\":\"https:\\\/\\\/aconteceunovale.com.br\\\/portal\\\/?p=41992\",\"name\":\"Evo Morales \u00e9 reeleito para o terceiro mandato consecutivo na Bol\u00edvia - Aconteceu no Vale\",\"isPartOf\":{\"@id\":\"https:\\\/\\\/aconteceunovale.com.br\\\/portal\\\/#website\"},\"primaryImageOfPage\":{\"@id\":\"https:\\\/\\\/aconteceunovale.com.br\\\/portal\\\/?p=41992#primaryimage\"},\"image\":{\"@id\":\"https:\\\/\\\/aconteceunovale.com.br\\\/portal\\\/?p=41992#primaryimage\"},\"thumbnailUrl\":\"https:\\\/\\\/aconteceunovale.com.br\\\/portal\\\/wp-content\\\/uploads\\\/2014\\\/10\\\/evo_morales_reeleito.jpg\",\"datePublished\":\"2014-10-13T16:15:05+00:00\",\"author\":{\"@id\":\"https:\\\/\\\/aconteceunovale.com.br\\\/portal\\\/#\\\/schema\\\/person\\\/633529146f2c94272bef50ac2953d589\"},\"breadcrumb\":{\"@id\":\"https:\\\/\\\/aconteceunovale.com.br\\\/portal\\\/?p=41992#breadcrumb\"},\"inLanguage\":\"pt-BR\",\"potentialAction\":[{\"@type\":\"ReadAction\",\"target\":[\"https:\\\/\\\/aconteceunovale.com.br\\\/portal\\\/?p=41992\"]}]},{\"@type\":\"ImageObject\",\"inLanguage\":\"pt-BR\",\"@id\":\"https:\\\/\\\/aconteceunovale.com.br\\\/portal\\\/?p=41992#primaryimage\",\"url\":\"https:\\\/\\\/aconteceunovale.com.br\\\/portal\\\/wp-content\\\/uploads\\\/2014\\\/10\\\/evo_morales_reeleito.jpg\",\"contentUrl\":\"https:\\\/\\\/aconteceunovale.com.br\\\/portal\\\/wp-content\\\/uploads\\\/2014\\\/10\\\/evo_morales_reeleito.jpg\",\"width\":673,\"height\":450},{\"@type\":\"BreadcrumbList\",\"@id\":\"https:\\\/\\\/aconteceunovale.com.br\\\/portal\\\/?p=41992#breadcrumb\",\"itemListElement\":[{\"@type\":\"ListItem\",\"position\":1,\"name\":\"In\u00edcio\",\"item\":\"https:\\\/\\\/aconteceunovale.com.br\\\/portal\\\/\"},{\"@type\":\"ListItem\",\"position\":2,\"name\":\"Evo Morales \u00e9 reeleito para o terceiro mandato consecutivo na Bol\u00edvia\"}]},{\"@type\":\"WebSite\",\"@id\":\"https:\\\/\\\/aconteceunovale.com.br\\\/portal\\\/#website\",\"url\":\"https:\\\/\\\/aconteceunovale.com.br\\\/portal\\\/\",\"name\":\"Aconteceu no Vale\",\"description\":\"Portal de Not\u00edcias\",\"potentialAction\":[{\"@type\":\"SearchAction\",\"target\":{\"@type\":\"EntryPoint\",\"urlTemplate\":\"https:\\\/\\\/aconteceunovale.com.br\\\/portal\\\/?s={search_term_string}\"},\"query-input\":{\"@type\":\"PropertyValueSpecification\",\"valueRequired\":true,\"valueName\":\"search_term_string\"}}],\"inLanguage\":\"pt-BR\"},{\"@type\":\"Person\",\"@id\":\"https:\\\/\\\/aconteceunovale.com.br\\\/portal\\\/#\\\/schema\\\/person\\\/633529146f2c94272bef50ac2953d589\",\"name\":\"Aconteceu no Vale\",\"description\":\"Equipe de reportagem do Aconteceu no Vale, portal de not\u00edcias do Vale do Jequitinhonha, em Minas Gerais. Cobrimos as 51 cidades do Vale desde 2013. Sugest\u00f5es de pauta e pedidos de corre\u00e7\u00e3o: contato@aconteceunovale.com.br\",\"sameAs\":[\"http:\\\/\\\/www.aconteceunovale.com.br\"],\"url\":\"https:\\\/\\\/aconteceunovale.com.br\\\/portal\\\/?author=1\"}]}<\/script>\n<!-- \/ Yoast SEO plugin. -->","yoast_head_json":{"title":"Evo Morales \u00e9 reeleito para o terceiro mandato consecutivo na Bol\u00edvia - Aconteceu no Vale","robots":{"index":"index","follow":"follow","max-snippet":"max-snippet:-1","max-image-preview":"max-image-preview:large","max-video-preview":"max-video-preview:-1"},"canonical":"https:\/\/aconteceunovale.com.br\/portal\/?p=41992","og_locale":"pt_BR","og_type":"article","og_title":"Evo Morales \u00e9 reeleito para o terceiro mandato consecutivo na Bol\u00edvia - Aconteceu no Vale","og_description":"Em nove anos, presidente erradicou o analfabetismo e mant\u00e9m infla\u00e7\u00e3o sob controle O presidente da Bol\u00edvia, Evo Morales, conquistou no domingo (12), de acordo com resultados extraoficiais, o terceiro mandato consecutivo \u2013 um feito em pa\u00eds marcado por hist\u00f3ria de instabilidade pol\u00edtica e econ\u00f4mica. A vit\u00f3ria era esperada: em nove anos de governo, Morales erradicou [&hellip;]","og_url":"https:\/\/aconteceunovale.com.br\/portal\/?p=41992","og_site_name":"Aconteceu no Vale","article_publisher":"https:\/\/www.facebook.com\/aconteceunovale\/","article_published_time":"2014-10-13T16:15:05+00:00","og_image":[{"width":673,"height":450,"url":"https:\/\/aconteceunovale.com.br\/portal\/wp-content\/uploads\/2014\/10\/evo_morales_reeleito.jpg","type":"image\/jpeg"}],"author":"Aconteceu no Vale","twitter_card":"summary_large_image","twitter_creator":"@noticiadosvales","twitter_site":"@noticiadosvales","twitter_misc":{"Escrito por":"Aconteceu no Vale","Est. tempo de leitura":"3 minutos"},"schema":{"@context":"https:\/\/schema.org","@graph":[{"@type":"Article","@id":"https:\/\/aconteceunovale.com.br\/portal\/?p=41992#article","isPartOf":{"@id":"https:\/\/aconteceunovale.com.br\/portal\/?p=41992"},"author":{"name":"Aconteceu no Vale","@id":"https:\/\/aconteceunovale.com.br\/portal\/#\/schema\/person\/633529146f2c94272bef50ac2953d589"},"headline":"Evo Morales \u00e9 reeleito para o terceiro mandato consecutivo na Bol\u00edvia","datePublished":"2014-10-13T16:15:05+00:00","mainEntityOfPage":{"@id":"https:\/\/aconteceunovale.com.br\/portal\/?p=41992"},"wordCount":656,"commentCount":0,"image":{"@id":"https:\/\/aconteceunovale.com.br\/portal\/?p=41992#primaryimage"},"thumbnailUrl":"https:\/\/aconteceunovale.com.br\/portal\/wp-content\/uploads\/2014\/10\/evo_morales_reeleito.jpg","keywords":["Evo Morales conquista terceiro mandato consecutivo","Evo Morales \u00e9 reeleito para o terceiro mandato consecutivo na Bol\u00edvia","Evo Morales fue reelegido en Bolivia","Evo Morales fue reelegido por tercer mandato consecutivo en Bolivia","Fue reelegido Evo Morales","presidente da Bol\u00edvia","resultado das elei\u00e7\u00f5es na Bol\u00edvia","resultado de la votaci\u00f3n para presidente en Bolivia","resultado de las elecciones en Bolivia"],"articleSection":["Brasil"],"inLanguage":"pt-BR","potentialAction":[{"@type":"CommentAction","name":"Comment","target":["https:\/\/aconteceunovale.com.br\/portal\/?p=41992#respond"]}]},{"@type":"WebPage","@id":"https:\/\/aconteceunovale.com.br\/portal\/?p=41992","url":"https:\/\/aconteceunovale.com.br\/portal\/?p=41992","name":"Evo Morales \u00e9 reeleito para o terceiro mandato consecutivo na Bol\u00edvia - Aconteceu no Vale","isPartOf":{"@id":"https:\/\/aconteceunovale.com.br\/portal\/#website"},"primaryImageOfPage":{"@id":"https:\/\/aconteceunovale.com.br\/portal\/?p=41992#primaryimage"},"image":{"@id":"https:\/\/aconteceunovale.com.br\/portal\/?p=41992#primaryimage"},"thumbnailUrl":"https:\/\/aconteceunovale.com.br\/portal\/wp-content\/uploads\/2014\/10\/evo_morales_reeleito.jpg","datePublished":"2014-10-13T16:15:05+00:00","author":{"@id":"https:\/\/aconteceunovale.com.br\/portal\/#\/schema\/person\/633529146f2c94272bef50ac2953d589"},"breadcrumb":{"@id":"https:\/\/aconteceunovale.com.br\/portal\/?p=41992#breadcrumb"},"inLanguage":"pt-BR","potentialAction":[{"@type":"ReadAction","target":["https:\/\/aconteceunovale.com.br\/portal\/?p=41992"]}]},{"@type":"ImageObject","inLanguage":"pt-BR","@id":"https:\/\/aconteceunovale.com.br\/portal\/?p=41992#primaryimage","url":"https:\/\/aconteceunovale.com.br\/portal\/wp-content\/uploads\/2014\/10\/evo_morales_reeleito.jpg","contentUrl":"https:\/\/aconteceunovale.com.br\/portal\/wp-content\/uploads\/2014\/10\/evo_morales_reeleito.jpg","width":673,"height":450},{"@type":"BreadcrumbList","@id":"https:\/\/aconteceunovale.com.br\/portal\/?p=41992#breadcrumb","itemListElement":[{"@type":"ListItem","position":1,"name":"In\u00edcio","item":"https:\/\/aconteceunovale.com.br\/portal\/"},{"@type":"ListItem","position":2,"name":"Evo Morales \u00e9 reeleito para o terceiro mandato consecutivo na Bol\u00edvia"}]},{"@type":"WebSite","@id":"https:\/\/aconteceunovale.com.br\/portal\/#website","url":"https:\/\/aconteceunovale.com.br\/portal\/","name":"Aconteceu no Vale","description":"Portal de Not\u00edcias","potentialAction":[{"@type":"SearchAction","target":{"@type":"EntryPoint","urlTemplate":"https:\/\/aconteceunovale.com.br\/portal\/?s={search_term_string}"},"query-input":{"@type":"PropertyValueSpecification","valueRequired":true,"valueName":"search_term_string"}}],"inLanguage":"pt-BR"},{"@type":"Person","@id":"https:\/\/aconteceunovale.com.br\/portal\/#\/schema\/person\/633529146f2c94272bef50ac2953d589","name":"Aconteceu no Vale","description":"Equipe de reportagem do Aconteceu no Vale, portal de not\u00edcias do Vale do Jequitinhonha, em Minas Gerais. Cobrimos as 51 cidades do Vale desde 2013. Sugest\u00f5es de pauta e pedidos de corre\u00e7\u00e3o: contato@aconteceunovale.com.br","sameAs":["http:\/\/www.aconteceunovale.com.br"],"url":"https:\/\/aconteceunovale.com.br\/portal\/?author=1"}]}},"_links":{"self":[{"href":"https:\/\/aconteceunovale.com.br\/portal\/index.php?rest_route=\/wp\/v2\/posts\/41992","targetHints":{"allow":["GET"]}}],"collection":[{"href":"https:\/\/aconteceunovale.com.br\/portal\/index.php?rest_route=\/wp\/v2\/posts"}],"about":[{"href":"https:\/\/aconteceunovale.com.br\/portal\/index.php?rest_route=\/wp\/v2\/types\/post"}],"author":[{"embeddable":true,"href":"https:\/\/aconteceunovale.com.br\/portal\/index.php?rest_route=\/wp\/v2\/users\/1"}],"replies":[{"embeddable":true,"href":"https:\/\/aconteceunovale.com.br\/portal\/index.php?rest_route=%2Fwp%2Fv2%2Fcomments&post=41992"}],"version-history":[{"count":0,"href":"https:\/\/aconteceunovale.com.br\/portal\/index.php?rest_route=\/wp\/v2\/posts\/41992\/revisions"}],"wp:featuredmedia":[{"embeddable":true,"href":"https:\/\/aconteceunovale.com.br\/portal\/index.php?rest_route=\/wp\/v2\/media\/41994"}],"wp:attachment":[{"href":"https:\/\/aconteceunovale.com.br\/portal\/index.php?rest_route=%2Fwp%2Fv2%2Fmedia&parent=41992"}],"wp:term":[{"taxonomy":"category","embeddable":true,"href":"https:\/\/aconteceunovale.com.br\/portal\/index.php?rest_route=%2Fwp%2Fv2%2Fcategories&post=41992"},{"taxonomy":"post_tag","embeddable":true,"href":"https:\/\/aconteceunovale.com.br\/portal\/index.php?rest_route=%2Fwp%2Fv2%2Ftags&post=41992"}],"curies":[{"name":"wp","href":"https:\/\/api.w.org\/{rel}","templated":true}]}}