{"id":41911,"date":"2014-10-12T12:34:53","date_gmt":"2014-10-12T15:34:53","guid":{"rendered":"http:\/\/aconteceunovale.com.br\/portal\/?p=41911"},"modified":"2014-10-12T12:34:53","modified_gmt":"2014-10-12T15:34:53","slug":"centenas-de-fieis-celebram-o-dia-da-padroeira-do-brasil-em-montes-claros","status":"publish","type":"post","link":"https:\/\/aconteceunovale.com.br\/portal\/?p=41911","title":{"rendered":"Centenas de fi\u00e9is celebram o dia da padroeira do Brasil em Montes Claros"},"content":{"rendered":"<h4><em><strong>Missa dedicada \u00e0 santa foi realizada na Catedral Metropolitana. Segundo p\u00e1roco, ela aponta o caminho deixado de Jesus.<\/strong><\/em><\/h4>\n<p>Centenas de devotos de Nossa Senhora Aparecida se reuniram na manh\u00e3 deste domingo (12), na Catedral de Montes Claros, no Norte de Minas, para participar de uma missa dedicada \u00e0 padroeira do Brasil e tamb\u00e9m da cidade. A santa \u00e9 considerada ainda a patrona da Catedral.<\/p>\n<p>Fi\u00e9is expressaram a f\u00e9 com c\u00e2nticos e ora\u00e7\u00f5es. \u201cNossa senhora \u00e9 nossa m\u00e3e. Desde crian\u00e7a sabemos da import\u00e2ncia dela. Vale a pena acordar cedo e vim pedir a intercess\u00e3o dela\u201d, disse a devota Maria Isabel Ferreira.<\/p>\n<p><img decoding=\"async\" src=\"http:\/\/aconteceunovale.com.br\/portal\/wp-content\/uploads\/2014\/10\/missa_nsa_moc_1.jpg\" alt=\"\" \/><em>Devotos louvam durante missa dedicada a santa (Foto: Valdivan Veloso\/G1)<\/em><br \/>\n<\/br><\/p>\n<p>Muito emocionada, Lourdes Pena Silva, foi at\u00e9 a igreja para louvar e agradecer a intercess\u00e3o de Nossa Senhora durante tratamento de sa\u00fade da filha Ana Clara, de 26 anos.<\/p>\n<p>\u201cEla estava fazendo um tratamento de f\u00edgado, por causa de uma hepatite, e tudo indicava a necessidade de um transplante, mas, gra\u00e7as as ora\u00e7\u00f5es, Nossa Senhora intercedeu junto a Deus e esta hip\u00f3tese foi totalmente descartada\u201d, afirma.<\/p>\n<p>O cobrador Osmar Santos afirma ter muita f\u00e9 em Nossa Senhora Aparecida. Segundo ele, as b\u00ean\u00e7\u00e3os da santa s\u00e3o primordiais em sua vida. &#8220;Sem ela n\u00e3o sou nada. Eu sofri um acidente de moto com minha irm\u00e3 e ela bateu com a cabe\u00e7a. Ent\u00e3o pedi a Nossa Senhora Aparecida e ela intercedeu para que minha irm\u00e3 n\u00e3o morresse. Ela foi hospitalizada e logo depois foi para casa. Acredito que Nossa Senhora aparou ela com as m\u00e3os\u201d, afirma.<\/p>\n<p>Segundo o p\u00e1roco Frei Valdomiro Soares (Frei Valdo), o motivo de tanta devo\u00e7\u00e3o \u00e9 que Nossa Senhora Aparecida \u00e9 uma refer\u00eancia aos cat\u00f3licos para o caminho deixado por Jesus. \u201cEla aponta para Jesus Cristo, que somente Ele \u00e9 o caminho, a verdade e a vida. Maria \u00e9 como a puxadora de cortina do grande palco da vida de Jesus para que ele atue como ator principal e possa desenvolver o seu trabalho que \u00e9 o reino de justi\u00e7a aqui\u201d, explica.<\/p>\n<p><img decoding=\"async\" src=\"http:\/\/aconteceunovale.com.br\/portal\/wp-content\/uploads\/2014\/10\/missa_nsa_moc_2.jpg\" alt=\"\" \/><em>P\u00e1roco fez a entrada da missa com uma imagem de Nossa Senhora Aparecida (Foto: Valdivan Veloso\/G1)<\/em><br \/>\n<\/br><\/p>\n<p><em><strong>(Inter TV Grande Minas)<\/strong><\/em><\/p>\n","protected":false},"excerpt":{"rendered":"<p>Missa dedicada \u00e0 santa foi realizada na Catedral Metropolitana. Segundo p\u00e1roco, ela aponta o caminho deixado de Jesus. Centenas de devotos de Nossa Senhora Aparecida se reuniram na manh\u00e3 deste domingo (12), na Catedral de Montes Claros, no Norte de Minas, para participar de uma missa dedicada \u00e0 padroeira do Brasil e tamb\u00e9m da cidade. [&hellip;]<\/p>\n","protected":false},"author":1,"featured_media":41912,"comment_status":"open","ping_status":"closed","sticky":false,"template":"","format":"standard","meta":{"amp_status":"","footnotes":""},"categories":[1236],"tags":[18450,18457,18458,1018,18449,18456,18455,18453,18452,210,18248,18454,18451],"class_list":["post-41911","post","type-post","status-publish","format-standard","has-post-thumbnail","hentry","category-norte_de_minas","tag-catedral-de-montes-claros","tag-centenas-de-fieis-celebram-o-dia-da-padroeira-do-brasil-em-montes-claros","tag-centenas-de-fieis-celebram-o-dia-de-nossa-senhora-aparecida-em-montes-claros","tag-destaque","tag-devotos-de-nossa-senhora-aparecida","tag-frei-valdo","tag-frei-valdomiro-soares","tag-lourdes-pena-silva","tag-maria-isabel-ferreira","tag-montes-claros","tag-nossa-senhora-aparecida","tag-osmar-santos","tag-padroeira-do-brasil"],"_links":{"self":[{"href":"https:\/\/aconteceunovale.com.br\/portal\/index.php?rest_route=\/wp\/v2\/posts\/41911","targetHints":{"allow":["GET"]}}],"collection":[{"href":"https:\/\/aconteceunovale.com.br\/portal\/index.php?rest_route=\/wp\/v2\/posts"}],"about":[{"href":"https:\/\/aconteceunovale.com.br\/portal\/index.php?rest_route=\/wp\/v2\/types\/post"}],"author":[{"embeddable":true,"href":"https:\/\/aconteceunovale.com.br\/portal\/index.php?rest_route=\/wp\/v2\/users\/1"}],"replies":[{"embeddable":true,"href":"https:\/\/aconteceunovale.com.br\/portal\/index.php?rest_route=%2Fwp%2Fv2%2Fcomments&post=41911"}],"version-history":[{"count":0,"href":"https:\/\/aconteceunovale.com.br\/portal\/index.php?rest_route=\/wp\/v2\/posts\/41911\/revisions"}],"wp:featuredmedia":[{"embeddable":true,"href":"https:\/\/aconteceunovale.com.br\/portal\/index.php?rest_route=\/wp\/v2\/media\/41912"}],"wp:attachment":[{"href":"https:\/\/aconteceunovale.com.br\/portal\/index.php?rest_route=%2Fwp%2Fv2%2Fmedia&parent=41911"}],"wp:term":[{"taxonomy":"category","embeddable":true,"href":"https:\/\/aconteceunovale.com.br\/portal\/index.php?rest_route=%2Fwp%2Fv2%2Fcategories&post=41911"},{"taxonomy":"post_tag","embeddable":true,"href":"https:\/\/aconteceunovale.com.br\/portal\/index.php?rest_route=%2Fwp%2Fv2%2Ftags&post=41911"}],"curies":[{"name":"wp","href":"https:\/\/api.w.org\/{rel}","templated":true}]}}