{"id":41903,"date":"2014-10-12T12:11:54","date_gmt":"2014-10-12T15:11:54","guid":{"rendered":"http:\/\/aconteceunovale.com.br\/portal\/?p=41903"},"modified":"2014-10-12T12:12:05","modified_gmt":"2014-10-12T15:12:05","slug":"dilma-faz-campanha-em-minas-gerais-e-volta-a-atacar-gestao-tucana","status":"publish","type":"post","link":"https:\/\/aconteceunovale.com.br\/portal\/?p=41903","title":{"rendered":"Dilma faz campanha em Minas Gerais e volta a atacar gest\u00e3o tucana"},"content":{"rendered":"<h4><em><strong>Petista esteve em Contagem e disse que a gest\u00e3o tucana n\u00e3o investiu o m\u00ednimo exigido na sa\u00fade<\/strong><\/em><\/h4>\n<p>Com a estrat\u00e9gia de atacar o advers\u00e1rio em sua pr\u00f3pria casa, a presidente e candidata \u00e0 reelei\u00e7\u00e3o Dilma Rousseff (PT) esteve em Contagem, na regi\u00e3o metropolitana de Belo Horizonte, onde desfilou em carro aberto na avenida Jo\u00e3o C\u00e9sar de Oliveira e se encontrou com lideran\u00e7as pol\u00edticas e militantes. Foi o primeiro compromisso de campanha da petista em Minas no segundo turno. Dilma esteve acompanhada pelo governador eleito Fernando Pimentel (PT).<\/p>\n<p>Em coletiva de imprensa que durou cerca de 30 minutos, a petista colocou em xeque a gest\u00e3o do PSDB em Minas, inaugurada h\u00e1 12 anos com seu advers\u00e1rio A\u00e9cio Neves, governador entre 2003 e 2010. Dilma iniciou a entrevista batendo na tecla da sa\u00fade e citou que o governo de Minas n\u00e3o investe o m\u00ednimo de 12% do or\u00e7amento na \u00e1rea, conforme manda a Constitui\u00e7\u00e3o Federal.<\/p>\n<p>\u201cQuem diz isso n\u00e3o sou eu, mas o Tribunal de Contas do Estado (TCE). Assinaram um Termo de Ajustamento de Gest\u00e3o porque o ex-governador A\u00e9cio Neves e o \u00faltimo governador n\u00e3o cumpriram o m\u00ednimo constitucional. H\u00e1 uma aus\u00eancia de investimento em sa\u00fade de R$ 7,8 bilh\u00f5es nesse per\u00edodo. Qual a credibilidade do advers\u00e1rio em falar que vai investir em sa\u00fade se n\u00e3o o fez?\u201d, questionou.<\/p>\n<p><img decoding=\"async\" src=\"http:\/\/aconteceunovale.com.br\/portal\/wp-content\/uploads\/2014\/10\/campanha_dilma_contagem.jpg\" alt=\"\" \/><em>Dilma foi acompanhada por Pimentel durante campanha em Contagem &#8211; Foto: Lincon Zarbietti\/O Tempo<\/em><br \/>\n<\/br><\/p>\n<p>Dilma tamb\u00e9m se disse \u201cestarrecida\u201d e \u201cespantada\u201d com os dados do Servi\u00e7o de Atendimento M\u00f3vel de Urg\u00eancia (Samu) no Estado. \u201cMinas tem uma baix\u00edssima cobertura do Samu, que s\u00f3 est\u00e1 em 28% do Estado. Divin\u00f3polis, que \u00e9 uma cidade importante, n\u00e3o tem\u201d, criticou a petista ao acrescentar que o programa \u00e9 financiado pelo governo federal.<\/p>\n<h4>Discurso<\/h4>\n<p>Para uma plateia de cerca de 1.500 pessoas, que ocuparam o sal\u00e3o de um hotel em Contagem, a petista agradeceu a vota\u00e7\u00e3o que teve no Estado \u2013 onde abriu vantagem de cerca de 400 mil votos para A\u00e9cio Neves \u2013 e subiu o tom contra o tucano. A petista disse que ele \u201cfala muito sobre aparelhamento do Estado\u201d. \u201cEu nunca virei vice-presidente da Caixa Econ\u00f4mica Federal aos 25 anos\u201d, alfinetou Dilma. A\u00e9cio foi nomeado ao cargo de diretor de Loterias da estatal pelo ent\u00e3o presidente Jos\u00e9 Sarney em 14 de maio de 1985, aos 25 anos. \u201cNunca constru\u00ed aeroporto na fazenda do meu tio\u201d, encerrou a candidata \u00e0 reelei\u00e7\u00e3o.<\/p>\n<p>Dilma agradeceu a vota\u00e7\u00e3o que obteve em Minas no primeiro turno, disse que o segundo turno vai ser &#8220;duro&#8221; e que o eleitor ter\u00e1 que escolher entre &#8220;um projeto que fez o Brasil avan\u00e7ar&#8221; ou outro &#8220;que representa o que voc\u00eas conhecem bem e rejeitaram nas urnas&#8221;.<\/p>\n<h4>Dissidentes do PSB apoiam PT<\/h4>\n<p>No palco montado para o discurso, uma bandeira do PSB tremulava logo atr\u00e1s de Dilma, chamando a aten\u00e7\u00e3o dos presentes. A explica\u00e7\u00e3o veio em seguida, quando a candidata \u00e0 reelei\u00e7\u00e3o recebeu uma carta de apoio assinada por filiados de partidos que n\u00e3o aderiram ao PT no primeiro turno. O documento foi entregue pelo ex-prefeito de Uberl\u00e2ndia Zaire Rezende. Filiado ao PMDB, ele liderou um grupo de peemedebistas contr\u00e1rios a alian\u00e7a com o PT em Minas e que decidiu pelo apoio a Tarc\u00edsio Delgado (PSB) na disputa pelo governo do Estado. Integrantes do PSB \u2013 que declarou apoio a A\u00e9cio Neves \u2013, PPL, PRTB e da Rede Sustentabilidade tamb\u00e9m assinaram a carta de apoio a Dilma no segundo turno.<\/p>\n<h4>Pimentel promete nova vit\u00f3ria<\/h4>\n<p>O governador eleito de Minas Gerais, Fernando Pimentel (PT), apareceu em p\u00fablico pela primeira vez no Estado ap\u00f3s a vit\u00f3ria em primeiro turno no \u00faltimo domingo, quando derrotou Pimenta da Veiga (PSDB). Em discurso, o petista \u201cprometeu\u201d a Dilma Rousseff que os mineiros votar\u00e3o nela novamente no dia 26 de outubro e ecoou a polariza\u00e7\u00e3o entre PT e PSDB, cen\u00e1rio eleitoral que se faz presente no Brasil e reverbera em Minas. \u201cO Estado que primeiro disse n\u00e3o foi Minas. Aqui, n\u00f3s derrotamos o PSDB no primeiro turno. N\u00f3s conhecemos o modelo tucano e n\u00e3o queremos isso de volta para o Brasil. Esse modelo foi reprovado nas urnas, e \u00e9 hora de Minas, de novo, dar o exemplo\u201d, disse Pimentel.<\/p>\n<p><em><strong>(O Tempo)<\/strong><\/em><\/p>\n","protected":false},"excerpt":{"rendered":"<p>Petista esteve em Contagem e disse que a gest\u00e3o tucana n\u00e3o investiu o m\u00ednimo exigido na sa\u00fade Com a estrat\u00e9gia de atacar o advers\u00e1rio em sua pr\u00f3pria casa, a presidente e candidata \u00e0 reelei\u00e7\u00e3o Dilma Rousseff (PT) esteve em Contagem, na regi\u00e3o metropolitana de Belo Horizonte, onde desfilou em carro aberto na avenida Jo\u00e3o C\u00e9sar [&hellip;]<\/p>\n","protected":false},"author":1,"featured_media":41904,"comment_status":"open","ping_status":"closed","sticky":false,"template":"","format":"standard","meta":{"amp_status":"","footnotes":""},"categories":[123],"tags":[2728,1018,18444,2162,18445],"class_list":["post-41903","post","type-post","status-publish","format-standard","has-post-thumbnail","hentry","category-gerais","tag-aecio-neves","tag-destaque","tag-dilma-faz-campanha-em-minas-gerais-e-volta-a-atacar-gestao-tucana","tag-dilma-rousseff","tag-dissidentes-do-psb-apoiam-pt"],"_links":{"self":[{"href":"https:\/\/aconteceunovale.com.br\/portal\/index.php?rest_route=\/wp\/v2\/posts\/41903","targetHints":{"allow":["GET"]}}],"collection":[{"href":"https:\/\/aconteceunovale.com.br\/portal\/index.php?rest_route=\/wp\/v2\/posts"}],"about":[{"href":"https:\/\/aconteceunovale.com.br\/portal\/index.php?rest_route=\/wp\/v2\/types\/post"}],"author":[{"embeddable":true,"href":"https:\/\/aconteceunovale.com.br\/portal\/index.php?rest_route=\/wp\/v2\/users\/1"}],"replies":[{"embeddable":true,"href":"https:\/\/aconteceunovale.com.br\/portal\/index.php?rest_route=%2Fwp%2Fv2%2Fcomments&post=41903"}],"version-history":[{"count":0,"href":"https:\/\/aconteceunovale.com.br\/portal\/index.php?rest_route=\/wp\/v2\/posts\/41903\/revisions"}],"wp:featuredmedia":[{"embeddable":true,"href":"https:\/\/aconteceunovale.com.br\/portal\/index.php?rest_route=\/wp\/v2\/media\/41904"}],"wp:attachment":[{"href":"https:\/\/aconteceunovale.com.br\/portal\/index.php?rest_route=%2Fwp%2Fv2%2Fmedia&parent=41903"}],"wp:term":[{"taxonomy":"category","embeddable":true,"href":"https:\/\/aconteceunovale.com.br\/portal\/index.php?rest_route=%2Fwp%2Fv2%2Fcategories&post=41903"},{"taxonomy":"post_tag","embeddable":true,"href":"https:\/\/aconteceunovale.com.br\/portal\/index.php?rest_route=%2Fwp%2Fv2%2Ftags&post=41903"}],"curies":[{"name":"wp","href":"https:\/\/api.w.org\/{rel}","templated":true}]}}