{"id":41557,"date":"2014-10-08T21:52:57","date_gmt":"2014-10-09T00:52:57","guid":{"rendered":"http:\/\/aconteceunovale.com.br\/portal\/?p=41557"},"modified":"2014-10-08T21:52:57","modified_gmt":"2014-10-09T00:52:57","slug":"homem-invade-igreja-e-danifica-dezesseis-imagens-sacras-no-norte-de-minas","status":"publish","type":"post","link":"https:\/\/aconteceunovale.com.br\/portal\/?p=41557","title":{"rendered":"Homem invade igreja e danifica dezesseis imagens sacras no Norte de Minas"},"content":{"rendered":"<h4><strong><em>Imagens foram adquiridas a partir de 1905, segundo vig\u00e1rio paroquial. Suspeito foi preso e disse quebrou &#8216;apenas a m\u00e3e e que faltam as filhas&#8217;.<\/em><\/strong><\/h4>\n<p>Um homem de 21 anos foi preso ap\u00f3s danificar 16 imagens sacras da igreja matriz de S\u00e3o Jos\u00e9, em S\u00e3o Francisco, Norte de Minas Gerais, nesta quarta-feira (8). Entre as imagens quebradas est\u00e3o as de S\u00e3o Jos\u00e9, Nossa Senhora do Carmo, S\u00e3o Francisco, S\u00e3o Pedro, Santo Ant\u00f4nio, Nossa Senhora de Lurdes, Nossa Senhora das Gra\u00e7as, Santa Luzia, Santa Margarida. Elas foram adquiridas a partir de 1905, quando a igreja come\u00e7ou a ser constru\u00edda.<\/p>\n<p><img decoding=\"async\" src=\"http:\/\/aconteceunovale.com.br\/portal\/wp-content\/uploads\/2014\/10\/quebra_imagens_norte_mg_sf_1.jpg\" alt=\"\" \/><em>Algumas das imagens quebradas (Foto: Michelly Oda \/ G1)<\/em><br \/>\n<\/br><\/p>\n<p>O vig\u00e1rio paroquial Claudisnei Martins conta que duas mulheres entraram desesperadas e gritando na casa paroquial, afirmando que um homem havia invadido a igreja. &#8220;Embora as duas portas laterais estivessem abertas, ele arrombou a porta principal foi jogando as imagens [que ficavam suspensas em altares] no ch\u00e3o. Em seguida colocou fogo na cadeira presidencial e fugiu, mas acabou preso pela pol\u00edcia.&#8221;<\/p>\n<p>J\u00e1 padre Germano Schultheis conta que seguia para uma comunidade rural quando soube do ocorrido. &#8220;Pensei como pode acontecer uma coisa dessas. O povo construiu esta igreja e adquiriu com muito esfor\u00e7o estas imagens, e agora tudo est\u00e1 no ch\u00e3o, n\u00e3o conseguia acreditar&#8221;, diz.<\/p>\n<p>A volunt\u00e1ria da igreja Margarida do Ros\u00e1rio estava no local no momento do crime e ficou assustada com a situa\u00e7\u00e3o. &#8220;Cheguei e vi que as imagens quebradas. A cadeira utilizada pelo padre estava em chamas, abri a sacristia e come\u00e7amos a pegar \u00e1gua para apagara o fogo. \u00c9 uma tristeza sem explica\u00e7\u00e3o. Isso daqui \u00e9 um peda\u00e7o da vida da gente, cada santo representa uma hist\u00f3ria&#8221;, afirma.<\/p>\n<p>O homem de 21 anos foi preso e chegou na delegacia de Pol\u00edcia Civil sem o acompanhamento de um advogado ou qualquer membro da fam\u00edlia. Ele confessou em depoimento ter quebrado os santos e ter colocado fogo na cadeira presidencial. Ele disse ao delegado Euj\u00e9cio Coutrim que n\u00e3o faz uso de rem\u00e9dios controlados, n\u00e3o tem problemas mentais e nem religi\u00e3o.<\/p>\n<p>&#8220;Ele disse que j\u00e1 tinha essa inten\u00e7\u00e3o e que hoje tomou coragem de cometer o delito. O acusado narrou o que aconteceu e confessou o que houve. Ele disse que &#8216;quebrou apenas a m\u00e3e e que faltam as filhas&#8217;, insinuando que h\u00e1 outras igrejas na cidade que podem sofrer o mesmo dano&#8221;, declara Coutrim.<\/p>\n<p>Ainda segundo o delegado, o rapaz foi preso em flagrante pelos crimes de dano e inc\u00eandio, que tem uma pena que varia de tr\u00eas a seis anos de deten\u00e7\u00e3o em regime fechado. Ele foi encaminhado para a cadeia de S\u00e3o Francisco.<\/p>\n<h4>Igreja fica fechada e imagens ser\u00e3o avaliadas<\/h4>\n<p>Nesta quinta-feira (9), um restaurador deve avaliar os estragos, para saber quais imagens poder\u00e3o ser recuperadas. A matriz ficar\u00e1 fechada at\u00e9 a quarta-feira (15), quando o bispo de Janu\u00e1ria (MG) celebrar\u00e1 uma missa de desagravo, que para os cat\u00f3licos \u00e9 um pedido de perd\u00e3o a Deus.<\/p>\n<p><img decoding=\"async\" src=\"http:\/\/aconteceunovale.com.br\/portal\/wp-content\/uploads\/2014\/10\/quebra_imagens_norte_mg_sf_2.jpg\" alt=\"\" \/><em>Igreja Matriz de S\u00e3o Jos\u00e9 come\u00e7ou a ser constru\u00edda em 1905 (Foto: Michelly Oda \/ G1)<\/em><br \/>\n<\/br><\/p>\n<p><strong><em>(Inter TV Grande Minas)<\/em><\/strong><\/p>\n","protected":false},"excerpt":{"rendered":"<p>Imagens foram adquiridas a partir de 1905, segundo vig\u00e1rio paroquial. Suspeito foi preso e disse quebrou &#8216;apenas a m\u00e3e e que faltam as filhas&#8217;. Um homem de 21 anos foi preso ap\u00f3s danificar 16 imagens sacras da igreja matriz de S\u00e3o Jos\u00e9, em S\u00e3o Francisco, Norte de Minas Gerais, nesta quarta-feira (8). Entre as imagens [&hellip;]<\/p>\n","protected":false},"author":1,"featured_media":41558,"comment_status":"open","ping_status":"closed","sticky":false,"template":"","format":"standard","meta":{"amp_status":"","footnotes":""},"categories":[1236],"tags":[1018,18087,18088,18086,205,1522],"class_list":["post-41557","post","type-post","status-publish","format-standard","has-post-thumbnail","hentry","category-norte_de_minas","tag-destaque","tag-homem-invade-igreja-e-danifica-dezesseis-imagens-sacras-em-sao-francisco","tag-homem-invade-igreja-e-danifica-dezesseis-imagens-sacras-no-norte-de-minas","tag-homem-quebra-imagens-sacras-da-igreja-matriz-de-sao-jose-em-sao-francisco","tag-januaria","tag-sao-francisco"],"_links":{"self":[{"href":"https:\/\/aconteceunovale.com.br\/portal\/index.php?rest_route=\/wp\/v2\/posts\/41557","targetHints":{"allow":["GET"]}}],"collection":[{"href":"https:\/\/aconteceunovale.com.br\/portal\/index.php?rest_route=\/wp\/v2\/posts"}],"about":[{"href":"https:\/\/aconteceunovale.com.br\/portal\/index.php?rest_route=\/wp\/v2\/types\/post"}],"author":[{"embeddable":true,"href":"https:\/\/aconteceunovale.com.br\/portal\/index.php?rest_route=\/wp\/v2\/users\/1"}],"replies":[{"embeddable":true,"href":"https:\/\/aconteceunovale.com.br\/portal\/index.php?rest_route=%2Fwp%2Fv2%2Fcomments&post=41557"}],"version-history":[{"count":0,"href":"https:\/\/aconteceunovale.com.br\/portal\/index.php?rest_route=\/wp\/v2\/posts\/41557\/revisions"}],"wp:featuredmedia":[{"embeddable":true,"href":"https:\/\/aconteceunovale.com.br\/portal\/index.php?rest_route=\/wp\/v2\/media\/41558"}],"wp:attachment":[{"href":"https:\/\/aconteceunovale.com.br\/portal\/index.php?rest_route=%2Fwp%2Fv2%2Fmedia&parent=41557"}],"wp:term":[{"taxonomy":"category","embeddable":true,"href":"https:\/\/aconteceunovale.com.br\/portal\/index.php?rest_route=%2Fwp%2Fv2%2Fcategories&post=41557"},{"taxonomy":"post_tag","embeddable":true,"href":"https:\/\/aconteceunovale.com.br\/portal\/index.php?rest_route=%2Fwp%2Fv2%2Ftags&post=41557"}],"curies":[{"name":"wp","href":"https:\/\/api.w.org\/{rel}","templated":true}]}}