{"id":41553,"date":"2014-10-08T21:44:56","date_gmt":"2014-10-09T00:44:56","guid":{"rendered":"http:\/\/aconteceunovale.com.br\/portal\/?p=41553"},"modified":"2014-10-08T22:47:44","modified_gmt":"2014-10-09T01:47:44","slug":"homem-morre-em-acidente-envolvendo-moto-e-bicicleta-em-governador-valadares","status":"publish","type":"post","link":"https:\/\/aconteceunovale.com.br\/portal\/?p=41553","title":{"rendered":"Homem morre em acidente envolvendo moto e bicicleta em Governador Valadares"},"content":{"rendered":"<h4><strong><em>Acidente aconteceu na BR-116, em Governador Valadares. Ciclista sofreu traumatismo craniano e morreu no hospital.<\/em><\/strong><\/h4>\n<p>Um ciclista de 40 anos morreu ap\u00f3s se envolver em um acidente com uma motocicleta, na noite de ter\u00e7a-feira (7), na BR-116, sobre o viaduto da linha f\u00e9rrea, no bairro Vila Rica, em Governador Valadares, no Leste de Minas Gerais. De acordo com o Corpo de Bombeiros, a v\u00edtima Eduardo de Freitas Mendes estava carregando frutas na bicicleta, quando se chocou com um motociclista na via.<\/p>\n<p><img decoding=\"async\" src=\"http:\/\/aconteceunovale.com.br\/portal\/wp-content\/uploads\/2014\/10\/homicidio_gv.jpg\" alt=\"\" \/><em>(Ciclista n\u00e3o resistiu aos ferimentos e morreu no HM &#8211; Foto: Ant\u00f4nio Cota\/Di\u00e1rio do Rio Doce)<\/em><br \/>\n<\/br><\/p>\n<p>Ainda de acordo com os bombeiros, o ciclista teve traumatismo cr\u00e2nio cef\u00e1lico, v\u00e1rias escoria\u00e7\u00f5es e perdeu muito sangue no local do acidente. O Servi\u00e7o de Atendimento M\u00e9dico de Urg\u00eancia esteve no local, mas o homem morreu ao chegar no Hospital Municipal.<\/p>\n<p>O motociclista tamb\u00e9m foi encaminhado ao hospital com escoria\u00e7\u00f5es no rosto e na perna, e liberado na manh\u00e3 desta quarta-feira (8). A Pol\u00edcia Militar esteve no local, mas n\u00e3o soube informar os motivos do acidente. (G1)<\/p>\n","protected":false},"excerpt":{"rendered":"<p>Acidente aconteceu na BR-116, em Governador Valadares. Ciclista sofreu traumatismo craniano e morreu no hospital. Um ciclista de 40 anos morreu ap\u00f3s se envolver em um acidente com uma motocicleta, na noite de ter\u00e7a-feira (7), na BR-116, sobre o viaduto da linha f\u00e9rrea, no bairro Vila Rica, em Governador Valadares, no Leste de Minas Gerais. [&hellip;]<\/p>\n","protected":false},"author":1,"featured_media":41554,"comment_status":"open","ping_status":"closed","sticky":false,"template":"","format":"standard","meta":{"amp_status":"","footnotes":""},"categories":[121],"tags":[18094,247,18085],"class_list":["post-41553","post","type-post","status-publish","format-standard","has-post-thumbnail","hentry","category-leste","tag-eduardo-de-freitas-mendes","tag-governador-valadares","tag-homem-morre-em-acidente-envolvendo-moto-e-bicicleta-em-governador-valadares"],"_links":{"self":[{"href":"https:\/\/aconteceunovale.com.br\/portal\/index.php?rest_route=\/wp\/v2\/posts\/41553","targetHints":{"allow":["GET"]}}],"collection":[{"href":"https:\/\/aconteceunovale.com.br\/portal\/index.php?rest_route=\/wp\/v2\/posts"}],"about":[{"href":"https:\/\/aconteceunovale.com.br\/portal\/index.php?rest_route=\/wp\/v2\/types\/post"}],"author":[{"embeddable":true,"href":"https:\/\/aconteceunovale.com.br\/portal\/index.php?rest_route=\/wp\/v2\/users\/1"}],"replies":[{"embeddable":true,"href":"https:\/\/aconteceunovale.com.br\/portal\/index.php?rest_route=%2Fwp%2Fv2%2Fcomments&post=41553"}],"version-history":[{"count":0,"href":"https:\/\/aconteceunovale.com.br\/portal\/index.php?rest_route=\/wp\/v2\/posts\/41553\/revisions"}],"wp:featuredmedia":[{"embeddable":true,"href":"https:\/\/aconteceunovale.com.br\/portal\/index.php?rest_route=\/wp\/v2\/media\/41554"}],"wp:attachment":[{"href":"https:\/\/aconteceunovale.com.br\/portal\/index.php?rest_route=%2Fwp%2Fv2%2Fmedia&parent=41553"}],"wp:term":[{"taxonomy":"category","embeddable":true,"href":"https:\/\/aconteceunovale.com.br\/portal\/index.php?rest_route=%2Fwp%2Fv2%2Fcategories&post=41553"},{"taxonomy":"post_tag","embeddable":true,"href":"https:\/\/aconteceunovale.com.br\/portal\/index.php?rest_route=%2Fwp%2Fv2%2Ftags&post=41553"}],"curies":[{"name":"wp","href":"https:\/\/api.w.org\/{rel}","templated":true}]}}