{"id":41550,"date":"2014-10-08T21:32:25","date_gmt":"2014-10-09T00:32:25","guid":{"rendered":"http:\/\/aconteceunovale.com.br\/portal\/?p=41550"},"modified":"2014-10-08T21:32:25","modified_gmt":"2014-10-09T00:32:25","slug":"sambista-de-sabinopolis-participa-do-lancamento-projeto-meu-samba-e-assim-em-bh","status":"publish","type":"post","link":"https:\/\/aconteceunovale.com.br\/portal\/?p=41550","title":{"rendered":"Sambista de Sabin\u00f3polis participa do lan\u00e7amento projeto Meu Samba \u00e9 Assim em BH"},"content":{"rendered":"<h4><strong><em>Meu Samba \u00e9 Assim, samba autoral de qualidade no espa\u00e7o mais bamba da cidade!<\/em><\/strong><\/h4>\n<p>Para quem acha que o samba bom \u00e9 s\u00f3 o carioca, este projeto veio para mudar os seus conceitos. O Samba Rooms Hostel e o Est\u00fadio Pato Multim\u00eddia inauguram o projeto Meu Samba \u00e9 Assim nesta quinta-feira, 9 de outubro \u00e0s 20h na sala de estar do Samba Rooms Hostel, na Avenida Bias Fortes, 368, Lourdes, na Capital Mineira. A primeira atra\u00e7\u00e3o ser\u00e1 o cantor e compositor Tino Fernandes.<\/p>\n<p>Nascido em Sabin\u00f3polis, interior de Minas Gerais, Tino tem uma longa experi\u00eancia musical. Come\u00e7ou por l\u00e1 mesmo. Ainda crian\u00e7a j\u00e1 tocava percuss\u00e3o em blocos de rua. Mais tarde na sua adolesc\u00eancia foi baterista em uma banda de baile onde tocou durante cinco anos, aprendendo as mal\u00edcias da noite e seus ritmos variados.<\/p>\n<p><img decoding=\"async\" src=\"http:\/\/aconteceunovale.com.br\/portal\/wp-content\/uploads\/2014\/10\/meu_samba_e_assim.jpg\" alt=\"\" \/><em>(Projeto ser\u00e1 lan\u00e7ado nesta quinta-feira (09), em Belo Horizonte &#8211; Foto: Divulga\u00e7\u00e3o)<\/em><br \/>\n<\/br><\/p>\n<p>Tino \u00e9 compositor, percussionista, violonista, cavaquinhista, saxofonista, produtor musical, int\u00e9rprete, poeta e professor de m\u00fasica. Tocou em v\u00e1rias bandas, como Samba da Silva, Mercado Nag\u00f4, acompanhou Bruno Lopes, Daniel Bravo, Jana\u00edna Moreno, Serginho BH e outros artistas da cena mineira. Influenciado pela mineiridade do Clube da Esquina e ao mesmo tempo por Cartola, Noel Rosa, Tom Jobim, Jorge Ben Jor, Marku Ribas. Seu trabalho reflete seu ecletismo. Possui 3 CDs autorais: Catador de Ilus\u00e3o, da Banda Kabocloz\u00ebn, em 2003. Em 2004 lan\u00e7ou seu primeiro trabalho solo, o CD Bambalau\u00ea. Atualmente, est\u00e1 em fase final do segundo CD solo intitulado Samba Sacramentado com nove can\u00e7\u00f5es in\u00e9ditas de samba tradicional, remontando as d\u00e9cadas de 30 e 40.<\/p>\n<h4>Meu Samba \u00e9 Assim<\/h4>\n<p>O projeto nasceu da uni\u00e3o do Samba Rooms Hostel e do Est\u00fadio Pato Multim\u00eddia com o objetivo de abrir espa\u00e7o para os compositores de samba da capital. Uma vez por m\u00eas, a grande sala de estar do hostel trar\u00e1 um show autoral emoldurado pelo lindo painel do artista pl\u00e1stico Tiago Mazza. Todos os shows ser\u00e3o gravados e disponibilizados gratuitamente na rede.<\/p>\n<p>Desde 2012 os organizadores do projeto trabalham com a produ\u00e7\u00e3o do sambista Jo\u00e3o Batera. Durante esse tempo, conheceram v\u00e1rios sambistas de BH que n\u00e3o conseguiam espa\u00e7o para tocar suas pr\u00f3prias m\u00fasicas, Uma das formas que encontraram para ajudar a resolver esse problema foi abrir o pr\u00f3prio espa\u00e7o para os artistas.<\/p>\n<p><strong>Servi\u00e7o:<\/strong><br \/>\nO qu\u00ea: Projeto Meu Samba \u00e9 Assim<br \/>\nOnde: Samba Rooms Hostel, avenida Bias Fortes, 368, Lourdes<br \/>\nQuando: Quinta-feira, 9 de outubro \u00e0s 20h<br \/>\nQuanto: R$ 10<\/p>\n","protected":false},"excerpt":{"rendered":"<p>Meu Samba \u00e9 Assim, samba autoral de qualidade no espa\u00e7o mais bamba da cidade! Para quem acha que o samba bom \u00e9 s\u00f3 o carioca, este projeto veio para mudar os seus conceitos. O Samba Rooms Hostel e o Est\u00fadio Pato Multim\u00eddia inauguram o projeto Meu Samba \u00e9 Assim nesta quinta-feira, 9 de outubro \u00e0s [&hellip;]<\/p>\n","protected":false},"author":1,"featured_media":41551,"comment_status":"open","ping_status":"closed","sticky":false,"template":"","format":"standard","meta":{"amp_status":"","footnotes":""},"categories":[125],"tags":[18081,18080,18082,18083,18084,18079],"class_list":["post-41550","post","type-post","status-publish","format-standard","has-post-thumbnail","hentry","category-noticias","tag-meu-samba-e-assim","tag-samba-rooms-hostel","tag-sambista-de-sabinopolis-participa-da-abertura-do-projeto-meu-samba-e-assim-em-bh","tag-sambista-de-sabinopolis-participa-da-abertura-do-projeto-meu-samba-e-assim-em-em-belo-horizonte","tag-sambista-de-sabinopolis-participa-do-lancamento-projeto-meu-samba-e-assim-em-bh","tag-tino-fernandes"],"_links":{"self":[{"href":"https:\/\/aconteceunovale.com.br\/portal\/index.php?rest_route=\/wp\/v2\/posts\/41550","targetHints":{"allow":["GET"]}}],"collection":[{"href":"https:\/\/aconteceunovale.com.br\/portal\/index.php?rest_route=\/wp\/v2\/posts"}],"about":[{"href":"https:\/\/aconteceunovale.com.br\/portal\/index.php?rest_route=\/wp\/v2\/types\/post"}],"author":[{"embeddable":true,"href":"https:\/\/aconteceunovale.com.br\/portal\/index.php?rest_route=\/wp\/v2\/users\/1"}],"replies":[{"embeddable":true,"href":"https:\/\/aconteceunovale.com.br\/portal\/index.php?rest_route=%2Fwp%2Fv2%2Fcomments&post=41550"}],"version-history":[{"count":0,"href":"https:\/\/aconteceunovale.com.br\/portal\/index.php?rest_route=\/wp\/v2\/posts\/41550\/revisions"}],"wp:featuredmedia":[{"embeddable":true,"href":"https:\/\/aconteceunovale.com.br\/portal\/index.php?rest_route=\/wp\/v2\/media\/41551"}],"wp:attachment":[{"href":"https:\/\/aconteceunovale.com.br\/portal\/index.php?rest_route=%2Fwp%2Fv2%2Fmedia&parent=41550"}],"wp:term":[{"taxonomy":"category","embeddable":true,"href":"https:\/\/aconteceunovale.com.br\/portal\/index.php?rest_route=%2Fwp%2Fv2%2Fcategories&post=41550"},{"taxonomy":"post_tag","embeddable":true,"href":"https:\/\/aconteceunovale.com.br\/portal\/index.php?rest_route=%2Fwp%2Fv2%2Ftags&post=41550"}],"curies":[{"name":"wp","href":"https:\/\/api.w.org\/{rel}","templated":true}]}}