{"id":41541,"date":"2014-10-08T18:14:04","date_gmt":"2014-10-08T21:14:04","guid":{"rendered":"http:\/\/aconteceunovale.com.br\/portal\/?p=41541"},"modified":"2014-10-08T18:16:38","modified_gmt":"2014-10-08T21:16:38","slug":"instituto-estadual-de-florestas-tera-que-tomar-medidas-para-preservacao-do-parque-do-biribiri","status":"publish","type":"post","link":"https:\/\/aconteceunovale.com.br\/portal\/?p=41541","title":{"rendered":"Instituto Estadual de Florestas ter\u00e1 que tomar medidas para preserva\u00e7\u00e3o do Parque do Biribiri"},"content":{"rendered":"<h4><strong><em>O Tribunal de Justi\u00e7a de Minas Gerais (TJMG) acatou o recurso do Minist\u00e9rio P\u00fablico de Minas Gerais (MPMG) que alegou degrada\u00e7\u00e3o da reserva ecol\u00f3gica. O estado tamb\u00e9m \u00e9 r\u00e9u no processo.<\/em><\/strong><\/h4>\n<p>O Tribunal de Justi\u00e7a de Minas Gerais (TJMG) acolheu recurso interposto pelo Minist\u00e9rio P\u00fablico de Minas Gerais (MPMG) e determinou ao Instituto Estadual de Florestas (IEF) e ao estado de Minas Gerais a ado\u00e7\u00e3o de medidas para a preserva\u00e7\u00e3o do Parque Estadual do Biribiri, localizado em Diamantina, no Vale do Jequitinhonha.<\/p>\n<p><img decoding=\"async\" src=\"http:\/\/aconteceunovale.com.br\/portal\/wp-content\/uploads\/2014\/10\/parque_do_biribiri_rosane.jpg\" alt=\"\" \/><em>O Parque do Biribiri \u00e9 uma unidade de conserva\u00e7\u00e3o criada em 1998 &#8211; Foto: Blog Rosa da Serra<\/em><br \/>\n<\/br><\/p>\n<p>Segundo a decis\u00e3o do TJMG, o parque do Biribiri dever\u00e1 contar com infraestrutura adequada para funcionar, incluindo equipamentos de comunica\u00e7\u00e3o, corpo t\u00e9cnico e guarda-parques, ve\u00edculos, sinaliza\u00e7\u00e3o educativa e brigada de inc\u00eandio. De acordo com a apura\u00e7\u00e3o do MPMG, o local vem sendo alvo constante de vandalismo, extra\u00e7\u00e3o de lenha, garimpo, pesca e ca\u00e7a, devido a essa falta de infraestrutura.<\/p>\n<p>Ainda com base no pedido feito pelo MPMG, a 4\u00aa C\u00e2mara C\u00edvel do TJMG decidiu que o estado e o IEF devem tomar provid\u00eancias para a regulariza\u00e7\u00e3o fundi\u00e1ria e para a atualiza\u00e7\u00e3o do Plano de Manejo do local, que deve ser integrado \u00e0 vida econ\u00f4mica e social das comunidades que o rodeiam.<\/p>\n<p>O Parque Estadual do Biribiri \u00e9 uma unidade de conserva\u00e7\u00e3o criada em 1998 \u00e0s margens da \u00e1rea urbana de Diamantina com a finalidade de proteger a biodiversidade, as nascentes e os c\u00f3rregos da regi\u00e3o. O local possui ainda v\u00e1rios s\u00edtios arqueol\u00f3gicos com pain\u00e9is e pinturas rupestres. (TJMG)<\/p>\n","protected":false},"excerpt":{"rendered":"<p>O Tribunal de Justi\u00e7a de Minas Gerais (TJMG) acatou o recurso do Minist\u00e9rio P\u00fablico de Minas Gerais (MPMG) que alegou degrada\u00e7\u00e3o da reserva ecol\u00f3gica. O estado tamb\u00e9m \u00e9 r\u00e9u no processo. O Tribunal de Justi\u00e7a de Minas Gerais (TJMG) acolheu recurso interposto pelo Minist\u00e9rio P\u00fablico de Minas Gerais (MPMG) e determinou ao Instituto Estadual de [&hellip;]<\/p>\n","protected":false},"author":1,"featured_media":41542,"comment_status":"open","ping_status":"closed","sticky":false,"template":"","format":"standard","meta":{"amp_status":"","footnotes":""},"categories":[120],"tags":[1018,198,18074,16252,18073],"class_list":["post-41541","post","type-post","status-publish","format-standard","has-post-thumbnail","hentry","category-jequi","tag-destaque","tag-diamantina","tag-instituto-estadual-de-florestas-tera-que-tomar-medidas-para-preservacao-do-parque-do-biribiri","tag-parque-estadual-do-biribiri","tag-preservacao-do-parque-estadual-do-biribiri"],"_links":{"self":[{"href":"https:\/\/aconteceunovale.com.br\/portal\/index.php?rest_route=\/wp\/v2\/posts\/41541","targetHints":{"allow":["GET"]}}],"collection":[{"href":"https:\/\/aconteceunovale.com.br\/portal\/index.php?rest_route=\/wp\/v2\/posts"}],"about":[{"href":"https:\/\/aconteceunovale.com.br\/portal\/index.php?rest_route=\/wp\/v2\/types\/post"}],"author":[{"embeddable":true,"href":"https:\/\/aconteceunovale.com.br\/portal\/index.php?rest_route=\/wp\/v2\/users\/1"}],"replies":[{"embeddable":true,"href":"https:\/\/aconteceunovale.com.br\/portal\/index.php?rest_route=%2Fwp%2Fv2%2Fcomments&post=41541"}],"version-history":[{"count":0,"href":"https:\/\/aconteceunovale.com.br\/portal\/index.php?rest_route=\/wp\/v2\/posts\/41541\/revisions"}],"wp:featuredmedia":[{"embeddable":true,"href":"https:\/\/aconteceunovale.com.br\/portal\/index.php?rest_route=\/wp\/v2\/media\/41542"}],"wp:attachment":[{"href":"https:\/\/aconteceunovale.com.br\/portal\/index.php?rest_route=%2Fwp%2Fv2%2Fmedia&parent=41541"}],"wp:term":[{"taxonomy":"category","embeddable":true,"href":"https:\/\/aconteceunovale.com.br\/portal\/index.php?rest_route=%2Fwp%2Fv2%2Fcategories&post=41541"},{"taxonomy":"post_tag","embeddable":true,"href":"https:\/\/aconteceunovale.com.br\/portal\/index.php?rest_route=%2Fwp%2Fv2%2Ftags&post=41541"}],"curies":[{"name":"wp","href":"https:\/\/api.w.org\/{rel}","templated":true}]}}