{"id":41539,"date":"2014-10-08T17:42:58","date_gmt":"2014-10-08T20:42:58","guid":{"rendered":"http:\/\/aconteceunovale.com.br\/portal\/?p=41539"},"modified":"2014-10-08T17:42:58","modified_gmt":"2014-10-08T20:42:58","slug":"rede-eletrica-sera-desligada-para-obras-em-onze-ruas-de-almenara","status":"publish","type":"post","link":"https:\/\/aconteceunovale.com.br\/portal\/?p=41539","title":{"rendered":"Rede el\u00e9trica ser\u00e1 desligada para obras em onze ruas de Almenara"},"content":{"rendered":"<p>A Companhia Energ\u00e9tica de Minas Gerais \u2013 Cemig informa que na pr\u00f3xima segunda-feira (13\/10) realizar\u00e1 obras de manuten\u00e7\u00e3o na Rede de Distribui\u00e7\u00e3o Urbana em Almenara.<\/p>\n<p>Para executar esse servi\u00e7o com seguran\u00e7a, ser\u00e1 necess\u00e1rio interromper o fornecimento de energia de 08h \u00e0s 11h nos seguintes endere\u00e7os:<\/p>\n<p>&#8211; JO\u00c3O CARDOSO, Entre n\u00fameros 425 e 911<br \/>\n&#8211; RUA OSCAR DE CASTRO, Entre n\u00fameros 11 e 59<br \/>\n&#8211; RUA AVELINO NASCIMENTO, Entre n\u00fameros 416 e 448<br \/>\n&#8211; RUA IMACULADA CONCEI\u00c7\u00c3O, Entre n\u00fameros 781 e 1023<br \/>\n&#8211; RUA ANT\u00d4NIO MARQUES DA SILVA, Entre n\u00fameros 5 e 566, UNIVERSIT\u00c1RIO<br \/>\n&#8211; RUA JO\u00c3O CARDOSO n\u00famero 559<br \/>\n&#8211; RUA AVELINO NASCIMENTO n\u00famero 329<br \/>\n&#8211; RUA AM\u00c2NCIO FERREIRA LOPES, Entre n\u00fameros 102 e 253, SANTO ANT\u00d4NIO<br \/>\n&#8211; RUA LUIZ DIAS LACERDA, Entre n\u00fameros 22 e 143, JO\u00c3O FAZENDEIRO<br \/>\n&#8211; RUA AVELINO NASCIMENTO n\u00famero 383, CENTRO<br \/>\n&#8211; RUA IMACULADA CONCEI\u00c7\u00c3O n\u00famero 1049, BELA VISTA<\/p>\n<p>Durante esse per\u00edodo, caso precise executar algum servi\u00e7o na instala\u00e7\u00e3o el\u00e9trica interna, o consumidor dever\u00e1 desligar antes a chave geral (disjuntor) para sua seguran\u00e7a.<\/p>\n<p>Esclarecemos que, em fun\u00e7\u00e3o da complexidade dos servi\u00e7os a serem executados, poder\u00e1 ocorrer atraso no hor\u00e1rio previsto ou cancelamento deste desligamento sem aviso pr\u00e9vio. Por medida de seguran\u00e7a, todos os equipamentos devem ser considerados energizados durante o per\u00edodo mencionado. Caso os servi\u00e7os de melhoria sejam conclu\u00eddos antes do hor\u00e1rio indicado, o fornecimento de energia el\u00e9trica ser\u00e1 restabelecido.<\/p>\n","protected":false},"excerpt":{"rendered":"<p>A Companhia Energ\u00e9tica de Minas Gerais \u2013 Cemig informa que na pr\u00f3xima segunda-feira (13\/10) realizar\u00e1 obras de manuten\u00e7\u00e3o na Rede de Distribui\u00e7\u00e3o Urbana em Almenara. Para executar esse servi\u00e7o com seguran\u00e7a, ser\u00e1 necess\u00e1rio interromper o fornecimento de energia de 08h \u00e0s 11h nos seguintes endere\u00e7os: &#8211; JO\u00c3O CARDOSO, Entre n\u00fameros 425 e 911 &#8211; RUA [&hellip;]<\/p>\n","protected":false},"author":1,"featured_media":35562,"comment_status":"open","ping_status":"closed","sticky":false,"template":"","format":"standard","meta":{"amp_status":"","footnotes":""},"categories":[120],"tags":[142,18071,18072],"class_list":["post-41539","post","type-post","status-publish","format-standard","has-post-thumbnail","hentry","category-jequi","tag-almenara","tag-cemig-comunica-desligamento-para-obras-na-rede-eletrica-de-almenara","tag-rede-eletrica-sera-desligada-para-obras-em-onze-ruas-de-almenara"],"_links":{"self":[{"href":"https:\/\/aconteceunovale.com.br\/portal\/index.php?rest_route=\/wp\/v2\/posts\/41539","targetHints":{"allow":["GET"]}}],"collection":[{"href":"https:\/\/aconteceunovale.com.br\/portal\/index.php?rest_route=\/wp\/v2\/posts"}],"about":[{"href":"https:\/\/aconteceunovale.com.br\/portal\/index.php?rest_route=\/wp\/v2\/types\/post"}],"author":[{"embeddable":true,"href":"https:\/\/aconteceunovale.com.br\/portal\/index.php?rest_route=\/wp\/v2\/users\/1"}],"replies":[{"embeddable":true,"href":"https:\/\/aconteceunovale.com.br\/portal\/index.php?rest_route=%2Fwp%2Fv2%2Fcomments&post=41539"}],"version-history":[{"count":0,"href":"https:\/\/aconteceunovale.com.br\/portal\/index.php?rest_route=\/wp\/v2\/posts\/41539\/revisions"}],"wp:featuredmedia":[{"embeddable":true,"href":"https:\/\/aconteceunovale.com.br\/portal\/index.php?rest_route=\/wp\/v2\/media\/35562"}],"wp:attachment":[{"href":"https:\/\/aconteceunovale.com.br\/portal\/index.php?rest_route=%2Fwp%2Fv2%2Fmedia&parent=41539"}],"wp:term":[{"taxonomy":"category","embeddable":true,"href":"https:\/\/aconteceunovale.com.br\/portal\/index.php?rest_route=%2Fwp%2Fv2%2Fcategories&post=41539"},{"taxonomy":"post_tag","embeddable":true,"href":"https:\/\/aconteceunovale.com.br\/portal\/index.php?rest_route=%2Fwp%2Fv2%2Ftags&post=41539"}],"curies":[{"name":"wp","href":"https:\/\/api.w.org\/{rel}","templated":true}]}}