{"id":41537,"date":"2014-10-08T17:34:49","date_gmt":"2014-10-08T20:34:49","guid":{"rendered":"http:\/\/aconteceunovale.com.br\/portal\/?p=41537"},"modified":"2014-10-08T17:34:49","modified_gmt":"2014-10-08T20:34:49","slug":"cemig-comunica-desligamento-para-obras-na-rede-eletrica-de-itamarandiba","status":"publish","type":"post","link":"https:\/\/aconteceunovale.com.br\/portal\/?p=41537","title":{"rendered":"Cemig comunica desligamento para obras na rede el\u00e9trica de Itamarandiba"},"content":{"rendered":"<p>A Companhia Energ\u00e9tica de Minas Gerais \u2013 Cemig informa que na pr\u00f3xima segunda-feira (13\/10) realizar\u00e1 obras de manuten\u00e7\u00e3o na Rede de Distribui\u00e7\u00e3o Urbana de Itamarandiba.<\/p>\n<p>Para executar esse servi\u00e7o com seguran\u00e7a, ser\u00e1 necess\u00e1rio interromper o fornecimento de energia de 11h \u00e0s 16h nos seguintes endere\u00e7os:<\/p>\n<p>&#8211; RUA BENEDITA FERREIRA n\u00famero 538<br \/>\n&#8211; RUA JACURI, Entre n\u00fameros 28 e 28<br \/>\n&#8211; RUA DO LONGUINHO, Entre n\u00fameros 8 e 62<br \/>\n&#8211; RUA DO PROGRESSO, Entre n\u00fameros 9 e 1292<br \/>\n&#8211; RUA SETE DE SETEMBRO, Entre n\u00fameros 53 e 199<br \/>\n&#8211; RUA VINTE E UM DE ABRIL, Entre n\u00fameros 15 e 59<br \/>\n&#8211; RUA PRIMEIRO DE MAIO, Entre n\u00fameros 407 e 1095<br \/>\n&#8211; RUA S\u00c3O JO\u00c3O EVANGELISTA, Entre n\u00fameros 496 e 1844, CENTRO<br \/>\n&#8211; RUA DONA DAZINHA n\u00famero 96<br \/>\n&#8211; RUA INDEPEND\u00caNCIA n\u00famero 238, PRIMEIRO DE MAIO<\/p>\n<p>Durante esse per\u00edodo, caso precise executar algum servi\u00e7o na instala\u00e7\u00e3o el\u00e9trica interna, o consumidor dever\u00e1 desligar antes a chave geral (disjuntor) para sua seguran\u00e7a.<\/p>\n<p>Esclarecemos que, em fun\u00e7\u00e3o da complexidade dos servi\u00e7os a serem executados, poder\u00e1 ocorrer atraso no hor\u00e1rio previsto ou cancelamento deste desligamento sem aviso pr\u00e9vio. Por medida de seguran\u00e7a, todos os equipamentos devem ser considerados energizados durante o per\u00edodo mencionado. Caso os servi\u00e7os de melhoria sejam conclu\u00eddos antes do hor\u00e1rio indicado, o fornecimento de energia el\u00e9trica ser\u00e1 restabelecido.<\/p>\n","protected":false},"excerpt":{"rendered":"<p>A Companhia Energ\u00e9tica de Minas Gerais \u2013 Cemig informa que na pr\u00f3xima segunda-feira (13\/10) realizar\u00e1 obras de manuten\u00e7\u00e3o na Rede de Distribui\u00e7\u00e3o Urbana de Itamarandiba. Para executar esse servi\u00e7o com seguran\u00e7a, ser\u00e1 necess\u00e1rio interromper o fornecimento de energia de 11h \u00e0s 16h nos seguintes endere\u00e7os: &#8211; RUA BENEDITA FERREIRA n\u00famero 538 &#8211; RUA JACURI, Entre [&hellip;]<\/p>\n","protected":false},"author":1,"featured_media":24001,"comment_status":"open","ping_status":"closed","sticky":false,"template":"","format":"standard","meta":{"amp_status":"","footnotes":""},"categories":[120],"tags":[18070,149],"class_list":["post-41537","post","type-post","status-publish","format-standard","has-post-thumbnail","hentry","category-jequi","tag-cemig-comunica-desligamento-para-obras-na-rede-eletrica-de-itamarandiba","tag-itamarandiba"],"_links":{"self":[{"href":"https:\/\/aconteceunovale.com.br\/portal\/index.php?rest_route=\/wp\/v2\/posts\/41537","targetHints":{"allow":["GET"]}}],"collection":[{"href":"https:\/\/aconteceunovale.com.br\/portal\/index.php?rest_route=\/wp\/v2\/posts"}],"about":[{"href":"https:\/\/aconteceunovale.com.br\/portal\/index.php?rest_route=\/wp\/v2\/types\/post"}],"author":[{"embeddable":true,"href":"https:\/\/aconteceunovale.com.br\/portal\/index.php?rest_route=\/wp\/v2\/users\/1"}],"replies":[{"embeddable":true,"href":"https:\/\/aconteceunovale.com.br\/portal\/index.php?rest_route=%2Fwp%2Fv2%2Fcomments&post=41537"}],"version-history":[{"count":0,"href":"https:\/\/aconteceunovale.com.br\/portal\/index.php?rest_route=\/wp\/v2\/posts\/41537\/revisions"}],"wp:featuredmedia":[{"embeddable":true,"href":"https:\/\/aconteceunovale.com.br\/portal\/index.php?rest_route=\/wp\/v2\/media\/24001"}],"wp:attachment":[{"href":"https:\/\/aconteceunovale.com.br\/portal\/index.php?rest_route=%2Fwp%2Fv2%2Fmedia&parent=41537"}],"wp:term":[{"taxonomy":"category","embeddable":true,"href":"https:\/\/aconteceunovale.com.br\/portal\/index.php?rest_route=%2Fwp%2Fv2%2Fcategories&post=41537"},{"taxonomy":"post_tag","embeddable":true,"href":"https:\/\/aconteceunovale.com.br\/portal\/index.php?rest_route=%2Fwp%2Fv2%2Ftags&post=41537"}],"curies":[{"name":"wp","href":"https:\/\/api.w.org\/{rel}","templated":true}]}}