{"id":41516,"date":"2014-10-08T13:02:30","date_gmt":"2014-10-08T16:02:30","guid":{"rendered":"http:\/\/aconteceunovale.com.br\/portal\/?p=41516"},"modified":"2014-10-08T13:02:30","modified_gmt":"2014-10-08T16:02:30","slug":"paula-fernandes-e-embaixadora-em-movimento-de-prevencao-ao-cancer-de-mama","status":"publish","type":"post","link":"https:\/\/aconteceunovale.com.br\/portal\/?p=41516","title":{"rendered":"Paula Fernandes \u00e9 embaixadora em movimento de preven\u00e7\u00e3o ao c\u00e2ncer de mama"},"content":{"rendered":"<h4><strong><em>O movimento foi lan\u00e7ado nesta quarta-feira no Ouro Minas e prev\u00ea dois projetos de capacita\u00e7\u00e3o de m\u00e9dicos e de preven\u00e7\u00e3o a doen\u00e7a<\/em><\/strong><\/h4>\n<p>[image src=&#8221;http:\/\/aconteceunovale.com.br\/portal\/wp-content\/uploads\/2014\/10\/paula_fernandes_mamamiga.jpg&#8221; width=&#8221;337&#8243; height=&#8221;450&#8243; lightbox=&#8221;yes&#8221; align=&#8221;left&#8221; float=&#8221;left&#8221;]O movimento &#8220;Mamamiga Pela Vida&#8221;, que tem como embaixadora a cantora Paula Fernandes, foi lan\u00e7ado nesta quarta-feira (8) no Ouro Minas e prop\u00f5e a preven\u00e7\u00e3o do c\u00e2ncer de mama, o tipo mais frequente nas mulheres da regi\u00e3o Sudeste do pa\u00eds, onde se insere Minas Gerais. De acordo com o Instituto Nacional do C\u00e2ncer (Inca), s\u00f3 para este ano, a estimativa \u00e9 de surgimento de 57.120 novos casos da doen\u00e7a no pa\u00eds. A iniciativa \u00e9 da Associa\u00e7\u00e3o de Preven\u00e7\u00e3o do C\u00e2ncer de Mama na Mulher (Asprecom).<\/p>\n<p>O movimento foi lan\u00e7ado com dois projetos in\u00e9ditos. O primeiro tem o objetivo de criar o n\u00facleo de promo\u00e7\u00e3o da sa\u00fade da mulher em parceria com a Secretaria de Estado de Ci\u00eancia, Tecnologia e Ensino Superior de Minas Gerais. Ele deve ser implementado no Hospital da Baleia, em Belo Horizonte, e se tornar uma refer\u00eancia no ensino a dist\u00e2ncia e na capacita\u00e7\u00e3o para os profissionais da sa\u00fade de outros munic\u00edpios do Estado.<\/p>\n<p>A ideia do n\u00facleo \u00e9 capacitar os profissionais que atuam na \u00e1rea da sa\u00fade p\u00fablica e tamb\u00e9m pessoas da sociedade que atuam nesta \u00e1rea por meio do voluntariado. Essas pessoas ser\u00e3o instru\u00eddas para orientar a popula\u00e7\u00e3o a fazerem o exame cl\u00ednico, a mamografia e o autoexame para prevenir a doen\u00e7a. &#8220;Para orientar o o autoexame, utilizamos o m\u00e9todo did\u00e1tico desenvolvido por n\u00f3s e disponibilizado em todo o Estado&#8221;, explica o fundador e diretor da Asprecam, o m\u00e9dico Thadeu Provenza.<\/p>\n<p>M\u00e9dicos e demais profissionais poder\u00e3o ter acesso a videoconfer\u00eancias em unidades do Uaitec j\u00e1 espalhadas em 100 cidades mineiras.<\/p>\n<p>O projeto piloto ir\u00e1 contemplar a capital, Sabar\u00e1 e Sete Lagoas, no entanto, a verba para a sua implementa\u00e7\u00e3o, no valor de R$ 1,2 milh\u00e3o j\u00e1 foi aprovada no fim do ano passado, mas ainda n\u00e3o foi repassada ao projeto. A reportagem entrou em contato com o governo de Minas para saber porqu\u00ea o montante ainda n\u00e3o foi repassado, e aguarda uma resposta.<\/p>\n<p>J\u00e1 o segundo projeto \u00e9 completamente voltado para a preven\u00e7\u00e3o e ir\u00e1 disponibilizar simuladores de mama utilizados na demonstra\u00e7\u00e3o do autoexame. Este produto simula a gl\u00e2ndula mam\u00e1ria feminina apontando as principais altera\u00e7\u00f5es que podem ser encontradas nesta \u00e1rea. Os simuladores ser\u00e3o instalados em locais p\u00fablicos, como banheiros femininos, restaurantes, shoppings, lojas, drogarias e empresas, onde as mulheres poder\u00e3o simular o exame e detectar os tipos de n\u00f3dulos que podem ser encontrados na mama.<\/p>\n<p>A cantora Paula Fernandes participou do lan\u00e7amento e disse que, como mulher, n\u00e3o poderia deixar de abra\u00e7ar a causa e o projeto. &#8220;Tem base s\u00f3lida&#8221;, disse. Ela tamb\u00e9m contou que pretende usar a sua imagem em prol de algo grandioso como salvar uma vida. &#8220;\u00c9 algo que n\u00e3o tem pre\u00e7o&#8221;, disse.<\/p>\n<p><strong><em>(O Tempo)<\/em><\/strong><\/p>\n","protected":false},"excerpt":{"rendered":"<p>O movimento foi lan\u00e7ado nesta quarta-feira no Ouro Minas e prev\u00ea dois projetos de capacita\u00e7\u00e3o de m\u00e9dicos e de preven\u00e7\u00e3o a doen\u00e7a [image src=&#8221;http:\/\/aconteceunovale.com.br\/portal\/wp-content\/uploads\/2014\/10\/paula_fernandes_mamamiga.jpg&#8221; width=&#8221;337&#8243; height=&#8221;450&#8243; lightbox=&#8221;yes&#8221; align=&#8221;left&#8221; float=&#8221;left&#8221;]O movimento &#8220;Mamamiga Pela Vida&#8221;, que tem como embaixadora a cantora Paula Fernandes, foi lan\u00e7ado nesta quarta-feira (8) no Ouro Minas e prop\u00f5e a preven\u00e7\u00e3o do c\u00e2ncer [&hellip;]<\/p>\n","protected":false},"author":1,"featured_media":25551,"comment_status":"open","ping_status":"closed","sticky":false,"template":"","format":"standard","meta":{"amp_status":"","footnotes":""},"categories":[6],"tags":[1018,18062,18064,18061,18060,18063],"class_list":["post-41516","post","type-post","status-publish","format-standard","has-post-thumbnail","hentry","category-br","tag-destaque","tag-mamamiga","tag-mamamiga-pela-vida","tag-paula-fernandes","tag-paula-fernandes-e-embaixadora-em-campanha-de-prevencao-ao-cancer-de-mama","tag-paula-fernandes-e-embaixadora-em-movimento-de-prevencao-ao-cancer-de-mama"],"_links":{"self":[{"href":"https:\/\/aconteceunovale.com.br\/portal\/index.php?rest_route=\/wp\/v2\/posts\/41516","targetHints":{"allow":["GET"]}}],"collection":[{"href":"https:\/\/aconteceunovale.com.br\/portal\/index.php?rest_route=\/wp\/v2\/posts"}],"about":[{"href":"https:\/\/aconteceunovale.com.br\/portal\/index.php?rest_route=\/wp\/v2\/types\/post"}],"author":[{"embeddable":true,"href":"https:\/\/aconteceunovale.com.br\/portal\/index.php?rest_route=\/wp\/v2\/users\/1"}],"replies":[{"embeddable":true,"href":"https:\/\/aconteceunovale.com.br\/portal\/index.php?rest_route=%2Fwp%2Fv2%2Fcomments&post=41516"}],"version-history":[{"count":0,"href":"https:\/\/aconteceunovale.com.br\/portal\/index.php?rest_route=\/wp\/v2\/posts\/41516\/revisions"}],"wp:featuredmedia":[{"embeddable":true,"href":"https:\/\/aconteceunovale.com.br\/portal\/index.php?rest_route=\/wp\/v2\/media\/25551"}],"wp:attachment":[{"href":"https:\/\/aconteceunovale.com.br\/portal\/index.php?rest_route=%2Fwp%2Fv2%2Fmedia&parent=41516"}],"wp:term":[{"taxonomy":"category","embeddable":true,"href":"https:\/\/aconteceunovale.com.br\/portal\/index.php?rest_route=%2Fwp%2Fv2%2Fcategories&post=41516"},{"taxonomy":"post_tag","embeddable":true,"href":"https:\/\/aconteceunovale.com.br\/portal\/index.php?rest_route=%2Fwp%2Fv2%2Ftags&post=41516"}],"curies":[{"name":"wp","href":"https:\/\/api.w.org\/{rel}","templated":true}]}}