{"id":41491,"date":"2014-10-08T11:35:15","date_gmt":"2014-10-08T14:35:15","guid":{"rendered":"http:\/\/aconteceunovale.com.br\/portal\/?p=41491"},"modified":"2014-10-08T11:35:15","modified_gmt":"2014-10-08T14:35:15","slug":"plantao-do-samu-no-norte-de-minas-gerais-07-de-outubro-de-2014","status":"publish","type":"post","link":"https:\/\/aconteceunovale.com.br\/portal\/?p=41491","title":{"rendered":"Plant\u00e3o do Samu no Norte de Minas Gerais &#8211; 07 de outubro de 2014"},"content":{"rendered":"<h4><strong><em>Ter\u00e7a-feira, 07 de outubro de 2014<\/em><\/strong><\/h4>\n<p>A unidade do SAMU de Montes Claros realizou nesta ter\u00e7a-feira, 07\/10, 70 atendimentos, sendo 53 casos cl\u00ednicos, 14 atendimentos em decorr\u00eancia de acidente de tr\u00e2nsito, 01 queda de cavalo, 01 queda de pr\u00f3pria altura e 01 ferido por arma de fogo. <\/p>\n<p>\u00c0s 21h37, a unidade do Samu foi acionada para atendimento a um homem de 35 anos, que caiu de moto na Avenida Deputado Pl\u00ednio Ribeiro, bairro de Lourdes. Ele conduzia a moto e apresentava prov\u00e1vel fratura na perna esquerda, NBA regi\u00e3o do tornozelo, com edema no local. <\/p>\n<p>\u00c0s 21h32, um rapaz de 19 anos caiu da pr\u00f3pria altura na Rua Portugal, bairro Independ\u00eancia, e fraturou o ombro direito. <\/p>\n<p>\u00c0s 20h30, u homem de 44 anos caiu de bicicleta na Avenida Bar\u00e3o de Campinas, pr\u00f3ximo \u00e0s Tr\u00eas Pilastras, bairro Major Prates, e sofreu ferimentos na face. Ele estava etilizado e relata ter batido com a cabe\u00e7a contra o meio-fio e que n\u00e3o estava conseguindo mover as pernas. <\/p>\n<p>Tr\u00eas pessoas ficaram feridas em um acidente ocorrido por volta das 19 horas, na BR-135, sa\u00edda de Montes Claros, pr\u00f3ximo ao posto da PRF. O acidente envolveu uma moto e uma bicicleta e um homem de 46 anos, que estava na bicicleta, sofreu corte contuso na cabe\u00e7a, com sangramento ativo, com relato de perda de consci\u00eancia no momento da colis\u00e3o. O condutor da moto, de 35 anos, sofre pequenas escoria\u00e7\u00f5es, sem sinal de fratura. Uma mulher de 37 anos, que estava na garupa da moto, sofreu escoria\u00e7\u00f5es nos bra\u00e7os e pernas e se queixava de lombalgia.<\/p>\n<p>\u00c0s 18h10, um homem de 27 anos ficou ferido em uma colis\u00e3o entre moto e carro ocorrida na Avenida Sidney Chaves, bairro Edgar Pereira. Ele conduzia a moto e se queixava de dor tor\u00e1cica, sem sinais de fraturas.<\/p>\n<p>\u00c0s 17h45, um homem de 62 anos ficou ferido em uma colis\u00e3o entre bicicleta e carro ocorrida na Avenida Coronel Luiz Maia, bairro Jardim Palmeiras. Ele conduzia a bicicleta e apresentava escoria\u00e7\u00f5es no cotovelo e joelho direitos, sem suspeita de fraturas.<\/p>\n<p>\u00c0s 17h, um homem de 55 anos ficou ferido em uma colis\u00e3o entre bicicleta e moto ocorrida na Avenida Nossa Senhora da Vit\u00f3ria, bairro Vera Cruz. Ele conduzia a bicicleta e relata dor na clav\u00edcula direita, sem deformidade local.<\/p>\n<p>\u00c0s 16h20, uma mulher de 43 anos ficou ferida em uma colis\u00e3o entre carro e moto ocorrida na Avenida S\u00e3o Judas, bairro Cristo Rey. Ela conduzia a moto e se queixava de tontura e dor na regi\u00e3o tor\u00e1cica. <\/p>\n<p>\u00c0s 16h20, um rapaz de 16 anos caiu do cavalo na Rua 11, bairro Monte Si\u00e3o, e perdeu a consci\u00eancia no momento da queda, se queixando de dor intensa na cabe\u00e7a.<\/p>\n<p>\u00c0s 13h15, uma mulher de 31 anos caiu de moto na Rua Maring\u00e1, bairro Jardim Palmeiras; \u00e0s 10h55, um homem de 20 anos colidiu de moto contra um carro na avenida A, Vila Exposi\u00e7\u00e3o; e \u00e0s 6h44, duas pessoas ficaram feridas em uma colis\u00e3o entre moto e bicicleta, sendo um homem de 57 anos e outro de 45.<\/p>\n<p>Na madrugada de ter\u00e7a-feira, 07\/10, um rapaz de 20 anos ficou ferido na cabe\u00e7a ap\u00f3s tentativa de autoexterm\u00ednio com arma de fogo, em Pirapora. Ele foi socorrido e encaminhado ao hospital de Pirapora, sendo, sem seguida, transferido pelo Samu, em estado grave, para a Santa Casa de Montes Claros. <\/p>\n<p>Em todas as ocorr\u00eancias os feridos receberam os primeiros atendimentos no local e foram encaminhados ao hospital para avalia\u00e7\u00e3o.<\/p>\n","protected":false},"excerpt":{"rendered":"<p>Ter\u00e7a-feira, 07 de outubro de 2014 A unidade do SAMU de Montes Claros realizou nesta ter\u00e7a-feira, 07\/10, 70 atendimentos, sendo 53 casos cl\u00ednicos, 14 atendimentos em decorr\u00eancia de acidente de tr\u00e2nsito, 01 queda de cavalo, 01 queda de pr\u00f3pria altura e 01 ferido por arma de fogo. \u00c0s 21h37, a unidade do Samu foi acionada [&hellip;]<\/p>\n","protected":false},"author":1,"featured_media":37592,"comment_status":"open","ping_status":"closed","sticky":false,"template":"","format":"standard","meta":{"amp_status":"","footnotes":""},"categories":[1236],"tags":[210,18044,13995],"class_list":["post-41491","post","type-post","status-publish","format-standard","has-post-thumbnail","hentry","category-norte_de_minas","tag-montes-claros","tag-plantao-do-samu-no-norte-de-minas-gerais-07-de-outubro-de-2014","tag-plantao-samu-macro-norte"],"_links":{"self":[{"href":"https:\/\/aconteceunovale.com.br\/portal\/index.php?rest_route=\/wp\/v2\/posts\/41491","targetHints":{"allow":["GET"]}}],"collection":[{"href":"https:\/\/aconteceunovale.com.br\/portal\/index.php?rest_route=\/wp\/v2\/posts"}],"about":[{"href":"https:\/\/aconteceunovale.com.br\/portal\/index.php?rest_route=\/wp\/v2\/types\/post"}],"author":[{"embeddable":true,"href":"https:\/\/aconteceunovale.com.br\/portal\/index.php?rest_route=\/wp\/v2\/users\/1"}],"replies":[{"embeddable":true,"href":"https:\/\/aconteceunovale.com.br\/portal\/index.php?rest_route=%2Fwp%2Fv2%2Fcomments&post=41491"}],"version-history":[{"count":0,"href":"https:\/\/aconteceunovale.com.br\/portal\/index.php?rest_route=\/wp\/v2\/posts\/41491\/revisions"}],"wp:featuredmedia":[{"embeddable":true,"href":"https:\/\/aconteceunovale.com.br\/portal\/index.php?rest_route=\/wp\/v2\/media\/37592"}],"wp:attachment":[{"href":"https:\/\/aconteceunovale.com.br\/portal\/index.php?rest_route=%2Fwp%2Fv2%2Fmedia&parent=41491"}],"wp:term":[{"taxonomy":"category","embeddable":true,"href":"https:\/\/aconteceunovale.com.br\/portal\/index.php?rest_route=%2Fwp%2Fv2%2Fcategories&post=41491"},{"taxonomy":"post_tag","embeddable":true,"href":"https:\/\/aconteceunovale.com.br\/portal\/index.php?rest_route=%2Fwp%2Fv2%2Ftags&post=41491"}],"curies":[{"name":"wp","href":"https:\/\/api.w.org\/{rel}","templated":true}]}}