{"id":41473,"date":"2014-10-07T21:06:32","date_gmt":"2014-10-08T00:06:32","guid":{"rendered":"http:\/\/aconteceunovale.com.br\/portal\/?p=41473"},"modified":"2014-10-07T21:06:32","modified_gmt":"2014-10-08T00:06:32","slug":"incendio-atinge-area-de-preservacao-ambiental-em-montes-claros","status":"publish","type":"post","link":"https:\/\/aconteceunovale.com.br\/portal\/?p=41473","title":{"rendered":"Inc\u00eandio atinge \u00e1rea de preserva\u00e7\u00e3o ambiental em Montes Claros"},"content":{"rendered":"<h4><em><strong>Fogo se alastrou por cerca de um quil\u00f4metro linear. Causa do inc\u00eandio pode ser uma manuten\u00e7\u00e3o na rede el\u00e9trica.<\/strong><\/em><\/h4>\n<p>A Pol\u00edcia Militar de Meio Ambiente registrou na tarde desta ter\u00e7a-feira (7) um inc\u00eandio no Parque Estadual da Lapa Grande, em Montes Claros, Norte de Minas. O local \u00e9 uma \u00e1rea de preserva\u00e7\u00e3o ambiental com aproximadamente 7 hectares, localizada a 10 km do centro da cidade. As chamas se alastraram por cerca de um quil\u00f4metro linear, segundo a Defesa Civil.<\/p>\n<p>Conforme informa\u00e7\u00f5es da Pol\u00edcia Militar, o inc\u00eandio pode ter sido causado devido a uma manuten\u00e7\u00e3o na rede el\u00e9trica dentro do parque. Para conter as chamas, foram chamados brigadistas, policiais militares e a Defesa Civil de Montes Claros. At\u00e9 a publica\u00e7\u00e3o dessa mat\u00e9ria, o fogo ainda n\u00e3o tinha sido controlado.<\/p>\n<p><img decoding=\"async\" src=\"http:\/\/aconteceunovale.com.br\/portal\/wp-content\/uploads\/2014\/10\/incendio_moc.jpg\" alt=\"\" \/><em>Fogo pode ter sido provocado por uma manuten\u00e7\u00e3o na rede el\u00e9trica do parque (Foto: Alexandre Fonseca\/G1)<\/em><br \/>\n<\/br><\/p>\n<p><strong><em>(Inter TV Grande Minas)<\/em><\/strong><\/p>\n","protected":false},"excerpt":{"rendered":"<p>Fogo se alastrou por cerca de um quil\u00f4metro linear. Causa do inc\u00eandio pode ser uma manuten\u00e7\u00e3o na rede el\u00e9trica. A Pol\u00edcia Militar de Meio Ambiente registrou na tarde desta ter\u00e7a-feira (7) um inc\u00eandio no Parque Estadual da Lapa Grande, em Montes Claros, Norte de Minas. O local \u00e9 uma \u00e1rea de preserva\u00e7\u00e3o ambiental com aproximadamente [&hellip;]<\/p>\n","protected":false},"author":1,"featured_media":41474,"comment_status":"open","ping_status":"closed","sticky":false,"template":"","format":"standard","meta":{"amp_status":"","footnotes":""},"categories":[1236],"tags":[18029,18030,210,3255],"class_list":["post-41473","post","type-post","status-publish","format-standard","has-post-thumbnail","hentry","category-norte_de_minas","tag-incendio-atinge-area-de-preservacao-ambiental-em-montes-claros","tag-incendio-no-parque-estadual-da-lapa-grande","tag-montes-claros","tag-parque-estadual-da-lapa-grande"],"_links":{"self":[{"href":"https:\/\/aconteceunovale.com.br\/portal\/index.php?rest_route=\/wp\/v2\/posts\/41473","targetHints":{"allow":["GET"]}}],"collection":[{"href":"https:\/\/aconteceunovale.com.br\/portal\/index.php?rest_route=\/wp\/v2\/posts"}],"about":[{"href":"https:\/\/aconteceunovale.com.br\/portal\/index.php?rest_route=\/wp\/v2\/types\/post"}],"author":[{"embeddable":true,"href":"https:\/\/aconteceunovale.com.br\/portal\/index.php?rest_route=\/wp\/v2\/users\/1"}],"replies":[{"embeddable":true,"href":"https:\/\/aconteceunovale.com.br\/portal\/index.php?rest_route=%2Fwp%2Fv2%2Fcomments&post=41473"}],"version-history":[{"count":0,"href":"https:\/\/aconteceunovale.com.br\/portal\/index.php?rest_route=\/wp\/v2\/posts\/41473\/revisions"}],"wp:featuredmedia":[{"embeddable":true,"href":"https:\/\/aconteceunovale.com.br\/portal\/index.php?rest_route=\/wp\/v2\/media\/41474"}],"wp:attachment":[{"href":"https:\/\/aconteceunovale.com.br\/portal\/index.php?rest_route=%2Fwp%2Fv2%2Fmedia&parent=41473"}],"wp:term":[{"taxonomy":"category","embeddable":true,"href":"https:\/\/aconteceunovale.com.br\/portal\/index.php?rest_route=%2Fwp%2Fv2%2Fcategories&post=41473"},{"taxonomy":"post_tag","embeddable":true,"href":"https:\/\/aconteceunovale.com.br\/portal\/index.php?rest_route=%2Fwp%2Fv2%2Ftags&post=41473"}],"curies":[{"name":"wp","href":"https:\/\/api.w.org\/{rel}","templated":true}]}}