{"id":41468,"date":"2014-10-07T20:47:27","date_gmt":"2014-10-07T23:47:27","guid":{"rendered":"http:\/\/aconteceunovale.com.br\/portal\/?p=41468"},"modified":"2014-10-07T20:47:27","modified_gmt":"2014-10-07T23:47:27","slug":"menor-e-apreendido-com-drogas-e-uma-arma-em-caratinga","status":"publish","type":"post","link":"https:\/\/aconteceunovale.com.br\/portal\/?p=41468","title":{"rendered":"Menor \u00e9 apreendido com drogas e uma arma em Caratinga"},"content":{"rendered":"<h4><strong><em>Foram apreendidas uma arma, coca\u00edna e muni\u00e7\u00e3o. Pol\u00edcia chegou at\u00e9 o suspeito atrav\u00e9s de den\u00fancia an\u00f4nima.<\/em><\/strong><\/h4>\n<p>Um adolescente de 17 anos foi apreendido na tarde desta segunda-feira (06), no bairro Santa Cruz, em Caratinga, leste de Minas Gerais. De acordo com a Pol\u00edcia Militar, uma den\u00fancia an\u00f4nima informou que ele estava com uma arma de fogo na cintura na Rua Ant\u00f4nio Boaventura de Carvalho.<\/p>\n<p>Ainda segundo informa\u00e7\u00f5es da PM, ao perceber a chegada da viatura, o menor jogou um objeto fora e escondeu atr\u00e1s de um muro. Ao realizar uma busca no suspeito, os militares encontraram um por\u00e7\u00e3o de coca\u00edna que estava escondida no bolso de sua  bermuda.<\/p>\n<p>Ap\u00f3s buscas no local onde o adolescente estava, foi localizado uma arma com cinco muni\u00e7\u00f5es. Ele foi apreendido e encaminhado \u00e0 delegacia juntamente com sua m\u00e3e.<\/p>\n<p><img decoding=\"async\" src=\"http:\/\/aconteceunovale.com.br\/portal\/wp-content\/uploads\/2014\/10\/arma_apreendida_caratinga.jpg\" alt=\"\" \/><em>Suspeito tentou se livrar da arma na abordagem policial (Foto: Divulga\u00e7\u00e3o\/PM)<\/em><br \/>\n<\/br><\/p>\n<p><strong><em>(Inter TV dos Vales)<\/em><\/strong><\/p>\n","protected":false},"excerpt":{"rendered":"<p>Foram apreendidas uma arma, coca\u00edna e muni\u00e7\u00e3o. Pol\u00edcia chegou at\u00e9 o suspeito atrav\u00e9s de den\u00fancia an\u00f4nima. Um adolescente de 17 anos foi apreendido na tarde desta segunda-feira (06), no bairro Santa Cruz, em Caratinga, leste de Minas Gerais. De acordo com a Pol\u00edcia Militar, uma den\u00fancia an\u00f4nima informou que ele estava com uma arma de [&hellip;]<\/p>\n","protected":false},"author":1,"featured_media":41469,"comment_status":"open","ping_status":"closed","sticky":false,"template":"","format":"standard","meta":{"amp_status":"","footnotes":""},"categories":[121],"tags":[237,18027],"class_list":["post-41468","post","type-post","status-publish","format-standard","has-post-thumbnail","hentry","category-leste","tag-caratinga","tag-menor-e-apreendido-com-drogas-e-uma-arma-em-caratinga"],"_links":{"self":[{"href":"https:\/\/aconteceunovale.com.br\/portal\/index.php?rest_route=\/wp\/v2\/posts\/41468","targetHints":{"allow":["GET"]}}],"collection":[{"href":"https:\/\/aconteceunovale.com.br\/portal\/index.php?rest_route=\/wp\/v2\/posts"}],"about":[{"href":"https:\/\/aconteceunovale.com.br\/portal\/index.php?rest_route=\/wp\/v2\/types\/post"}],"author":[{"embeddable":true,"href":"https:\/\/aconteceunovale.com.br\/portal\/index.php?rest_route=\/wp\/v2\/users\/1"}],"replies":[{"embeddable":true,"href":"https:\/\/aconteceunovale.com.br\/portal\/index.php?rest_route=%2Fwp%2Fv2%2Fcomments&post=41468"}],"version-history":[{"count":0,"href":"https:\/\/aconteceunovale.com.br\/portal\/index.php?rest_route=\/wp\/v2\/posts\/41468\/revisions"}],"wp:featuredmedia":[{"embeddable":true,"href":"https:\/\/aconteceunovale.com.br\/portal\/index.php?rest_route=\/wp\/v2\/media\/41469"}],"wp:attachment":[{"href":"https:\/\/aconteceunovale.com.br\/portal\/index.php?rest_route=%2Fwp%2Fv2%2Fmedia&parent=41468"}],"wp:term":[{"taxonomy":"category","embeddable":true,"href":"https:\/\/aconteceunovale.com.br\/portal\/index.php?rest_route=%2Fwp%2Fv2%2Fcategories&post=41468"},{"taxonomy":"post_tag","embeddable":true,"href":"https:\/\/aconteceunovale.com.br\/portal\/index.php?rest_route=%2Fwp%2Fv2%2Ftags&post=41468"}],"curies":[{"name":"wp","href":"https:\/\/api.w.org\/{rel}","templated":true}]}}