{"id":41466,"date":"2014-10-07T20:42:25","date_gmt":"2014-10-07T23:42:25","guid":{"rendered":"http:\/\/aconteceunovale.com.br\/portal\/?p=41466"},"modified":"2014-10-07T20:42:25","modified_gmt":"2014-10-07T23:42:25","slug":"homem-e-preso-apos-agredir-a-mulher-e-ameacar-matar-filhos-em-governador-valadares","status":"publish","type":"post","link":"https:\/\/aconteceunovale.com.br\/portal\/?p=41466","title":{"rendered":"Homem \u00e9 preso ap\u00f3s agredir a mulher e amea\u00e7ar matar filhos em Governador Valadares"},"content":{"rendered":"<h4><strong><em>Agress\u00f5es aconteceram durante a madrugada e suspeito foi preso nesta ter\u00e7a. Suspeito disse aos policiais militares que agrediu a mulher por ter sido tra\u00eddo.<\/em><\/strong><\/h4>\n<p>Um homem de 37 anos foi preso na manh\u00e3 desta ter\u00e7a-feira (7) suspeito de agredir a pr\u00f3pria mulher e amea\u00e7ar os filhos de morte em Governador Valadares, no Leste de Minas Gerais. As agress\u00f5es contra a mulher de 26 anos teriam acontecido durante toda a madrugada desta ter\u00e7a-feira, em uma resid\u00eancia na Rua Mea\u00edpe, na Vila do Sol II.<\/p>\n<p>Segundo boletim de ocorr\u00eancia, ao chegar ao local, policiais militares encontraram a mulher ferida. Ela teria dito aos militares que o marido a agrediu com socos e ainda tentou agarra-la pelo pesco\u00e7o com o objetivo de mata-la. Os filhos do casal, uma menina de 8 anos e dois meninos de 9 e 5 anos disseram aos militares que o pai amea\u00e7ou mat\u00e1-los.<\/p>\n<p>O homem foi preso enquanto se preparava para fugir. Ele tinha duas identidades com nomes diferentes. Aos militares, o suspeito disse que tamb\u00e9m foi agredido pela mulher e que tomou tal atitude depois que descobriu que estava sendo tra\u00eddo pela mulher.<\/p>\n<p>Ele foi encaminhado ao Hospital Municipal de Valadares onde foi avaliado e depois levado \u00e0 delegacia. O homem vai responder por les\u00e3o corporal e deve ser enquadrado na Lei Maria da Penha. (G1)<\/p>\n","protected":false},"excerpt":{"rendered":"<p>Agress\u00f5es aconteceram durante a madrugada e suspeito foi preso nesta ter\u00e7a. Suspeito disse aos policiais militares que agrediu a mulher por ter sido tra\u00eddo. Um homem de 37 anos foi preso na manh\u00e3 desta ter\u00e7a-feira (7) suspeito de agredir a pr\u00f3pria mulher e amea\u00e7ar os filhos de morte em Governador Valadares, no Leste de Minas [&hellip;]<\/p>\n","protected":false},"author":1,"featured_media":29763,"comment_status":"open","ping_status":"closed","sticky":false,"template":"","format":"standard","meta":{"amp_status":"","footnotes":""},"categories":[121],"tags":[247,18026],"class_list":["post-41466","post","type-post","status-publish","format-standard","has-post-thumbnail","hentry","category-leste","tag-governador-valadares","tag-homem-e-preso-apos-agredir-a-mulher-e-ameacar-matar-filhos-em-governador-valadares"],"_links":{"self":[{"href":"https:\/\/aconteceunovale.com.br\/portal\/index.php?rest_route=\/wp\/v2\/posts\/41466","targetHints":{"allow":["GET"]}}],"collection":[{"href":"https:\/\/aconteceunovale.com.br\/portal\/index.php?rest_route=\/wp\/v2\/posts"}],"about":[{"href":"https:\/\/aconteceunovale.com.br\/portal\/index.php?rest_route=\/wp\/v2\/types\/post"}],"author":[{"embeddable":true,"href":"https:\/\/aconteceunovale.com.br\/portal\/index.php?rest_route=\/wp\/v2\/users\/1"}],"replies":[{"embeddable":true,"href":"https:\/\/aconteceunovale.com.br\/portal\/index.php?rest_route=%2Fwp%2Fv2%2Fcomments&post=41466"}],"version-history":[{"count":0,"href":"https:\/\/aconteceunovale.com.br\/portal\/index.php?rest_route=\/wp\/v2\/posts\/41466\/revisions"}],"wp:featuredmedia":[{"embeddable":true,"href":"https:\/\/aconteceunovale.com.br\/portal\/index.php?rest_route=\/wp\/v2\/media\/29763"}],"wp:attachment":[{"href":"https:\/\/aconteceunovale.com.br\/portal\/index.php?rest_route=%2Fwp%2Fv2%2Fmedia&parent=41466"}],"wp:term":[{"taxonomy":"category","embeddable":true,"href":"https:\/\/aconteceunovale.com.br\/portal\/index.php?rest_route=%2Fwp%2Fv2%2Fcategories&post=41466"},{"taxonomy":"post_tag","embeddable":true,"href":"https:\/\/aconteceunovale.com.br\/portal\/index.php?rest_route=%2Fwp%2Fv2%2Ftags&post=41466"}],"curies":[{"name":"wp","href":"https:\/\/api.w.org\/{rel}","templated":true}]}}