{"id":41459,"date":"2014-10-07T20:28:50","date_gmt":"2014-10-07T23:28:50","guid":{"rendered":"http:\/\/aconteceunovale.com.br\/portal\/?p=41459"},"modified":"2014-10-07T20:28:50","modified_gmt":"2014-10-07T23:28:50","slug":"fogo-destroi-cerca-de-150-hectares-de-vegetacao-em-parque-de-acucena","status":"publish","type":"post","link":"https:\/\/aconteceunovale.com.br\/portal\/?p=41459","title":{"rendered":"Fogo destr\u00f3i cerca de 150 hectares de vegeta\u00e7\u00e3o em parque de A\u00e7ucena"},"content":{"rendered":"<h4><strong><em>At\u00e9 a tarde desta ter\u00e7a-feira (7) inc\u00eandio n\u00e3o havia sido controlado. Fogo se alastrou rapidamente por causa do tempo seco e dos ventos.<\/em><\/strong><\/h4>\n<p>Um inc\u00eandio destruiu 150 hectares de vegeta\u00e7\u00e3o do Parque Estadual do Rio Corrente, em A\u00e7ucena, no Leste de Minas Gerais. Segundo a Pol\u00edcia Militar de Meio Ambiente, o fogo come\u00e7ou no domingo (5) e at\u00e9 o fim da tarde desta ter\u00e7a-feira (7), n\u00e3o havia sido controlado.<\/p>\n<p>Cerca de 25 pessoas, entre Bombeiros Militares, funcion\u00e1rios do Instituto Estadual de Florestas (IEF) e volunt\u00e1rios, trabalharam no combate \u00e0s chamas. Ainda de acordo com a pol\u00edcia, o fogo se alastrou rapidamente por causa do tempo seco e dos ventos.<\/p>\n<p><img decoding=\"async\" src=\"http:\/\/aconteceunovale.com.br\/portal\/wp-content\/uploads\/2014\/10\/incendio_parque_de_acucena.jpg\" alt=\"\" \/><em>Inc\u00eandio come\u00e7ou no domingo e at\u00e9 a tarde desta ter\u00e7a (7) n\u00e3o havia sido controlado (Foto: Divulga\u00e7\u00e3o\/PMA)<\/em><br \/>\n<\/br><\/p>\n<p><strong><em>(Inter TV dos Vales)<\/em><\/strong><\/p>\n","protected":false},"excerpt":{"rendered":"<p>At\u00e9 a tarde desta ter\u00e7a-feira (7) inc\u00eandio n\u00e3o havia sido controlado. Fogo se alastrou rapidamente por causa do tempo seco e dos ventos. Um inc\u00eandio destruiu 150 hectares de vegeta\u00e7\u00e3o do Parque Estadual do Rio Corrente, em A\u00e7ucena, no Leste de Minas Gerais. Segundo a Pol\u00edcia Militar de Meio Ambiente, o fogo come\u00e7ou no domingo [&hellip;]<\/p>\n","protected":false},"author":1,"featured_media":41460,"comment_status":"open","ping_status":"closed","sticky":false,"template":"","format":"standard","meta":{"amp_status":"","footnotes":""},"categories":[121],"tags":[971,1018,18024,4864],"class_list":["post-41459","post","type-post","status-publish","format-standard","has-post-thumbnail","hentry","category-leste","tag-acucena","tag-destaque","tag-fogo-destroi-cerca-de-150-hectares-de-vegetacao-em-parque-de-acucena","tag-parque-estadual-do-rio-corrente"],"_links":{"self":[{"href":"https:\/\/aconteceunovale.com.br\/portal\/index.php?rest_route=\/wp\/v2\/posts\/41459","targetHints":{"allow":["GET"]}}],"collection":[{"href":"https:\/\/aconteceunovale.com.br\/portal\/index.php?rest_route=\/wp\/v2\/posts"}],"about":[{"href":"https:\/\/aconteceunovale.com.br\/portal\/index.php?rest_route=\/wp\/v2\/types\/post"}],"author":[{"embeddable":true,"href":"https:\/\/aconteceunovale.com.br\/portal\/index.php?rest_route=\/wp\/v2\/users\/1"}],"replies":[{"embeddable":true,"href":"https:\/\/aconteceunovale.com.br\/portal\/index.php?rest_route=%2Fwp%2Fv2%2Fcomments&post=41459"}],"version-history":[{"count":0,"href":"https:\/\/aconteceunovale.com.br\/portal\/index.php?rest_route=\/wp\/v2\/posts\/41459\/revisions"}],"wp:featuredmedia":[{"embeddable":true,"href":"https:\/\/aconteceunovale.com.br\/portal\/index.php?rest_route=\/wp\/v2\/media\/41460"}],"wp:attachment":[{"href":"https:\/\/aconteceunovale.com.br\/portal\/index.php?rest_route=%2Fwp%2Fv2%2Fmedia&parent=41459"}],"wp:term":[{"taxonomy":"category","embeddable":true,"href":"https:\/\/aconteceunovale.com.br\/portal\/index.php?rest_route=%2Fwp%2Fv2%2Fcategories&post=41459"},{"taxonomy":"post_tag","embeddable":true,"href":"https:\/\/aconteceunovale.com.br\/portal\/index.php?rest_route=%2Fwp%2Fv2%2Ftags&post=41459"}],"curies":[{"name":"wp","href":"https:\/\/api.w.org\/{rel}","templated":true}]}}