{"id":41457,"date":"2014-10-07T20:20:29","date_gmt":"2014-10-07T23:20:29","guid":{"rendered":"http:\/\/aconteceunovale.com.br\/portal\/?p=41457"},"modified":"2014-10-07T20:24:24","modified_gmt":"2014-10-07T23:24:24","slug":"instituto-medico-legal-confirma-morte-de-capelinhense-que-estava-desaparecido","status":"publish","type":"post","link":"https:\/\/aconteceunovale.com.br\/portal\/?p=41457","title":{"rendered":"Instituto M\u00e9dico Legal confirma morte de capelinhense que estava desaparecido"},"content":{"rendered":"<h4><em><strong>Jovem estava desaparecido deste o dia 7 de agosto. Corpo foi encontrado na zona rural de Juatuba<\/strong><\/em><\/h4>\n<p>O Instituto M\u00e9dico Legal de Belo Horizonte confirmou nesta ter\u00e7a-feira, 7 de outubro, que um corpo encontrado na zona rural de Juatuba, na regi\u00e3o metropolitana de Belo Horizonte, era do capelinhense Lucas Azevedo Pinheiro, de 24 anos, conhecido como &#8220;Caverninha&#8221;, que estava desaparecido desde o dia 7 de agosto deste ano.<\/p>\n<p>A identifica\u00e7\u00e3o s\u00f3 foi poss\u00edvel ap\u00f3s a realiza\u00e7\u00e3o de exame DNA. De acordo com o chefe do Departamento de Homic\u00eddios e Prote\u00e7\u00e3o \u00e0 Pessoa (DHPP), Wagner Pinto, o corpo de Lucas foi encontrado em estado avan\u00e7ado de decomposi\u00e7\u00e3o, e um detalhe chamou a aten\u00e7\u00e3o da equipe, uma tatuagem em uma das pernas era igual \u00e0 do jogador.<\/p>\n<p><img decoding=\"async\" src=\"http:\/\/aconteceunovale.com.br\/portal\/wp-content\/uploads\/2014\/08\/caverninha_1.jpg\" alt=\"\" \/><em>Lucas foi visto pela \u00faltima vez no dia 7 de agosto &#8211; Foto: Arquivo pessoal<\/em><br \/>\n<\/br><\/p>\n<p>Lucas nasceu em Capelinha, no Vale do Jequitinhonha, e foi para Belo Horizonte tentar a carreira de jogador de futebol. Ele fez teste no Cruzeiro, em 2003, mas n\u00e3o passou. Desde ent\u00e3o, ele dividia um apartamento com um primo e um amigo no bairro Santa M\u00f4nica, na regi\u00e3o da Pampulha, e trabalhava como vendedor de roupas.<\/p>\n<p>Ele foi visto pela \u00faltima vez na manh\u00e3 do dia 7 de agosto, ap\u00f3s deixar o irm\u00e3o na esta\u00e7\u00e3o Vilarinho, na regi\u00e3o de Venda Nova. Ele estava em um Siena, que foi encontrado na noite seguinte, queimado, em um local afastado de Brumadinho, na regi\u00e3o metropolitana de Belo Horizonte.<\/p>\n<p>Pelo Facebook, o irm\u00e3o da v\u00edtima, Willian Azevedo, lamentou a perda do irm\u00e3o. <em>&#8220;Meu irm\u00e3o n\u00e3o tenho palavras para descrever tamanha a dor que sinto agora por saber que voc\u00ea n\u00e3o esta mais aqui, mas sabemos que Deus te levou para um bom lugar, pois sabemos que pessoas como voc\u00ea tem um bom lugar a\u00ed no c\u00e9u. Quero agradecer a deus por te me concedido voc\u00ea como um irm\u00e3o, voc\u00ea vai fazer muita falta cara, TE AMO PRA SEMPRE. n\u00e3o quero te dar um adeus de nunca mais voltar, mas sim um at\u00e9 breve. SAUDADES ETERNAS!&#8221;<\/em><\/p>\n<h4>Compra de casa<\/h4>\n<p>De acordo com o delegado da divis\u00e3o de desaparecidos da Pol\u00edcia Civil, Thiago Saraiva, Lucas relatou a familiares ter comprado um im\u00f3vel, do qual teria pago maior parte. No entanto, o propriet\u00e1rio demorava em fazer a transfer\u00eancia. Segundo Maria de F\u00e1tima Azevedo, 58, m\u00e3e de Lucas, ela teria ajudado o filho na compra da casa, que fica na regi\u00e3o de Venda Nova, e que custou cerca de R$ 85 mil.<\/p>\n<p>Quando foi visto pela \u00faltima vez, ele teria sa\u00eddo ao encontro dessa pessoa. Al\u00e9m desse poss\u00edvel suspeito, familiares e amigos j\u00e1 foram ouvidos, e descartaram que Lucas tivesse rela\u00e7\u00e3o com tr\u00e1fico de drogas ou inimizades que pudessem indicar o motivo de seu desparecimento.<\/p>\n","protected":false},"excerpt":{"rendered":"<p>Jovem estava desaparecido deste o dia 7 de agosto. Corpo foi encontrado na zona rural de Juatuba O Instituto M\u00e9dico Legal de Belo Horizonte confirmou nesta ter\u00e7a-feira, 7 de outubro, que um corpo encontrado na zona rural de Juatuba, na regi\u00e3o metropolitana de Belo Horizonte, era do capelinhense Lucas Azevedo Pinheiro, de 24 anos, conhecido [&hellip;]<\/p>\n","protected":false},"author":1,"featured_media":37057,"comment_status":"open","ping_status":"closed","sticky":false,"template":"","format":"standard","meta":{"amp_status":"","footnotes":""},"categories":[120],"tags":[132,13518,1018,18019,18018,18017,18023,18022,7520,13517,18020,18021],"class_list":["post-41457","post","type-post","status-publish","format-standard","has-post-thumbnail","hentry","category-jequi","tag-capelinha","tag-caverninha","tag-destaque","tag-instituto-medico-legal-confirma-morte-de-capelinhense-caverninha","tag-instituto-medico-legal-confirma-morte-de-capelinhense-lucas-azevedo-pinheiro","tag-instituto-medico-legal-confirma-morte-de-capelinhense-que-estava-desaparecido","tag-instituto-medico-legal-confirma-morte-de-caverninha","tag-instituto-medico-legal-confirma-morte-de-lucas-azevedo-pinheiro","tag-juatuba","tag-lucas-azevedo-pinheiro","tag-morte-de-caverninha-e-confirmada","tag-morte-de-lucas-azevedo-pinheiro-e-confirmada"],"_links":{"self":[{"href":"https:\/\/aconteceunovale.com.br\/portal\/index.php?rest_route=\/wp\/v2\/posts\/41457","targetHints":{"allow":["GET"]}}],"collection":[{"href":"https:\/\/aconteceunovale.com.br\/portal\/index.php?rest_route=\/wp\/v2\/posts"}],"about":[{"href":"https:\/\/aconteceunovale.com.br\/portal\/index.php?rest_route=\/wp\/v2\/types\/post"}],"author":[{"embeddable":true,"href":"https:\/\/aconteceunovale.com.br\/portal\/index.php?rest_route=\/wp\/v2\/users\/1"}],"replies":[{"embeddable":true,"href":"https:\/\/aconteceunovale.com.br\/portal\/index.php?rest_route=%2Fwp%2Fv2%2Fcomments&post=41457"}],"version-history":[{"count":0,"href":"https:\/\/aconteceunovale.com.br\/portal\/index.php?rest_route=\/wp\/v2\/posts\/41457\/revisions"}],"wp:featuredmedia":[{"embeddable":true,"href":"https:\/\/aconteceunovale.com.br\/portal\/index.php?rest_route=\/wp\/v2\/media\/37057"}],"wp:attachment":[{"href":"https:\/\/aconteceunovale.com.br\/portal\/index.php?rest_route=%2Fwp%2Fv2%2Fmedia&parent=41457"}],"wp:term":[{"taxonomy":"category","embeddable":true,"href":"https:\/\/aconteceunovale.com.br\/portal\/index.php?rest_route=%2Fwp%2Fv2%2Fcategories&post=41457"},{"taxonomy":"post_tag","embeddable":true,"href":"https:\/\/aconteceunovale.com.br\/portal\/index.php?rest_route=%2Fwp%2Fv2%2Ftags&post=41457"}],"curies":[{"name":"wp","href":"https:\/\/api.w.org\/{rel}","templated":true}]}}