{"id":41449,"date":"2014-10-07T19:03:02","date_gmt":"2014-10-07T22:03:02","guid":{"rendered":"http:\/\/aconteceunovale.com.br\/portal\/?p=41449"},"modified":"2014-10-07T19:03:02","modified_gmt":"2014-10-07T22:03:02","slug":"veiculo-capota-na-br-381-e-cai-em-cima-da-linha-ferrea","status":"publish","type":"post","link":"https:\/\/aconteceunovale.com.br\/portal\/?p=41449","title":{"rendered":"Ve\u00edculo capota na BR-381 e cai em cima da linha f\u00e9rrea"},"content":{"rendered":"<p>Um ve\u00edculo caiu sobre a ferrovia Vit\u00f3ria\/Minas na manh\u00e3 desta ter\u00e7a-feira, 7 de outubro, pr\u00f3ximo \u00e0 Nova Era, na microrregi\u00e3o de Itabira, em Minas Gerais. De acordo com a Pol\u00edcia Rodovi\u00e1ria Federal (PRF), o ve\u00edculo VW Gol seguia pela BR-381, sentido Belo Horizonte, quando na altura do quil\u00f4metro 331, o condutor Sebasti\u00e3o de Jesus Lopes, de 57 anos, teria perdido o controle da dire\u00e7\u00e3o e caiu de um viaduto.<\/p>\n<p><img decoding=\"async\" src=\"http:\/\/aconteceunovale.com.br\/portal\/wp-content\/uploads\/2014\/10\/acidente_vitoria_minas.jpg\" alt=\"\" \/><em>O motorista foi encaminhado para o hospital, um passageiro saiu ileso &#8211; Foto: \u00c1tila Lemos<\/em><br \/>\n<\/br><\/p>\n<p>Ainda segundo a PRF, o carro ficou completamente destru\u00eddo. Uma equipe do Grupo de Atendimento Volunt\u00e1rio de Emerg\u00eancia (GAVE) da cidade de Nova Era, foi acionado e encaminhou a v\u00edtima para o hospital da cidade.<\/p>\n<p>No ve\u00edculo viajava tamb\u00e9m um passageiro, que n\u00e3o teve o nome revelado, ele saiu ileso do acidente. Por causa do ocorrido, o trem de passageiros da Vale, que faz o trajeto Belo Horizonte\/Vit\u00f3ria (ES), teve de ficar parado na esta\u00e7\u00e3o de Jo\u00e3o Monlevade, aguardando que o ve\u00edculo fosse removido. (Com informa\u00e7\u00f5es de \u00c1tila Lemos)<\/p>\n","protected":false},"excerpt":{"rendered":"<p>Um ve\u00edculo caiu sobre a ferrovia Vit\u00f3ria\/Minas na manh\u00e3 desta ter\u00e7a-feira, 7 de outubro, pr\u00f3ximo \u00e0 Nova Era, na microrregi\u00e3o de Itabira, em Minas Gerais. De acordo com a Pol\u00edcia Rodovi\u00e1ria Federal (PRF), o ve\u00edculo VW Gol seguia pela BR-381, sentido Belo Horizonte, quando na altura do quil\u00f4metro 331, o condutor Sebasti\u00e3o de Jesus Lopes, [&hellip;]<\/p>\n","protected":false},"author":1,"featured_media":41450,"comment_status":"open","ping_status":"closed","sticky":false,"template":"","format":"standard","meta":{"amp_status":"","footnotes":""},"categories":[123],"tags":[18009,194,1018,202,1103,18010,2910,18011,9763,18008],"class_list":["post-41449","post","type-post","status-publish","format-standard","has-post-thumbnail","hentry","category-gerais","tag-acidente-na-ferrovia-vitoriaminas","tag-belo-horizonte","tag-destaque","tag-itabira","tag-nova-era","tag-sebastiao-de-jesus-lopes","tag-vale","tag-veiculo-capota-na-br-381-e-cai-em-cima-da-linha-ferrea","tag-vitoria","tag-vitoriaminas"],"_links":{"self":[{"href":"https:\/\/aconteceunovale.com.br\/portal\/index.php?rest_route=\/wp\/v2\/posts\/41449","targetHints":{"allow":["GET"]}}],"collection":[{"href":"https:\/\/aconteceunovale.com.br\/portal\/index.php?rest_route=\/wp\/v2\/posts"}],"about":[{"href":"https:\/\/aconteceunovale.com.br\/portal\/index.php?rest_route=\/wp\/v2\/types\/post"}],"author":[{"embeddable":true,"href":"https:\/\/aconteceunovale.com.br\/portal\/index.php?rest_route=\/wp\/v2\/users\/1"}],"replies":[{"embeddable":true,"href":"https:\/\/aconteceunovale.com.br\/portal\/index.php?rest_route=%2Fwp%2Fv2%2Fcomments&post=41449"}],"version-history":[{"count":0,"href":"https:\/\/aconteceunovale.com.br\/portal\/index.php?rest_route=\/wp\/v2\/posts\/41449\/revisions"}],"wp:featuredmedia":[{"embeddable":true,"href":"https:\/\/aconteceunovale.com.br\/portal\/index.php?rest_route=\/wp\/v2\/media\/41450"}],"wp:attachment":[{"href":"https:\/\/aconteceunovale.com.br\/portal\/index.php?rest_route=%2Fwp%2Fv2%2Fmedia&parent=41449"}],"wp:term":[{"taxonomy":"category","embeddable":true,"href":"https:\/\/aconteceunovale.com.br\/portal\/index.php?rest_route=%2Fwp%2Fv2%2Fcategories&post=41449"},{"taxonomy":"post_tag","embeddable":true,"href":"https:\/\/aconteceunovale.com.br\/portal\/index.php?rest_route=%2Fwp%2Fv2%2Ftags&post=41449"}],"curies":[{"name":"wp","href":"https:\/\/api.w.org\/{rel}","templated":true}]}}