{"id":41445,"date":"2014-10-07T13:27:59","date_gmt":"2014-10-07T16:27:59","guid":{"rendered":"http:\/\/aconteceunovale.com.br\/portal\/?p=41445"},"modified":"2014-10-08T11:54:20","modified_gmt":"2014-10-08T14:54:20","slug":"rapaz-e-preso-apos-matar-o-tio-de-forma-brutal-em-governador-valadares","status":"publish","type":"post","link":"https:\/\/aconteceunovale.com.br\/portal\/?p=41445","title":{"rendered":"Rapaz \u00e9 preso ap\u00f3s matar o tio de forma brutal em Governador Valadares"},"content":{"rendered":"<h4><strong><em>V\u00edtima teve ferimentos no pulso, traqueia e ainda v\u00e1rias perfura\u00e7\u00f5es. Suspeito afirmou que desconfiava que o tio era ped\u00f3filo.<\/em><\/strong><\/h4>\n<p>Um homem de 56 anos foi assassinado na noite dessa segunda-feira (06) no Bairro Maria Eug\u00eania, em Governador Valadares (MG). Segundo a Pol\u00edcia Militar, o principal suspeito do crime \u00e9 o sobrinho da v\u00edtima, de 24 anos, que teria matado o tio a golpes de enxada.<\/p>\n<p>Ainda de acordo com a PM, o suspeito Roger Gon\u00e7alves de Souza, esperava o tio sair do banheiro, na copa da casa, e quando a v\u00edtima saiu do banho foi atingida por golpes de faca, e depois de uma luta corporal, os dois foram para o quintal, quando o sobrinho acertou o tio com uma enxada.<\/p>\n<p><img decoding=\"async\" src=\"http:\/\/aconteceunovale.com.br\/portal\/wp-content\/uploads\/2014\/10\/preso_em_gv.jpg\" alt=\"\" \/><em>Roger Gon\u00e7alves de Souza foi preso em flagrante &#8211; Foto: Klebber Or\u00e7ulino \/ Facebook<\/em><br \/>\n<\/br><\/p>\n<p>Vizinhos ouviram os gritos da v\u00edtima e chamaram a pol\u00edcia. O suspeito tentou fugir pulando um muro e foi preso. A per\u00edcia esteve no local e confirmou a morte do homem com perfura\u00e7\u00f5es no pulso e na traqueia, al\u00e9m de cinco facadas.<\/p>\n<p>O suspeito do crime afirmou que o motivo do crime seria porque ele desconfiava que o tio era ped\u00f3filo. Mas segundo vizinhos, o homem era uma boa pessoa e teria adotado o rapaz como filho.<\/p>\n<p>Parentes da v\u00edtima disseram \u00e0 pol\u00edcia que o suspeito j\u00e1 teria roubado a v\u00edtima v\u00e1rias vezes. Segundo a Pol\u00edcia Civil, o rapaz tem passagens por tentativa de homic\u00eddio e porte ilegal de armas.<\/p>\n<p><em>(Inter TV dos Vales)<\/em><\/p>\n","protected":false},"excerpt":{"rendered":"<p>V\u00edtima teve ferimentos no pulso, traqueia e ainda v\u00e1rias perfura\u00e7\u00f5es. Suspeito afirmou que desconfiava que o tio era ped\u00f3filo. Um homem de 56 anos foi assassinado na noite dessa segunda-feira (06) no Bairro Maria Eug\u00eania, em Governador Valadares (MG). Segundo a Pol\u00edcia Militar, o principal suspeito do crime \u00e9 o sobrinho da v\u00edtima, de 24 [&hellip;]<\/p>\n","protected":false},"author":1,"featured_media":41447,"comment_status":"open","ping_status":"closed","sticky":false,"template":"","format":"standard","meta":{"amp_status":"","footnotes":""},"categories":[121],"tags":[1018,247,18045,18006,18007],"class_list":["post-41445","post","type-post","status-publish","format-standard","has-post-thumbnail","hentry","category-leste","tag-destaque","tag-governador-valadares","tag-pedro-venancio-da-costa","tag-rapaz-e-preso-apos-matar-o-tio-de-forma-brutal-em-governador-valadares","tag-roger-goncalves-de-souza"],"_links":{"self":[{"href":"https:\/\/aconteceunovale.com.br\/portal\/index.php?rest_route=\/wp\/v2\/posts\/41445","targetHints":{"allow":["GET"]}}],"collection":[{"href":"https:\/\/aconteceunovale.com.br\/portal\/index.php?rest_route=\/wp\/v2\/posts"}],"about":[{"href":"https:\/\/aconteceunovale.com.br\/portal\/index.php?rest_route=\/wp\/v2\/types\/post"}],"author":[{"embeddable":true,"href":"https:\/\/aconteceunovale.com.br\/portal\/index.php?rest_route=\/wp\/v2\/users\/1"}],"replies":[{"embeddable":true,"href":"https:\/\/aconteceunovale.com.br\/portal\/index.php?rest_route=%2Fwp%2Fv2%2Fcomments&post=41445"}],"version-history":[{"count":0,"href":"https:\/\/aconteceunovale.com.br\/portal\/index.php?rest_route=\/wp\/v2\/posts\/41445\/revisions"}],"wp:featuredmedia":[{"embeddable":true,"href":"https:\/\/aconteceunovale.com.br\/portal\/index.php?rest_route=\/wp\/v2\/media\/41447"}],"wp:attachment":[{"href":"https:\/\/aconteceunovale.com.br\/portal\/index.php?rest_route=%2Fwp%2Fv2%2Fmedia&parent=41445"}],"wp:term":[{"taxonomy":"category","embeddable":true,"href":"https:\/\/aconteceunovale.com.br\/portal\/index.php?rest_route=%2Fwp%2Fv2%2Fcategories&post=41445"},{"taxonomy":"post_tag","embeddable":true,"href":"https:\/\/aconteceunovale.com.br\/portal\/index.php?rest_route=%2Fwp%2Fv2%2Ftags&post=41445"}],"curies":[{"name":"wp","href":"https:\/\/api.w.org\/{rel}","templated":true}]}}