{"id":41443,"date":"2014-10-07T12:03:45","date_gmt":"2014-10-07T15:03:45","guid":{"rendered":"http:\/\/aconteceunovale.com.br\/portal\/?p=41443"},"modified":"2014-10-07T12:03:45","modified_gmt":"2014-10-07T15:03:45","slug":"chuvas-nao-serao-suficientes-para-garantir-alivio-aos-reservatorios-em-minas-gerais","status":"publish","type":"post","link":"https:\/\/aconteceunovale.com.br\/portal\/?p=41443","title":{"rendered":"Chuvas n\u00e3o ser\u00e3o suficientes para garantir al\u00edvio aos reservat\u00f3rios em Minas Gerais"},"content":{"rendered":"<p>As chuvas n\u00e3o cobrir\u00e3o o d\u00e9ficit do segundo ano de seca extrema em Minas, afirma a diretora de pesquisa, desenvolvimento e monitoramento das \u00e1guas do Instituto Mineiro de Gest\u00e3o das \u00c1guas (Igam), Ana Carolina Miranda. Ela estima que de agora at\u00e9 dezembro \u201cvai chover o previsto\u201d nas principais bacias hidrogr\u00e1ficas mineiras, mas n\u00e3o ser\u00e1 o suficiente para a recarga necess\u00e1ria dos reservat\u00f3rios.<\/p>\n<p>A situa\u00e7\u00e3o mais cr\u00edtica \u00e9 a do reservat\u00f3rio de Marimbondo, no rio Grande, na divisa com S\u00e3o Paulo, com apenas 11,73% da capacidade de armazenamento \u2013 volume 82,41% menor do que o de agosto de 2013. J\u00e1 a represa de Tr\u00eas Marias, no rio S\u00e3o Francisco, tem apenas 5% do volume \u00fatil armazenado.<\/p>\n<p>O rio Doce, em Belo Oriente, est\u00e1 com 30 cent\u00edmetros de altura, quando o normal \u00e9 117 cm no per\u00edodo seco. Em Governador Valadares, caiu de 174 para 98 cm.<\/p>\n<p>Os efeitos da seca prolongada nas bacias hidrogr\u00e1ficas do Estado, que trazem reflexos diretos na sa\u00fade da popula\u00e7\u00e3o, est\u00e3o preocupando os t\u00e9cnicos do Igam e da Ag\u00eancia Nacional de \u00c1guas (ANA), que medem as vaz\u00f5es dos rios Grande, Parana\u00edba, Doce, S\u00e3o Francisco, Jequitinhonha e Mucuri, al\u00e9m de seus principais afluentes.<\/p>\n<p>\u00c0 medida que se retira \u00e1gua de profundidades maiores, explicam os especialistas, a qualidade vai piorando e h\u00e1 um risco de sa\u00fade p\u00fablica. Tamb\u00e9m o custo de tratamento \u00e9 muito maior e afeta a biodiversidade.<\/p>\n<p>Em Formiga, no Centro-Oeste, o prefeito Moacir Ribeiro fez nessa segunda-feira (6) reuni\u00e3o de emerg\u00eancia para discutir o que fazer em rela\u00e7\u00e3o aos produtores que retiram \u00e1gua do rio Formiga, acima da capta\u00e7\u00e3o, para irriga\u00e7\u00e3o.<\/p>\n<p>O Servi\u00e7o Aut\u00f4nomo de \u00c0gua e Esgoto (Saae) do munic\u00edpio j\u00e1 fez 500 notifica\u00e7\u00f5es por desperd\u00edcio na semana passada. A vaz\u00e3o de \u00e1gua que chega \u00e0 Esta\u00e7\u00e3o de Tratamento atingiu o seu menor n\u00edvel da hist\u00f3ria. Ficou decidido que a Pol\u00edcia Ambiental vai fiscalizar as propriedades rurais para verificar o uso da \u00e1gua.<\/p>\n<p>Sem fazer campanhas para economia de \u00e1gua, a Copasa informa que s\u00f3 em Par\u00e1 de Minas (Centro-Oeste) a popula\u00e7\u00e3o enfrenta rod\u00edzio no abastecimento durante per\u00edodos prolongados, o que n\u00e3o ocorreria nas demais 630 cidades atendidas pela empresa.<\/p>\n<p>A estatal admite que h\u00e1 outros munic\u00edpios onde a situa\u00e7\u00e3o tende a se agravar em fun\u00e7\u00e3o da queda acelerada da vaz\u00e3o dos mananciais. Esse \u00e9 o caso de Entre Rios de Minas, Arcos, Santo Ant\u00f4nio do Monte, S\u00e3o Gon\u00e7alo do Sapuca\u00ed, Lavras, Rio Parana\u00edba, Campos Altos, Prata, Igarap\u00e9, Barbacena e Espera Feliz. Nenhum deles faz parte do Pol\u00edgono da Seca em Minas, que abrange o Norte de Minas e os Vales do Jequitinhonha e Mucuri.<\/p>\n<h4>Focos de inc\u00eandio aumentaram 108% em setembro<\/h4>\n<p>Os focos de inc\u00eandio em Minas aumentaram 108,6% em setembro, comparados a igual per\u00edodo de 2013, por causa do aumento da temperatura m\u00e9dia e a baixa umidade do ar. Com a perman\u00eancia da estiagem, h\u00e1 uma previs\u00e3o de aumento das queimadas, afirmou o meteorologista Heriberto dos Anjos, do TempoClima PUC Minas. As regi\u00f5es Central, Norte, Tri\u00e2ngulo Mineiro e Noroeste s\u00e3o as mais castigadas pelo fogo.<\/p>\n<p>Segundo ele, foram registrados 3.454 focos de inc\u00eandios no Estado no \u00faltimo m\u00eas, n\u00famero que \u00e9 mais do dobro das 1.656 ocorr\u00eancias verificadas em todas as regi\u00f5es mineiras em setembro do ano passado. O c\u00e1lculo \u00e9 feito a partir de identifica\u00e7\u00f5es do sat\u00e9lite que capta os focos de calor. Sem previs\u00e3o de chuvas e com duas esta\u00e7\u00f5es chuvosas ruins, as chuvas de ver\u00e3o n\u00e3o devem suprir todo o d\u00e9ficit h\u00eddrico.<\/p>\n<p>At\u00e9 nos parques e reservas estaduais o fogo impera. De janeiro a setembro foram queimados 5.901 hectares dentro de unidades de conserva\u00e7\u00e3o e outros 7.763 ha no entorno dessas unidades de conserva\u00e7\u00e3o (UCs), somando 629 ocorr\u00eancias de fogo. Em compara\u00e7\u00e3o \u00e0s queimadas ocorridas nessas \u00e1reas verdes em igual per\u00edodo de 2013, foram queimados, no total, 10.603 ha de matas e registradas 168 ocorr\u00eancias nas UCs estaduais.<\/p>\n<p>A \u00c1rea de Preserva\u00e7\u00e3o Ambiental (APA) do Rio Pandeiros, conhecido ber\u00e7\u00e1rio das esp\u00e9cies de peixes do S\u00e3o Francisco, registrou 73 ocorr\u00eancias de fogo, sendo a mais castigada. Em seguida vem a Reserva de Desenvolvimento Sustent\u00e1vel Veredas do Acari, o Parque da Serra do Rola-Mo\u00e7a e as APAs Alto Mucuri e Coch\u00e1 Gib\u00e3o.<\/p>\n<p>Para o diretor de preven\u00e7\u00e3o e combate a inc\u00eandios florestais da Secretaria Estadual de Meio Ambiente, Rodrigo Belo, com o aumento da estiagem provavelmente os focos aumentar\u00e3o significativamente. Ele garantiu que est\u00e1 sendo veiculada campanha publicit\u00e1ria, com cartazes e folders e spot em r\u00e1dios para preven\u00e7\u00e3o de queimadas, mais concentrada em locais e cidades pr\u00f3ximos \u00e0s unidades de conserva\u00e7\u00e3o.<\/p>\n<p>As \u00e1reas de preserva\u00e7\u00e3o mais atingidas pelo fogo est\u00e3o no Norte de Minas, segundo o presidente da Associa\u00e7\u00e3o dos Munic\u00edpios da \u00c1rea Mineira da Sudene (Amams) e prefeito de Mirabela, Carl\u00facio Mendes Leite.<\/p>\n<p>Leite afirmou que obras de infraestrutura h\u00eddrica ser\u00e3o fundamentais para alavancar o desenvolvimento e a busca por instrumentos para conviv\u00eancia com a seca nas regi\u00f5es mais pobres do Estado.<\/p>\n<p>\u201cA seca igualou todos os munic\u00edpios da regi\u00e3o. Com a falta de \u00e1gua, h\u00e1 perdas na produ\u00e7\u00e3o agr\u00edcola, o que agrava ainda mais a pobreza\u201d, afirmou. <\/p>\n<p><strong><em>(Hoje em Dia)<\/em><\/strong><\/p>\n","protected":false},"excerpt":{"rendered":"<p>As chuvas n\u00e3o cobrir\u00e3o o d\u00e9ficit do segundo ano de seca extrema em Minas, afirma a diretora de pesquisa, desenvolvimento e monitoramento das \u00e1guas do Instituto Mineiro de Gest\u00e3o das \u00c1guas (Igam), Ana Carolina Miranda. Ela estima que de agora at\u00e9 dezembro \u201cvai chover o previsto\u201d nas principais bacias hidrogr\u00e1ficas mineiras, mas n\u00e3o ser\u00e1 o [&hellip;]<\/p>\n","protected":false},"author":1,"featured_media":40016,"comment_status":"open","ping_status":"closed","sticky":false,"template":"","format":"standard","meta":{"amp_status":"","footnotes":""},"categories":[123],"tags":[1191,18005,16349,144],"class_list":["post-41443","post","type-post","status-publish","format-standard","has-post-thumbnail","hentry","category-gerais","tag-chuvas","tag-chuvas-nao-serao-suficientes-para-garantir-alivio-aos-reservatorios-em-minas-gerais","tag-estiagem","tag-seca"],"_links":{"self":[{"href":"https:\/\/aconteceunovale.com.br\/portal\/index.php?rest_route=\/wp\/v2\/posts\/41443","targetHints":{"allow":["GET"]}}],"collection":[{"href":"https:\/\/aconteceunovale.com.br\/portal\/index.php?rest_route=\/wp\/v2\/posts"}],"about":[{"href":"https:\/\/aconteceunovale.com.br\/portal\/index.php?rest_route=\/wp\/v2\/types\/post"}],"author":[{"embeddable":true,"href":"https:\/\/aconteceunovale.com.br\/portal\/index.php?rest_route=\/wp\/v2\/users\/1"}],"replies":[{"embeddable":true,"href":"https:\/\/aconteceunovale.com.br\/portal\/index.php?rest_route=%2Fwp%2Fv2%2Fcomments&post=41443"}],"version-history":[{"count":0,"href":"https:\/\/aconteceunovale.com.br\/portal\/index.php?rest_route=\/wp\/v2\/posts\/41443\/revisions"}],"wp:featuredmedia":[{"embeddable":true,"href":"https:\/\/aconteceunovale.com.br\/portal\/index.php?rest_route=\/wp\/v2\/media\/40016"}],"wp:attachment":[{"href":"https:\/\/aconteceunovale.com.br\/portal\/index.php?rest_route=%2Fwp%2Fv2%2Fmedia&parent=41443"}],"wp:term":[{"taxonomy":"category","embeddable":true,"href":"https:\/\/aconteceunovale.com.br\/portal\/index.php?rest_route=%2Fwp%2Fv2%2Fcategories&post=41443"},{"taxonomy":"post_tag","embeddable":true,"href":"https:\/\/aconteceunovale.com.br\/portal\/index.php?rest_route=%2Fwp%2Fv2%2Ftags&post=41443"}],"curies":[{"name":"wp","href":"https:\/\/api.w.org\/{rel}","templated":true}]}}