{"id":41430,"date":"2014-10-07T10:34:16","date_gmt":"2014-10-07T13:34:16","guid":{"rendered":"http:\/\/aconteceunovale.com.br\/portal\/?p=41430"},"modified":"2014-10-07T10:34:16","modified_gmt":"2014-10-07T13:34:16","slug":"marina-decide-apoiar-aecio-em-troca-de-compromisso-real-por-fim-da-reeleicao","status":"publish","type":"post","link":"https:\/\/aconteceunovale.com.br\/portal\/?p=41430","title":{"rendered":"Marina decide apoiar A\u00e9cio em troca de compromisso real por fim da reelei\u00e7\u00e3o"},"content":{"rendered":"<p>A candidata derrotada Marina Silva (PSB) decidiu apoiar o tucano A\u00e9cio Neves no 2.\u00ba turno mediante o compromisso de apoiar causas defendidas pela terceira colocada na disputa presidencial, incluindo uma reforma pol\u00edtica que ponha fim \u00e0 reelei\u00e7\u00e3o. Conforme informou a colunista <a href=\"http:\/\/blogs.estadao.com.br\/sonia-racy\/marina-apoiara-aecio\/\" target=\"_blank\">Sonia Racy no portal estad\u00e3o.com.br<\/a>, o que est\u00e1 em discuss\u00e3o \u00e9 se isto ocorrer\u00e1 com o PSB ou se ser\u00e1 uma manifesta\u00e7\u00e3o da Rede Sustentabilidade, partido que Marina n\u00e3o conseguiu criar em 2013 e se abrigou no partido que foi presidido por Eduardo Campos.<\/p>\n<p>[image src=&#8221;http:\/\/aconteceunovale.com.br\/portal\/wp-content\/uploads\/2014\/10\/marina_silva.jpg&#8221; width=&#8221;250&#8243; height=&#8221;350&#8243; lightbox=&#8221;yes&#8221; align=&#8221;left&#8221; float=&#8221;left&#8221;]A decis\u00e3o deve sair antes do endosso formal ao tucano de Renata Campos, vi\u00fava do ex-governador de Pernambuco, morto em agosto. Renata deve formalizar o apoio a A\u00e9cio por um motivo simples: se n\u00e3o o fizer ou se acenar com a possibilidade de apoiar a petista Dilma Rousseff, iria contra o discurso do marido de que a presidente representava a velha pol\u00edtica.<\/p>\n<p>Marina n\u00e3o quer condicionar sua decis\u00e3o a cargos, o que ela define como \u201cvelha pol\u00edtica\u201d. O caminho \u00e9 pedir um compromisso formal de pontos do programa de governo anunciado pelo PSB em agosto, como o fim da reelei\u00e7\u00e3o e uma proposta de reforma tribut\u00e1ria. A\u00e9cio j\u00e1 disse publicamente ser a favor de ambas as propostas.<\/p>\n<p>Fora isso, a candidata derrotada do PSB tamb\u00e9m tem interesse em ver o tucano se comprometer com a manuten\u00e7\u00e3o das conquistas socioecon\u00f4micas dos governos Fernando Henrique Cardoso e Luiz In\u00e1cio Lula da Silva, a inclus\u00e3o na agenda de cuidados com a sustentabilidade e a garantia de aumento de produ\u00e7\u00e3o do agroneg\u00f3cio sem riscos \u00e0 floresta amaz\u00f4nica.<\/p>\n<p>Em 2010, a ex-ministra, que como agora ficou em terceiro lugar, fez uma lista de dez itens de seu programa de governo e a enviou tanto a Jos\u00e9 Serra e quanto a Dilma, que passaram para o segundo turno. O tucano n\u00e3o respondeu. A petista assinou o termo, indicando aceitar o proposto, mas n\u00e3o chegou a cumprir isso &#8211; Marina tampouco a apoiou e optou pela neutralidade. No domingo, em discurso ap\u00f3s reconhecer a derrota, a ex-ministra deu a entender que n\u00e3o ficaria neutra novamente e que os brasileiros demonstraram um \u201csentimento de mudan\u00e7a\u201d.<\/p>\n<p>A tend\u00eancia nos partidos que formaram a alian\u00e7a de Marina \u00e9 apoiar A\u00e9cio. J\u00e1 se manifestaram nesse sentido o presidente do PPS, Roberto Freire, que convocou reuni\u00e3o do partido para hoje, quando ser\u00e1 definida a posi\u00e7\u00e3o oficial da legenda. Tamb\u00e9m disse que apoia A\u00e9cio o presidente do PSL, Luciano Bivar. Os dirigentes do PHS, PPL e PRP tamb\u00e9m tendem a dizer que ficar\u00e3o ao lado do tucano.<\/p>\n<p>Partidos. No PSB, foi marcada para esta ter\u00e7a-feira, 7, uma reuni\u00e3o da Executiva para se buscar um consenso sobre o 2.\u00ba turno. A Rede tamb\u00e9m discute o assunto amanh\u00e3. Na quinta-feira, os partidos da coliga\u00e7\u00e3o v\u00e3o se reunir para divulgar a posi\u00e7\u00e3o final. Mas ontem lideran\u00e7as do PSB come\u00e7aram a indicar prefer\u00eancia por A\u00e9cio ou j\u00e1 declararam voto no tucano.<\/p>\n<p>Mesmo o presidente nacional do PSB, Roberto Amaral, aliado de longa data e ex-ministro de Luiz In\u00e1cio Lula da Silva, sinalizou nesta segunda-feira que n\u00e3o se oporia ao apoio do partido ao candidato do PSDB, se essa for a decis\u00e3o da c\u00fapula partid\u00e1ria. \u201cO fundamental \u00e9 estar envolvido em um processo de progresso, de crescimento. \u00c0s vezes um reacion\u00e1rio serve de avan\u00e7o\u201d.<\/p>\n<p>Questionado se ele, que \u00e9 fundador do PSB e se classifica como \u201chomem de esquerda\u201d, se sentiria confort\u00e1vel com uma alian\u00e7a com o PSDB, Amaral respondeu com pragmatismo: \u201cAs alian\u00e7as s\u00e3o t\u00e1ticas e, se n\u00e3o prejudicarem o projeto do meu partido, s\u00e3o v\u00e1lidas\u201d.<\/p>\n<p>O vice-presidente do PSB e parceiro de chapa de Marina, Beto Albuquerque, disse que apoiar\u00e1 A\u00e9cio e que \u201cquem joga sujo na elei\u00e7\u00e3o\u201d n\u00e3o ter\u00e1 o seu apoio.<\/p>\n<p>Em Pernambuco, o advogado Antonio Campos, irm\u00e3o de Eduardo Campos, adiantou seu voto em A\u00e9cio, mas afirmou ser uma decis\u00e3o pessoal e que n\u00e3o falava em nome da vi\u00fava de Campos. \u201cVamos conversar para tentar chegar a um consenso\u201d, disse o prefeito de Recife, Geraldo J\u00falio, que foi ontem cedo \u00e0 casa da fam\u00edlia Campos.<\/p>\n<p>\u201cTivemos uma vit\u00f3ria esmagadora, a maior do Pa\u00eds, e essa vit\u00f3ria vai servir apenas para nos fortalecer para que a gente possa discutir com legitimidade pol\u00edtica. Mas tem de ser levado em conta o que o Pa\u00eds todo vai pensar\u201d, defendeu o presidente estadual do PSB, Sileno Guedes. Em entrevista \u00e0s r\u00e1dios locais, o governador eleito Paulo C\u00e2mara (PSB) adotou discurso semelhante. O atual governador, Jo\u00e3o Lyra Neto (PSB), declarou voto em A\u00e9cio.<\/p>\n<h4>Outro lado<\/h4>\n<p>Segundo informa\u00e7\u00f5es do blog da Sonia Racy, Nilson Oliveira, assessor de Marina, negou que a ex-candidata tenha tomado alguma decis\u00e3o. Ele informou que ela vai se reunir com a base da Rede nesta ter\u00e7a-feira.<\/p>\n<p><strong><em>(Fonte: <a href=\"http:\/\/politica.estadao.com.br\/noticias\/eleicoes,marina-decide-apoiar-aecio-em-troca-de-compromisso-real-por-fim-da-reeleicao,1572579\" target=\"_blank\">Estad\u00e3o<\/a>)<\/em><\/strong><\/p>\n","protected":false},"excerpt":{"rendered":"<p>A candidata derrotada Marina Silva (PSB) decidiu apoiar o tucano A\u00e9cio Neves no 2.\u00ba turno mediante o compromisso de apoiar causas defendidas pela terceira colocada na disputa presidencial, incluindo uma reforma pol\u00edtica que ponha fim \u00e0 reelei\u00e7\u00e3o. Conforme informou a colunista Sonia Racy no portal estad\u00e3o.com.br, o que est\u00e1 em discuss\u00e3o \u00e9 se isto ocorrer\u00e1 [&hellip;]<\/p>\n","protected":false},"author":1,"featured_media":37484,"comment_status":"open","ping_status":"closed","sticky":false,"template":"","format":"standard","meta":{"amp_status":"","footnotes":""},"categories":[6],"tags":[2728,17980,17981,17978,1018,17976,17979,3392,17977],"class_list":["post-41430","post","type-post","status-publish","format-standard","has-post-thumbnail","hentry","category-br","tag-aecio-neves","tag-aecio-recebe-apoio-de-marina-silva","tag-aecio-recebe-apoio-de-marina-silva-no-segundo-turno","tag-apoio-de-marina-silva-no-segundo-turno","tag-destaque","tag-marina-decide-apoiar-aecio-em-troca-de-compromisso-real-por-fim-da-reeleicao","tag-marina-decide-apoio-no-segundo-turno","tag-marina-silva","tag-quem-marina-silva-vai-apoiar"],"_links":{"self":[{"href":"https:\/\/aconteceunovale.com.br\/portal\/index.php?rest_route=\/wp\/v2\/posts\/41430","targetHints":{"allow":["GET"]}}],"collection":[{"href":"https:\/\/aconteceunovale.com.br\/portal\/index.php?rest_route=\/wp\/v2\/posts"}],"about":[{"href":"https:\/\/aconteceunovale.com.br\/portal\/index.php?rest_route=\/wp\/v2\/types\/post"}],"author":[{"embeddable":true,"href":"https:\/\/aconteceunovale.com.br\/portal\/index.php?rest_route=\/wp\/v2\/users\/1"}],"replies":[{"embeddable":true,"href":"https:\/\/aconteceunovale.com.br\/portal\/index.php?rest_route=%2Fwp%2Fv2%2Fcomments&post=41430"}],"version-history":[{"count":0,"href":"https:\/\/aconteceunovale.com.br\/portal\/index.php?rest_route=\/wp\/v2\/posts\/41430\/revisions"}],"wp:featuredmedia":[{"embeddable":true,"href":"https:\/\/aconteceunovale.com.br\/portal\/index.php?rest_route=\/wp\/v2\/media\/37484"}],"wp:attachment":[{"href":"https:\/\/aconteceunovale.com.br\/portal\/index.php?rest_route=%2Fwp%2Fv2%2Fmedia&parent=41430"}],"wp:term":[{"taxonomy":"category","embeddable":true,"href":"https:\/\/aconteceunovale.com.br\/portal\/index.php?rest_route=%2Fwp%2Fv2%2Fcategories&post=41430"},{"taxonomy":"post_tag","embeddable":true,"href":"https:\/\/aconteceunovale.com.br\/portal\/index.php?rest_route=%2Fwp%2Fv2%2Ftags&post=41430"}],"curies":[{"name":"wp","href":"https:\/\/api.w.org\/{rel}","templated":true}]}}