{"id":41336,"date":"2014-10-06T19:44:20","date_gmt":"2014-10-06T22:44:20","guid":{"rendered":"http:\/\/aconteceunovale.com.br\/portal\/?p=41336"},"modified":"2014-10-06T19:44:20","modified_gmt":"2014-10-06T22:44:20","slug":"jovem-morre-em-acidente-envolvendo-carro-de-passeio-e-dois-veiculos-de-carga-na-br-135","status":"publish","type":"post","link":"https:\/\/aconteceunovale.com.br\/portal\/?p=41336","title":{"rendered":"Jovem morre em acidente envolvendo carro de passeio e dois ve\u00edculos de carga na BR-135"},"content":{"rendered":"<h4><em><strong>PRF suspeita que houve falta de aten\u00e7\u00e3o do motorista do ve\u00edculo. Motorista do ve\u00edculo de passeio tentou atravessar a BR-135.<\/strong><\/em><\/h4>\n<p>Um jovem de 18 anos morreu e outras duas pessoas ficaram feridas em um acidente na tarde desta segunda-feira, 6 de outubro, na BR-135 em Bocaiuva, Norte de Minas Gerais. Segundo a Pol\u00edcia Rodovi\u00e1ria Federal, o acidente ocorreu quando o carro que as v\u00edtimas estavam tentava atravessar a rodovia.<\/p>\n<p>O carro foi atingido por um caminh\u00e3o e, em seguida, rodou na pista e atingiu uma carreta que seguia sentido contr\u00e1rio. A PRF suspeita que tenha ocorrido a falta de aten\u00e7\u00e3o do motorista do ve\u00edculo.<\/p>\n<p>\u201cA quest\u00e3o \u00e9 mesmo de falta de aten\u00e7\u00e3o ao atravessar esta rodovia aqui em Bocaiuva. Inclusive, tinha quebra-molas que est\u00e3o sendo substitu\u00eddos por redutores de velocidade eletr\u00f4nicos. Aqui n\u00f3s pedimos mesmo \u00e9 aten\u00e7\u00e3o ao cruzar esta rodovia\u201d, afirma o policial rodovi\u00e1rio federal, Alessandro Nascimento.<\/p>\n<p>Os dois feridos foram socorridos e encaminhados para um hospital de Bocaiuva e depois transferidos em estado grave de sa\u00fade para o Hospital Santa Casa em Montes Claros.<\/p>\n<p><img decoding=\"async\" src=\"http:\/\/aconteceunovale.com.br\/portal\/wp-content\/uploads\/2014\/10\/acidente_boc_6.jpg\" alt=\"\" \/><em>Motorista tentava atravessar a rodovia 135 (Foto: Ana Cl\u00e1udia Mendes\/Inter TV)<\/em><br \/>\n<\/br><\/p>\n<p><em><strong>(Inter TV Grande Minas)<\/strong><\/em><\/p>\n","protected":false},"excerpt":{"rendered":"<p>PRF suspeita que houve falta de aten\u00e7\u00e3o do motorista do ve\u00edculo. Motorista do ve\u00edculo de passeio tentou atravessar a BR-135. Um jovem de 18 anos morreu e outras duas pessoas ficaram feridas em um acidente na tarde desta segunda-feira, 6 de outubro, na BR-135 em Bocaiuva, Norte de Minas Gerais. Segundo a Pol\u00edcia Rodovi\u00e1ria Federal, [&hellip;]<\/p>\n","protected":false},"author":1,"featured_media":41337,"comment_status":"open","ping_status":"closed","sticky":false,"template":"","format":"standard","meta":{"amp_status":"","footnotes":""},"categories":[1236],"tags":[645,17638,210],"class_list":["post-41336","post","type-post","status-publish","format-standard","has-post-thumbnail","hentry","category-norte_de_minas","tag-bocaiuva","tag-jovem-morre-em-acidente-envolvendo-carro-de-passeio-e-dois-veiculos-de-carga-na-br-135","tag-montes-claros"],"_links":{"self":[{"href":"https:\/\/aconteceunovale.com.br\/portal\/index.php?rest_route=\/wp\/v2\/posts\/41336","targetHints":{"allow":["GET"]}}],"collection":[{"href":"https:\/\/aconteceunovale.com.br\/portal\/index.php?rest_route=\/wp\/v2\/posts"}],"about":[{"href":"https:\/\/aconteceunovale.com.br\/portal\/index.php?rest_route=\/wp\/v2\/types\/post"}],"author":[{"embeddable":true,"href":"https:\/\/aconteceunovale.com.br\/portal\/index.php?rest_route=\/wp\/v2\/users\/1"}],"replies":[{"embeddable":true,"href":"https:\/\/aconteceunovale.com.br\/portal\/index.php?rest_route=%2Fwp%2Fv2%2Fcomments&post=41336"}],"version-history":[{"count":0,"href":"https:\/\/aconteceunovale.com.br\/portal\/index.php?rest_route=\/wp\/v2\/posts\/41336\/revisions"}],"wp:featuredmedia":[{"embeddable":true,"href":"https:\/\/aconteceunovale.com.br\/portal\/index.php?rest_route=\/wp\/v2\/media\/41337"}],"wp:attachment":[{"href":"https:\/\/aconteceunovale.com.br\/portal\/index.php?rest_route=%2Fwp%2Fv2%2Fmedia&parent=41336"}],"wp:term":[{"taxonomy":"category","embeddable":true,"href":"https:\/\/aconteceunovale.com.br\/portal\/index.php?rest_route=%2Fwp%2Fv2%2Fcategories&post=41336"},{"taxonomy":"post_tag","embeddable":true,"href":"https:\/\/aconteceunovale.com.br\/portal\/index.php?rest_route=%2Fwp%2Fv2%2Ftags&post=41336"}],"curies":[{"name":"wp","href":"https:\/\/api.w.org\/{rel}","templated":true}]}}