{"id":41329,"date":"2014-10-06T18:12:23","date_gmt":"2014-10-06T21:12:23","guid":{"rendered":"http:\/\/aconteceunovale.com.br\/portal\/?p=41329"},"modified":"2014-10-06T18:15:03","modified_gmt":"2014-10-06T21:15:03","slug":"vale-do-mucuri-tera-representatividade-na-assembleia-de-minas-e-na-camara-federal","status":"publish","type":"post","link":"https:\/\/aconteceunovale.com.br\/portal\/?p=41329","title":{"rendered":"Vale do Mucuri continuar\u00e1 com representante na Assembleia de Minas e na C\u00e2mara Federal"},"content":{"rendered":"<p>A mesorregi\u00e3o do Vale do Mucuri, formada por 23 munic\u00edpios e com uma popula\u00e7\u00e3o estimada em 400 mil habitantes, elegeu no pleito do \u00faltimo domingo (5), um deputado estadual e um federal. F\u00e1bio Ramalho (PV), o Fabinho Lideran\u00e7a de Malacacheta, foi reeleito para o seu terceiro mandato consecutivo. J\u00e1 na Assembleia de Minas, o Mucuri ser\u00e1 representado por Neilando Pimenta (PP), que foi reeleito.<\/p>\n<p>Fabinho Lideran\u00e7a recebeu 83.567 votos, que representa 0,83% da vota\u00e7\u00e3o total de Minas Gerais. O empres\u00e1rio foi eleito pela primeira vez em 2006 com 61.086, sendo reeleito em 2010 com 96.309.<\/p>\n<p>Neilando Pimenta foi eleito deputado estadual em 2010 com 55.398. Em 2014, o representante do Vale do Mucuri na ALMG foi reeleito como o 15\u00ba mais votado em Minas, com 86.252, equivalente a 0,83% dos eleitores do estado.<\/p>\n<p><img decoding=\"async\" src=\"http:\/\/aconteceunovale.com.br\/portal\/wp-content\/uploads\/2014\/10\/deputados_vale_do_mucuri.jpg\" alt=\"\" \/><em>(Neilando Pimenta e Fabinho Ramalho foram reeleitos &#8211; Foto: Divulga\u00e7\u00e3o)<\/em><br \/>\n<\/br><\/p>\n<p>Veja abaixo a vota\u00e7\u00e3o dos dois deputados nas principais cidades do Vale do Mucuri:<\/p>\n<p><strong>Te\u00f3filo Otoni<\/strong><br \/>\nNeilando Pimenta &#8211; 18.283 votos (27,83%)<br \/>\nFabinho Ramalho &#8211; 13.440 votos (21,02%)<\/p>\n<p><strong>Nanuque<\/strong><br \/>\nNeilando Pimenta &#8211; 109 votos (0,57%)<br \/>\nFabinho Ramalho &#8211; 27 votos (0,14%)<\/p>\n<p><strong>Malacacheta<\/strong><br \/>\nNeilando Pimenta &#8211; 44 votos (0,49%)<br \/>\nFabinho Ramalho &#8211; 4.550 votos (50,03%)<\/p>\n<p><strong>Pot\u00e9<\/strong><br \/>\nNeilando Pimenta &#8211; 2.579 votos (33,17%)<br \/>\nFabinho Ramalho &#8211; 2.733 votos (34,84%)<\/p>\n<p><strong>Setubinha<\/strong><br \/>\nNeilando Pimenta &#8211; 55 votos (1,12%)<br \/>\nFabinho Ramalho &#8211; 1.848 votos (38,37%)<\/p>\n<p><strong>\u00c1guas Formosas<\/strong><br \/>\nNeilando Pimenta &#8211; 1.296 votos (13,94%)<br \/>\nFabinho Ramalho &#8211; 176 votos (1,91%)<\/p>\n<p><strong>Carlos Chagas<\/strong><br \/>\nNeilando Pimenta &#8211; 2.053 votos (20,67%)<br \/>\nFabinho Ramalho &#8211; 936 votos (9,60%)<\/p>\n","protected":false},"excerpt":{"rendered":"<p>A mesorregi\u00e3o do Vale do Mucuri, formada por 23 munic\u00edpios e com uma popula\u00e7\u00e3o estimada em 400 mil habitantes, elegeu no pleito do \u00faltimo domingo (5), um deputado estadual e um federal. F\u00e1bio Ramalho (PV), o Fabinho Lideran\u00e7a de Malacacheta, foi reeleito para o seu terceiro mandato consecutivo. J\u00e1 na Assembleia de Minas, o Mucuri [&hellip;]<\/p>\n","protected":false},"author":1,"featured_media":41330,"comment_status":"open","ping_status":"closed","sticky":false,"template":"","format":"standard","meta":{"amp_status":"","footnotes":""},"categories":[122],"tags":[1536,1175,17623,17619,17620,17617,17622,17621,17616,17618,1018,505,17627,17628,226,252,17615,17625,17626,3139,168,164,17629,17624],"class_list":["post-41329","post","type-post","status-publish","format-standard","has-post-thumbnail","hentry","category-mucuri","tag-aguas-formosas","tag-carlos-chagas","tag-deputado-eleito-no-vale-do-mucuri","tag-deputado-mais-votado-em-aguas-formosas","tag-deputado-mais-votado-em-carlos-chagas","tag-deputado-mais-votado-em-nanuque","tag-deputado-mais-votado-em-pote","tag-deputado-mais-votado-em-setubinha","tag-deputado-mais-votado-em-teofilo-otoni","tag-deputado-mais-votado-no-vale-do-mucuri","tag-destaque","tag-fabinho-ramalho","tag-fabinho-ramalho-e-eleito-deputado","tag-fabinho-ramalho-e-reeleito-deputado","tag-malacacheta","tag-nanuque","tag-neilando-pimenta","tag-neilando-pimenta-e-eleito-deputado","tag-neilando-pimenta-e-reeleito-deputado","tag-pote","tag-setubinha","tag-teofilo-otoni","tag-vale-do-mucuri-continuara-com-representante-na-assembleia-de-minas-e-na-camara-federal","tag-vale-do-mucuri-tera-representatividade-na-assembleia-de-minas-e-na-camara-federal"],"_links":{"self":[{"href":"https:\/\/aconteceunovale.com.br\/portal\/index.php?rest_route=\/wp\/v2\/posts\/41329","targetHints":{"allow":["GET"]}}],"collection":[{"href":"https:\/\/aconteceunovale.com.br\/portal\/index.php?rest_route=\/wp\/v2\/posts"}],"about":[{"href":"https:\/\/aconteceunovale.com.br\/portal\/index.php?rest_route=\/wp\/v2\/types\/post"}],"author":[{"embeddable":true,"href":"https:\/\/aconteceunovale.com.br\/portal\/index.php?rest_route=\/wp\/v2\/users\/1"}],"replies":[{"embeddable":true,"href":"https:\/\/aconteceunovale.com.br\/portal\/index.php?rest_route=%2Fwp%2Fv2%2Fcomments&post=41329"}],"version-history":[{"count":0,"href":"https:\/\/aconteceunovale.com.br\/portal\/index.php?rest_route=\/wp\/v2\/posts\/41329\/revisions"}],"wp:featuredmedia":[{"embeddable":true,"href":"https:\/\/aconteceunovale.com.br\/portal\/index.php?rest_route=\/wp\/v2\/media\/41330"}],"wp:attachment":[{"href":"https:\/\/aconteceunovale.com.br\/portal\/index.php?rest_route=%2Fwp%2Fv2%2Fmedia&parent=41329"}],"wp:term":[{"taxonomy":"category","embeddable":true,"href":"https:\/\/aconteceunovale.com.br\/portal\/index.php?rest_route=%2Fwp%2Fv2%2Fcategories&post=41329"},{"taxonomy":"post_tag","embeddable":true,"href":"https:\/\/aconteceunovale.com.br\/portal\/index.php?rest_route=%2Fwp%2Fv2%2Ftags&post=41329"}],"curies":[{"name":"wp","href":"https:\/\/api.w.org\/{rel}","templated":true}]}}