{"id":41318,"date":"2014-10-06T16:10:59","date_gmt":"2014-10-06T19:10:59","guid":{"rendered":"http:\/\/aconteceunovale.com.br\/portal\/?p=41318"},"modified":"2014-10-06T16:10:59","modified_gmt":"2014-10-06T19:10:59","slug":"norte-de-minas-elege-cinco-deputados-estaduais-e-tres-federais","status":"publish","type":"post","link":"https:\/\/aconteceunovale.com.br\/portal\/?p=41318","title":{"rendered":"Norte de Minas elege cinco deputados estaduais e tr\u00eas federais"},"content":{"rendered":"<h4><strong><em>Deputados estaduais foram reeleitos, dois est\u00e3o indo para o 6\u00ba mandato. Entre os federais est\u00e3o Laud\u00edvio Carvalho, Patrus Ananias e Raquel Muniz. <\/em><\/strong><\/h4>\n<p>Entre os 77 deputados estaduais eleitos em Minas Gerais, cinco s\u00e3o da regi\u00e3o Norte de Minas Gerais, sendo que tr\u00eas est\u00e3o entre os mais votados do estado. Paulo Guedes (PT), Gil Pereira (PP), Arlen Santiago (PTB), Carlos Pimenta (PDT) e Tadeuzinho (PMDB), foram vitoriosos nas elei\u00e7\u00f5es disputadas no domingo (5).<\/p>\n<p><img decoding=\"async\" src=\"http:\/\/aconteceunovale.com.br\/portal\/wp-content\/uploads\/2014\/10\/deputados_eleitos_norte_minas.jpg\" alt=\"\" \/><em>Candidatos eleitos a deputado estadual: Arlen Santiago, Carlos Pimenta, Gil Pereira, Paulo Guedes e Tadeuzinho. Candidatos eleitos a deputado federal: Raquel Muniz, Laud\u00edvio Carvalho e Patrus Ananinas (Foto: Reprodu\u00e7\u00e3o \/ Divulgacand)<\/em><br \/>\n<\/br><\/p>\n<p>O petista Paulo Guedes foi o mais bem votado do Estado, 164.831 votos. Ele \u00e9 professor, natural de S\u00e3o Jo\u00e3o das Miss\u00f5es, tem 44 anos e vai ocupar o terceiro mandato consecutivo como deputado. Iniciou a vida pol\u00edtica em Manga, onde cumpriu tr\u00eas mandatos como vereador. No mesmo munic\u00edpio, foi presidente da C\u00e2mara por duas vezes e presidente da Associa\u00e7\u00e3o dos Vereadores da \u00c1rea Mineira da Sudene (Avams). Em 2003, assumiu a Coordenadoria Estadual do Departamento Nacional de Obras Contra as Secas (Dnocs-MG). A principal regi\u00e3o de atua\u00e7\u00e3o pol\u00edtica \u00e9 o Norte de Minas.<\/p>\n<p>O quarto mais bem votado em Minas Gerais foi Gil Pereira, com 104.730 votos. Ele ir\u00e1 exercer o sexto mandato consecutivo na Assembleia de Minas. Nasceu em Montes Claros, tem 53 anos e forma\u00e7\u00e3o em Administra\u00e7\u00e3o de Empresas. Iniciou a vida p\u00fablica como vereador em Montes Claros, em 1988. Foi secret\u00e1rio municipal de Governo do Prefeito M\u00e1rio Ribeiro e presidente da C\u00e2mara Municipal. Em 2011, foi chamado pelo governador Antonio Anastasia para ocupar o cargo de Secret\u00e1rio de Estado de Desenvolvimento e Integra\u00e7\u00e3o do Norte e Nordeste de Minas Gerais (SEDINOR), no qual permaneceu at\u00e9 abril de 2014. As principais regi\u00f5es de atua\u00e7\u00e3o pol\u00edtica s\u00e3o o Norte de Minas e Vales do Jequitinhonha e Mucuri.<\/p>\n<p>Entre os 10 mais votados em Minas Gerais, o \u00faltimo foi Arlen Santiago, com 92.508 votos. Ele tem 60 anos, \u00e9 m\u00e9dico e advogado. Natural de Montes Claros, vai ocupar o quinto mandato consecutivo. Foi vice-prefeito de Montes Claros, presidiu a Associa\u00e7\u00e3o dos Munic\u00edpios da \u00c1rea Mineira da Sudene (Amams) em dois mandatos, foi prefeito de Cora\u00e7\u00e3o de Jesus, tesoureiro da Executiva Estadual do PTB e presidente do Colegiado dos Secret\u00e1rios Municipais de Sa\u00fade de Minas Gerais (Cosems). A principal regi\u00e3o de atua\u00e7\u00e3o pol\u00edtica \u00e9 o Norte de Minas<\/p>\n<p>Tamb\u00e9m foi reeleito Carlos Pimenta, com 47.876 votos, que apesar de ser natural de Belo Horizonte, mora h\u00e1 muitos anos em Montes Claros. Prestes a completar 60 anos, \u00e9 m\u00e9dico e vai ocupar o sexto mandato seguido. Foi secret\u00e1rio municipal de Governo da Prefeitura de Montes Claros, vereador por tr\u00eas mandatos e presidente da C\u00e2mara Municipal, al\u00e9m de ser Secret\u00e1rio de Estado do Trabalho e Emprego. As principais regi\u00f5es de atua\u00e7\u00e3o pol\u00edtica s\u00e3o Norte de Minas, Jequitinhonha e Mucuri.<\/p>\n<p>O deputado Tadeuzinho, que tamb\u00e9m \u00e9 natural de Montes Claros, foi eleito com 47.535 votos. Ele tem 28 anos \u00e9 estudante de Direito e ir\u00e1 exercer o segundo mandato consecutivo. Na primeiro mandato, com 24 anos, foi o mais jovem da Assembleia. A principal regi\u00e3o de atua\u00e7\u00e3o politica dele \u00e9 o Norte de Minas.<\/p>\n<p>Entre os candidatos a deputado estadual n\u00e3o eleitos e que s\u00e3o do Norte de Minas est\u00e3o Ana Maria (PSDB), Cla\u00fadio Prates (PTB), Claudim (PPS) e Luiz Henrique (PSDB).<\/p>\n<h4>Deputado Federal<\/h4>\n<p>O Norte de Minas ter\u00e1 apenas tr\u00eas representantes na C\u00e2mara dos Deputados: Raquel Muniz (PSC), Patrus Ananias (PT) e Laud\u00edvio Carvalho (PMDB).<\/p>\n<p>Raquel Muniz \u00e9 casada com o prefeito de Montes Claros, Ruy Muniz, \u00e9 m\u00e9dica e foi eleita com 96.073 votos. Ela j\u00e1 foi candidata a deputada estadual, em 2010.<\/p>\n<p>Foram eleitos tamb\u00e9m Patrus Ananias, natural de Bocaiuva, com 147.175 votos. Ele tem 62 anos, \u00e9 servidor p\u00fablico, foi candidato a prefeito de Belo Horizonte em 2012 e a vice-governador em 2010. O jornalista Laud\u00edvio Carvalho, que tamb\u00e9m nasceu em Bocaiuva, foi eleito com 98.762 votos.<\/p>\n<p>Os deputados Jairo Ata\u00edde (DEM) e Humberto Souto (PPS), que estavam como suplentes na \u00faltima legislatura, e conseguiram 19.273 e 70.924 votos respectivamente, n\u00e3o conseguiram se eleger.<\/p>\n<p><strong><em>(Inter TV Grande Minas)<\/em><\/strong><\/p>\n","protected":false},"excerpt":{"rendered":"<p>Deputados estaduais foram reeleitos, dois est\u00e3o indo para o 6\u00ba mandato. Entre os federais est\u00e3o Laud\u00edvio Carvalho, Patrus Ananias e Raquel Muniz. Entre os 77 deputados estaduais eleitos em Minas Gerais, cinco s\u00e3o da regi\u00e3o Norte de Minas Gerais, sendo que tr\u00eas est\u00e3o entre os mais votados do estado. Paulo Guedes (PT), Gil Pereira (PP), [&hellip;]<\/p>\n","protected":false},"author":1,"featured_media":41319,"comment_status":"open","ping_status":"closed","sticky":false,"template":"","format":"standard","meta":{"amp_status":"","footnotes":""},"categories":[1236],"tags":[17595,17592,17433,194,17593,17427,17597,17596,17606,17605,1018,4318,17403,17603,17604,17602,17601,17479,17598,1356,210,17591,17600,17482,17364,17381,17599,17473,4616,1810,17594,17396],"class_list":["post-41318","post","type-post","status-publish","format-standard","has-post-thumbnail","hentry","category-norte_de_minas","tag-ana-maria-psdb","tag-arlen-santiago","tag-arlen-santiago-ptb","tag-belo-horizonte","tag-carlos-pimenta","tag-carlos-pimenta-pdt","tag-claudim-pps","tag-claudio-prates-ptb","tag-deputados-eleitos-em-montes-claros","tag-deputados-eleitos-no-norte-de-minas","tag-destaque","tag-gil-pereira","tag-gil-pereira-pp","tag-humbero-souto-pps","tag-humberto-souto-pps","tag-jairo-ataide-dem","tag-laudivio-carvalho","tag-laudivio-carvalho-pmdb","tag-luiz-henrique-psdb","tag-manga","tag-montes-claros","tag-norte-de-minas-elege-cinco-deputados-estaduais-e-tres-federais","tag-patrus-ananias","tag-patrus-ananias-pt","tag-paulo-guedes","tag-paulo-guedes-pt","tag-raquel-muniz","tag-raquel-muniz-psc","tag-ruy-muniz","tag-sao-joao-das-missoes","tag-tadeuzinho","tag-tadeuzinho-pmdb"],"_links":{"self":[{"href":"https:\/\/aconteceunovale.com.br\/portal\/index.php?rest_route=\/wp\/v2\/posts\/41318","targetHints":{"allow":["GET"]}}],"collection":[{"href":"https:\/\/aconteceunovale.com.br\/portal\/index.php?rest_route=\/wp\/v2\/posts"}],"about":[{"href":"https:\/\/aconteceunovale.com.br\/portal\/index.php?rest_route=\/wp\/v2\/types\/post"}],"author":[{"embeddable":true,"href":"https:\/\/aconteceunovale.com.br\/portal\/index.php?rest_route=\/wp\/v2\/users\/1"}],"replies":[{"embeddable":true,"href":"https:\/\/aconteceunovale.com.br\/portal\/index.php?rest_route=%2Fwp%2Fv2%2Fcomments&post=41318"}],"version-history":[{"count":0,"href":"https:\/\/aconteceunovale.com.br\/portal\/index.php?rest_route=\/wp\/v2\/posts\/41318\/revisions"}],"wp:featuredmedia":[{"embeddable":true,"href":"https:\/\/aconteceunovale.com.br\/portal\/index.php?rest_route=\/wp\/v2\/media\/41319"}],"wp:attachment":[{"href":"https:\/\/aconteceunovale.com.br\/portal\/index.php?rest_route=%2Fwp%2Fv2%2Fmedia&parent=41318"}],"wp:term":[{"taxonomy":"category","embeddable":true,"href":"https:\/\/aconteceunovale.com.br\/portal\/index.php?rest_route=%2Fwp%2Fv2%2Fcategories&post=41318"},{"taxonomy":"post_tag","embeddable":true,"href":"https:\/\/aconteceunovale.com.br\/portal\/index.php?rest_route=%2Fwp%2Fv2%2Ftags&post=41318"}],"curies":[{"name":"wp","href":"https:\/\/api.w.org\/{rel}","templated":true}]}}