{"id":41292,"date":"2014-10-06T08:50:21","date_gmt":"2014-10-06T11:50:21","guid":{"rendered":"http:\/\/aconteceunovale.com.br\/portal\/?p=41292"},"modified":"2014-10-06T08:50:21","modified_gmt":"2014-10-06T11:50:21","slug":"plantao-samu-macro-norte-03-a-05-de-outubro-montes-clarosmg","status":"publish","type":"post","link":"https:\/\/aconteceunovale.com.br\/portal\/?p=41292","title":{"rendered":"Plant\u00e3o SAMU Macro Norte \u2013 03 a 05 de outubro \u2013 Montes Claros\/MG"},"content":{"rendered":"<h4><strong>Final de semana, de 03 a 05 de outubro de 2014<\/strong><\/h4>\n<p>A unidade do SAMU de Montes Claros realizou no final de semana, de 03 a 05\/10, 174 atendimentos, sendo 123 casos cl\u00ednicos, 45 atendimentos em decorr\u00eancia de acidente de tr\u00e2nsito, 01 por afogamento, 01 ferimento por arma branca, 02 v\u00edtimas de agress\u00e3o f\u00edsica, 01 por acidente de trabalho, 01 ferido por arma de fogo e um afogamento. Entre os acidentes de tr\u00e2nsito, 34 envolveram motocicleta. <\/p>\n<p>Por volta das 16 horas deste domingo, 05\/10, a unidade do Samu foi acionada para atendimento a um rapaz de 19 anos, que se afogou na Lagoa da Pampulha, bairro Interlagos, em Montes Claros. Ele foi resgatado da \u00e1gua pelos bombeiros e estava em parada cardiorrespirat\u00f3ria. Foram realizadas manobras de reanima\u00e7\u00e3o, mas o paciente n\u00e3o resistiu e foi a \u00f3bito no local.<\/p>\n<p>\u00c0s 20h45 de domingo, a unidade do Samu prestou atendimento a homem de 29 anos, na Rua Dom Jo\u00e3o XIV, bairro Independ\u00eancia.  Ele apresentava sinais de embriagues e relata ter sido agredido pelo irm\u00e3o com uma bengala, apresentando corte contuso com sangramento ativo na testa.<\/p>\n<p>Ainda no domingo, por volta das 22 horas, uma mulher de 38 anos sofreu agress\u00e3o f\u00edsica na Avenida das Ac\u00e1cias, bairro Dr. Jo\u00e3o Alves.  Ele relatou ao socorrista ter batido com a cabe\u00e7a ap\u00f3s ter sido empurrada pelo marido, se queixando de dor.<\/p>\n<p>No s\u00e1bado, 04\/10, \u00e0s 23h20, um homem de 27 anos foi ferido por arma branca no bairro Santa Cec\u00edlia, Ele apresentava ferimentos com sangramento ativo no t\u00f3rax, com prov\u00e1vel les\u00e3o vascular.<\/p>\n<p>Em todas as ocorr\u00eancias os feridos receberam os primeiros atendimentos no local e foram encaminhados ao hospital para avalia\u00e7\u00e3o.<\/p>\n","protected":false},"excerpt":{"rendered":"<p>Final de semana, de 03 a 05 de outubro de 2014 A unidade do SAMU de Montes Claros realizou no final de semana, de 03 a 05\/10, 174 atendimentos, sendo 123 casos cl\u00ednicos, 45 atendimentos em decorr\u00eancia de acidente de tr\u00e2nsito, 01 por afogamento, 01 ferimento por arma branca, 02 v\u00edtimas de agress\u00e3o f\u00edsica, 01 [&hellip;]<\/p>\n","protected":false},"author":1,"featured_media":37592,"comment_status":"open","ping_status":"closed","sticky":false,"template":"","format":"standard","meta":{"amp_status":"","footnotes":""},"categories":[1236],"tags":[210,13995,17550],"class_list":["post-41292","post","type-post","status-publish","format-standard","has-post-thumbnail","hentry","category-norte_de_minas","tag-montes-claros","tag-plantao-samu-macro-norte","tag-plantao-samu-macro-norte-03-a-05-de-outubro-montes-clarosmg"],"_links":{"self":[{"href":"https:\/\/aconteceunovale.com.br\/portal\/index.php?rest_route=\/wp\/v2\/posts\/41292","targetHints":{"allow":["GET"]}}],"collection":[{"href":"https:\/\/aconteceunovale.com.br\/portal\/index.php?rest_route=\/wp\/v2\/posts"}],"about":[{"href":"https:\/\/aconteceunovale.com.br\/portal\/index.php?rest_route=\/wp\/v2\/types\/post"}],"author":[{"embeddable":true,"href":"https:\/\/aconteceunovale.com.br\/portal\/index.php?rest_route=\/wp\/v2\/users\/1"}],"replies":[{"embeddable":true,"href":"https:\/\/aconteceunovale.com.br\/portal\/index.php?rest_route=%2Fwp%2Fv2%2Fcomments&post=41292"}],"version-history":[{"count":0,"href":"https:\/\/aconteceunovale.com.br\/portal\/index.php?rest_route=\/wp\/v2\/posts\/41292\/revisions"}],"wp:featuredmedia":[{"embeddable":true,"href":"https:\/\/aconteceunovale.com.br\/portal\/index.php?rest_route=\/wp\/v2\/media\/37592"}],"wp:attachment":[{"href":"https:\/\/aconteceunovale.com.br\/portal\/index.php?rest_route=%2Fwp%2Fv2%2Fmedia&parent=41292"}],"wp:term":[{"taxonomy":"category","embeddable":true,"href":"https:\/\/aconteceunovale.com.br\/portal\/index.php?rest_route=%2Fwp%2Fv2%2Fcategories&post=41292"},{"taxonomy":"post_tag","embeddable":true,"href":"https:\/\/aconteceunovale.com.br\/portal\/index.php?rest_route=%2Fwp%2Fv2%2Ftags&post=41292"}],"curies":[{"name":"wp","href":"https:\/\/api.w.org\/{rel}","templated":true}]}}