{"id":41151,"date":"2014-10-04T11:39:21","date_gmt":"2014-10-04T14:39:21","guid":{"rendered":"http:\/\/aconteceunovale.com.br\/portal\/?p=41151"},"modified":"2014-10-04T11:39:21","modified_gmt":"2014-10-04T14:39:21","slug":"julgamento-de-assassino-do-crime-do-colchao-e-adiado-em-governador-valadares","status":"publish","type":"post","link":"https:\/\/aconteceunovale.com.br\/portal\/?p=41151","title":{"rendered":"Julgamento de assassino do \u201ccrime do colch\u00e3o\u201d \u00e9 adiado em Governador Valadares"},"content":{"rendered":"<p>[image src=&#8221;http:\/\/aconteceunovale.com.br\/portal\/wp-content\/uploads\/2014\/10\/adolescente_do_colchao_gv.jpg&#8221; width=&#8221;315&#8243; height=&#8221;270&#8243; lightbox=&#8221;yes&#8221; align=&#8221;left&#8221; float=&#8221;left&#8221;]Foi adiado o julgamento de um assassinato, que ficou conhecido como \u201cCrime do Colch\u00e3o\u201d, em janeiro de 2013, em Governador Valadares, no Vale do Rio Doce. O caso ganhou pois a v\u00edtima, Ana Gabrielly Nascimento dos Santos (Foto), de 16 anos, foi enrolada em colch\u00f5es e com um saco pl\u00e1stico na cabe\u00e7a, ap\u00f3s ser estrangulada e esfaqueada.<\/p>\n<p>Segundo o advogado assistente da promotoria, Marco Ant\u00f4nio Siqueira, o Minist\u00e9rio P\u00fablico pediu o adiamento para anexar novos documentos ao processo. A nova data do juri foi marcada para 28 de novembro deste ano, em Valadares.<\/p>\n<p>Em fun\u00e7\u00e3o do julgamento, uma multid\u00e3o de pessoas se reuniu em frente ao f\u00f3rum da cidade e houve at\u00e9 uma tentativa de jogar pedras na viatura da Subsecretaria de Administra\u00e7\u00e3o Prisional (SUAPI) de Minas Gerais, que transportava o acusado, Gian Luis Alves, que est\u00e1 preso desde agosto do ano passado.<\/p>\n<h4>Entenda o caso<\/h4>\n<p>O assassinato aconteceu em janeiro de 2013 em uma casa de Governador Valadares. O motivo do crime, segundo o MP, foi ci\u00fame. De acordo com as investiga\u00e7\u00f5es, Gian convidou a adolescente para ir at\u00e9 o im\u00f3vel para namorar. Quando chegaram na resid\u00eancia, Ana Gabrielly contou para o companheiro que tinha ido a uma festa na noite anterior e pegou carona na motocicleta de um morador da cidade.<\/p>\n<p>Gian agrediu a adolescente e disse que a mataria se a situa\u00e7\u00e3o se repetisse. A v\u00edtima ent\u00e3o teria respondido dizendo que pegaria carona com quem quisesse e afirmando que n\u00e3o o temia. Diante da resposta, o acusado colocou as pernas sobre os bra\u00e7os da garota, que estava deitada, e a enforcou, s\u00f3 parando ap\u00f3s sair espuma pela boca da jovem. O homem teria percebido que Ana continuava viva e ent\u00e3o, com um cabo de carregador de celular, enforcou a menina e depois a esfaqueou no pesco\u00e7o.<\/p>\n<p>O corpo da adolescente foi abandonado na rua e encontrado no dia seguinte, enrolado em colch\u00f5es e com um saco pl\u00e1stico na cabe\u00e7a.<\/p>\n<p><strong><em>(Hoje em Dia)<\/em><\/strong><\/p>\n","protected":false},"excerpt":{"rendered":"<p>[image src=&#8221;http:\/\/aconteceunovale.com.br\/portal\/wp-content\/uploads\/2014\/10\/adolescente_do_colchao_gv.jpg&#8221; width=&#8221;315&#8243; height=&#8221;270&#8243; lightbox=&#8221;yes&#8221; align=&#8221;left&#8221; float=&#8221;left&#8221;]Foi adiado o julgamento de um assassinato, que ficou conhecido como \u201cCrime do Colch\u00e3o\u201d, em janeiro de 2013, em Governador Valadares, no Vale do Rio Doce. O caso ganhou pois a v\u00edtima, Ana Gabrielly Nascimento dos Santos (Foto), de 16 anos, foi enrolada em colch\u00f5es e com um saco [&hellip;]<\/p>\n","protected":false},"author":1,"featured_media":41152,"comment_status":"open","ping_status":"closed","sticky":false,"template":"","format":"standard","meta":{"amp_status":"","footnotes":""},"categories":[121],"tags":[17275,17274,17273,17276,247,17277],"class_list":["post-41151","post","type-post","status-publish","format-standard","has-post-thumbnail","hentry","category-leste","tag-ana-gabrielly-nascimento-dos-santos","tag-crime-do-colchao","tag-crime-do-colchao-de-governador-valadares","tag-gian-luis-alves","tag-governador-valadares","tag-julgamento-de-assassino-do-crime-do-colchao-e-adiado-em-governador-valadares"],"_links":{"self":[{"href":"https:\/\/aconteceunovale.com.br\/portal\/index.php?rest_route=\/wp\/v2\/posts\/41151","targetHints":{"allow":["GET"]}}],"collection":[{"href":"https:\/\/aconteceunovale.com.br\/portal\/index.php?rest_route=\/wp\/v2\/posts"}],"about":[{"href":"https:\/\/aconteceunovale.com.br\/portal\/index.php?rest_route=\/wp\/v2\/types\/post"}],"author":[{"embeddable":true,"href":"https:\/\/aconteceunovale.com.br\/portal\/index.php?rest_route=\/wp\/v2\/users\/1"}],"replies":[{"embeddable":true,"href":"https:\/\/aconteceunovale.com.br\/portal\/index.php?rest_route=%2Fwp%2Fv2%2Fcomments&post=41151"}],"version-history":[{"count":0,"href":"https:\/\/aconteceunovale.com.br\/portal\/index.php?rest_route=\/wp\/v2\/posts\/41151\/revisions"}],"wp:featuredmedia":[{"embeddable":true,"href":"https:\/\/aconteceunovale.com.br\/portal\/index.php?rest_route=\/wp\/v2\/media\/41152"}],"wp:attachment":[{"href":"https:\/\/aconteceunovale.com.br\/portal\/index.php?rest_route=%2Fwp%2Fv2%2Fmedia&parent=41151"}],"wp:term":[{"taxonomy":"category","embeddable":true,"href":"https:\/\/aconteceunovale.com.br\/portal\/index.php?rest_route=%2Fwp%2Fv2%2Fcategories&post=41151"},{"taxonomy":"post_tag","embeddable":true,"href":"https:\/\/aconteceunovale.com.br\/portal\/index.php?rest_route=%2Fwp%2Fv2%2Ftags&post=41151"}],"curies":[{"name":"wp","href":"https:\/\/api.w.org\/{rel}","templated":true}]}}