{"id":41148,"date":"2014-10-04T11:16:51","date_gmt":"2014-10-04T14:16:51","guid":{"rendered":"http:\/\/aconteceunovale.com.br\/portal\/?p=41148"},"modified":"2014-10-04T11:16:51","modified_gmt":"2014-10-04T14:16:51","slug":"campanha-e-da-nossa-conta-sera-lancada-em-cidades-do-vale-do-jequitinhonha","status":"publish","type":"post","link":"https:\/\/aconteceunovale.com.br\/portal\/?p=41148","title":{"rendered":"Campanha \u00c9 da Nossa Conta! ser\u00e1 lan\u00e7ada em cidades do Vale do Jequitinhonha"},"content":{"rendered":"<p>Entre os dias 7 e 10 de outubro, ser\u00e1 lan\u00e7ado em quatro cidades do Vale do Jequitinhonha, a campanha \u00c9 da Nossa Conta! H\u00e1 tr\u00eas anos unindo for\u00e7as para que todas as crian\u00e7as tenham o direito de estudar, brincar e estejam perto de suas fam\u00edlias e de sua comunidade. A campanha que foi desenvolvida pela Funda\u00e7\u00e3o Telef\u00f4nica Vivo e tem o apoio do Unicef e da OIT em diversas frentes, tem foco no semi\u00e1rido e o seu maior objetivo \u00e9 contribuir com o enfrentamento do trabalho infantil e a promo\u00e7\u00e3o do trabalho adolescente protegido no Brasil.<\/p>\n<p>Esse trabalho tem sido desenvolvido junto ao ChildFund Brasil em uma parceria de sucesso, visto os \u00edndices gerais de decl\u00ednio do trabalho infantil verificado em pesquisas realizadas nas regi\u00f5es onde o ChildFund Brasil tem atuado com o projeto Melhor de Mim, que tamb\u00e9m \u00e9 desenvolvido com o amparo da Funda\u00e7\u00e3o Telef\u00f4nica Vivo.<\/p>\n<p><img decoding=\"async\" src=\"http:\/\/aconteceunovale.com.br\/portal\/wp-content\/uploads\/2014\/10\/e_da_nossa_conta.jpg\" alt=\"\" \/><em>(Campanha ser\u00e1 lan\u00e7ada em quatro cidades do Vale do Jequitinhonha &#8211; Foto: Reprodu\u00e7\u00e3o)<\/em><br \/>\n<\/br><\/p>\n<p>O conceito da campanha deste ano \u00e9 + Crian\u00e7as Estudando \u2013 Crian\u00e7as Trabalhando. Os s\u00edmbolos de mais e menos tem sido usado como forma de demonstrar que agindo com mais informa\u00e7\u00e3o, mais engajamento e mais parceiros, estamos diminuindo a quantidade de crian\u00e7as trabalhando e aumentando o n\u00famero de crian\u00e7as na escola.<\/p>\n<p>A campanha \u00c9 da Nossa Conta! com o apoio do ChildFund Brasil, ser\u00e1 lan\u00e7ada em quatro munic\u00edpios do Vale do Jequitinhonha: Em Comercinho, no dia 7; Em Jequitinhonha, no dia 8; Em Veredinha, no dia 9; e em Minas Novas, no dia 10. Al\u00e9m da distribui\u00e7\u00e3o de material informativo, destacam-se as seguintes a\u00e7\u00f5es que ser\u00e3o realizadas durante os dias da campanha:<\/p>\n<p>&#8211; Ped\u00e1gio educativo \u2013 esp\u00e9cie de blitz para mobiliza\u00e7\u00e3o e distribui\u00e7\u00e3o de materiais da campanha em Comercinho e Minas Novas.<\/p>\n<p>&#8211; Cantinho dos Sonhos \u2013 espa\u00e7o itinerante que levar\u00e1, por meio da leitura, atividades e din\u00e2micas, informa\u00e7\u00f5es sobre o trabalho infantil para 15 escolas da zona rural de Comercinho.<\/p>\n<p>&#8211; Flash Mob &#8211; em Veredinha e Minas Novas ser\u00e1 realizada pelas crian\u00e7as atendidas no Projeto Melhor de Mim uma coreografia em espa\u00e7os p\u00fablicos dessas cidades, como forma de chamar a aten\u00e7\u00e3o da popula\u00e7\u00e3o local para a quest\u00e3o do trabalho infantil.<\/p>\n<p>&#8211; Roda de debate numa r\u00e1dio local &#8211; adolescentes e representantes do Conselho Municipal dos Direitos da Crian\u00e7a e do Adolescente (CMDCA) ir\u00e3o discutir sobre o tema Trabalho Infantil e divulgar\u00e3o a campanha.<\/p>\n<p>&#8211; Semin\u00e1rios e palestras &#8211; momentos de forma\u00e7\u00e3o sobre a quest\u00e3o do trabalho infantil voltados para comerciantes, fam\u00edlias e profissionais do Centro de Refer\u00eancia de Assist\u00eancia Social (CRAS) e membros de conselhos tutelares; al\u00e9m de apresenta\u00e7\u00e3o da campanha.<\/p>\n<p>&#8211; Reuni\u00f5es e rodas de conversa &#8211; ser\u00e3o promovidos encontros com parceiros para apresentar as propostas do Projeto Melhor de Mim com foco na campanha; al\u00e9m disso fam\u00edlias, crian\u00e7as e adolescentes atendidos pelo projeto e atores sociais ir\u00e3o expor suas ideias e debater num bate-papo sobre a quest\u00e3o do trabalho infantil.<\/p>\n<p>Nessa mobiliza\u00e7\u00e3o, contamos tamb\u00e9m com voc\u00ea. \u00c9 importante que voc\u00ea divulgue essa campanha pelo Facebook e Twitter a cada lan\u00e7amento. Use a hashtag #trabalhoinfantil para formarmos uma comunidade mobilizada.<\/p>\n<p>Servi\u00e7o: Lan\u00e7amento da Campanha \u00c9 da Nossa Conta! no Vale do Jequitinhonha<\/p>\n<p>&#8211; Dia 07\/10\/2014 (ter\u00e7a-feira) &#8211; Comercinho\/MG<br \/>\n&#8211; Dia 08\/10\/2014 (quarta-feira) &#8211; Jequitinhonha\/MG<br \/>\n&#8211; Dia 09\/10\/2014 (quinta-feira) &#8211; Veredinha\/MG<br \/>\n&#8211; Dia 10\/10\/2014 (sexta-feira) &#8211; Minas Novas\/MG<\/p>\n","protected":false},"excerpt":{"rendered":"<p>Entre os dias 7 e 10 de outubro, ser\u00e1 lan\u00e7ado em quatro cidades do Vale do Jequitinhonha, a campanha \u00c9 da Nossa Conta! H\u00e1 tr\u00eas anos unindo for\u00e7as para que todas as crian\u00e7as tenham o direito de estudar, brincar e estejam perto de suas fam\u00edlias e de sua comunidade. A campanha que foi desenvolvida pela [&hellip;]<\/p>\n","protected":false},"author":1,"featured_media":41149,"comment_status":"open","ping_status":"closed","sticky":false,"template":"","format":"standard","meta":{"amp_status":"","footnotes":""},"categories":[120],"tags":[17272,17267,17266,17270,426,1018,17268,17269,137,17271,206030,916],"class_list":["post-41148","post","type-post","status-publish","format-standard","has-post-thumbnail","hentry","category-jequi","tag-trabalhoinfantil","tag-campanha-e-da-nossa-conta","tag-campanha-e-da-nossa-conta-sera-lancada-em-cidades-do-vale-do-jequitinhonha","tag-childfund-brasil","tag-comercinho","tag-destaque","tag-e-da-nossa-conta","tag-fundacao-telefonica-vivo","tag-minas-novas","tag-projeto-melhor-de-mim","tag-jequi","tag-veredinha"],"_links":{"self":[{"href":"https:\/\/aconteceunovale.com.br\/portal\/index.php?rest_route=\/wp\/v2\/posts\/41148","targetHints":{"allow":["GET"]}}],"collection":[{"href":"https:\/\/aconteceunovale.com.br\/portal\/index.php?rest_route=\/wp\/v2\/posts"}],"about":[{"href":"https:\/\/aconteceunovale.com.br\/portal\/index.php?rest_route=\/wp\/v2\/types\/post"}],"author":[{"embeddable":true,"href":"https:\/\/aconteceunovale.com.br\/portal\/index.php?rest_route=\/wp\/v2\/users\/1"}],"replies":[{"embeddable":true,"href":"https:\/\/aconteceunovale.com.br\/portal\/index.php?rest_route=%2Fwp%2Fv2%2Fcomments&post=41148"}],"version-history":[{"count":0,"href":"https:\/\/aconteceunovale.com.br\/portal\/index.php?rest_route=\/wp\/v2\/posts\/41148\/revisions"}],"wp:featuredmedia":[{"embeddable":true,"href":"https:\/\/aconteceunovale.com.br\/portal\/index.php?rest_route=\/wp\/v2\/media\/41149"}],"wp:attachment":[{"href":"https:\/\/aconteceunovale.com.br\/portal\/index.php?rest_route=%2Fwp%2Fv2%2Fmedia&parent=41148"}],"wp:term":[{"taxonomy":"category","embeddable":true,"href":"https:\/\/aconteceunovale.com.br\/portal\/index.php?rest_route=%2Fwp%2Fv2%2Fcategories&post=41148"},{"taxonomy":"post_tag","embeddable":true,"href":"https:\/\/aconteceunovale.com.br\/portal\/index.php?rest_route=%2Fwp%2Fv2%2Ftags&post=41148"}],"curies":[{"name":"wp","href":"https:\/\/api.w.org\/{rel}","templated":true}]}}