{"id":41060,"date":"2014-10-02T19:06:12","date_gmt":"2014-10-02T22:06:12","guid":{"rendered":"http:\/\/aconteceunovale.com.br\/portal\/?p=41060"},"modified":"2014-10-02T19:06:12","modified_gmt":"2014-10-02T22:06:12","slug":"horario-de-verao-comeca-dia-19-de-outubro","status":"publish","type":"post","link":"https:\/\/aconteceunovale.com.br\/portal\/?p=41060","title":{"rendered":"Hor\u00e1rio de ver\u00e3o come\u00e7a dia 19 de outubro"},"content":{"rendered":"<p><em><\/p>\n<h4><strong>Decreto de 2008 determina per\u00edodo, e objetivo \u00e9 economizar energia<\/strong><\/h4>\n<p><\/em><\/p>\n<p>O hor\u00e1rio de ver\u00e3o come\u00e7a no pr\u00f3ximo dia 19 de outubro. Nesta data, a partir da 0h, os ponteiros dos rel\u00f3gios das regi\u00f5es atingidas devem ser adiantados em uma hora em rela\u00e7\u00e3o ao hor\u00e1rio de Bras\u00edlia. A mudan\u00e7a vai at\u00e9 15 de fevereiro de 2015, j\u00e1 que o Decreto 6.558 de 2008 determina que a temporada para ajustar o rel\u00f3gio deve come\u00e7ar no terceiro domingo do m\u00eas de outubro, prolongando-se at\u00e9 o terceiro domingo de fevereiro do ano subsequente.<\/p>\n<p>O hor\u00e1rio de ver\u00e3o serve, segundo o decreto, para aproveitar melhor a luz natural, j\u00e1 que, durante a primavera e o ver\u00e3o, os dias s\u00e3o mais longos que as noites. Representa ainda economia de energia, diminuindo o consumo de luz artificial.<\/p>\n<p>Segundo a Ag\u00eancia Nacional de Energia El\u00e9trica (Aneel), de 2013 para 2014, o hor\u00e1rio de ver\u00e3o levou a uma redu\u00e7\u00e3o da demanda por energia no hor\u00e1rio de pico de consumo de 2.565 megawatts, o que representou uma economia de cerca de R$ 405 milh\u00f5es.<\/p>\n<p>J\u00e1 no ano retrasado, rendeu uma redu\u00e7\u00e3o na demanda no hor\u00e1rio de pico de 2.477 megawatts (MW), ou 4,5% do consumo. Essa redu\u00e7\u00e3o evitou um gasto de cerca de R$ 200 milh\u00f5es a mais com as termel\u00e9tricas no per\u00edodo.<\/p>\n<p>O hor\u00e1rio de ver\u00e3o ser\u00e1 aplicado nas regi\u00f5es Sul, Sudeste e Centro-Oeste, nos Estados de Goi\u00e1s, Esp\u00edrito Santo, Minas Gerais, Mato Grosso, Mato Grosso do Sul, Paran\u00e1, Rio de Janeiro, Rio Grande do Sul, Santa Catarina, S\u00e3o Paulo e Distrito Federal.<\/p>\n<p><strong><em>(O Tempo)<\/em><\/strong><\/p>\n","protected":false},"excerpt":{"rendered":"<p>Decreto de 2008 determina per\u00edodo, e objetivo \u00e9 economizar energia O hor\u00e1rio de ver\u00e3o come\u00e7a no pr\u00f3ximo dia 19 de outubro. Nesta data, a partir da 0h, os ponteiros dos rel\u00f3gios das regi\u00f5es atingidas devem ser adiantados em uma hora em rela\u00e7\u00e3o ao hor\u00e1rio de Bras\u00edlia. A mudan\u00e7a vai at\u00e9 15 de fevereiro de 2015, [&hellip;]<\/p>\n","protected":false},"author":1,"featured_media":41061,"comment_status":"open","ping_status":"closed","sticky":false,"template":"","format":"standard","meta":{"amp_status":"","footnotes":""},"categories":[6],"tags":[345,17185,17186,17187],"class_list":["post-41060","post","type-post","status-publish","format-standard","has-post-thumbnail","hentry","category-br","tag-horario-de-verao","tag-horario-de-verao-comeca-dia-19-de-outubro","tag-quando-comeca-o-horario-de-verao","tag-vai-comecar-o-horario-de-verao"],"yoast_head":"<!-- This site is optimized with the Yoast SEO plugin v28.3 - https:\/\/yoast.com\/product\/yoast-seo-wordpress\/ -->\n<title>Hor\u00e1rio de ver\u00e3o come\u00e7a dia 19 de outubro - Aconteceu no Vale<\/title>\n<meta name=\"robots\" content=\"index, follow, max-snippet:-1, max-image-preview:large, max-video-preview:-1\" \/>\n<link rel=\"canonical\" href=\"https:\/\/aconteceunovale.com.br\/portal\/?p=41060\" \/>\n<meta property=\"og:locale\" content=\"pt_BR\" \/>\n<meta property=\"og:type\" content=\"article\" \/>\n<meta property=\"og:title\" content=\"Hor\u00e1rio de ver\u00e3o come\u00e7a dia 19 de outubro - Aconteceu no Vale\" \/>\n<meta property=\"og:description\" content=\"Decreto de 2008 determina per\u00edodo, e objetivo \u00e9 economizar energia O hor\u00e1rio de ver\u00e3o come\u00e7a no pr\u00f3ximo dia 19 de outubro. Nesta data, a partir da 0h, os ponteiros dos rel\u00f3gios das regi\u00f5es atingidas devem ser adiantados em uma hora em rela\u00e7\u00e3o ao hor\u00e1rio de Bras\u00edlia. A mudan\u00e7a vai at\u00e9 15 de fevereiro de 2015, [&hellip;]\" \/>\n<meta property=\"og:url\" content=\"https:\/\/aconteceunovale.com.br\/portal\/?p=41060\" \/>\n<meta property=\"og:site_name\" content=\"Aconteceu no Vale\" \/>\n<meta property=\"article:publisher\" content=\"https:\/\/www.facebook.com\/aconteceunovale\/\" \/>\n<meta property=\"article:published_time\" content=\"2014-10-02T22:06:12+00:00\" \/>\n<meta property=\"og:image\" content=\"https:\/\/aconteceunovale.com.br\/portal\/wp-content\/uploads\/2014\/10\/horario_de_verao.jpg\" \/>\n\t<meta property=\"og:image:width\" content=\"480\" \/>\n\t<meta property=\"og:image:height\" content=\"300\" \/>\n\t<meta property=\"og:image:type\" content=\"image\/jpeg\" \/>\n<meta name=\"author\" content=\"Aconteceu no Vale\" \/>\n<meta name=\"twitter:card\" content=\"summary_large_image\" \/>\n<meta name=\"twitter:creator\" content=\"@noticiadosvales\" \/>\n<meta name=\"twitter:site\" content=\"@noticiadosvales\" \/>\n<meta name=\"twitter:label1\" content=\"Escrito por\" \/>\n\t<meta name=\"twitter:data1\" content=\"Aconteceu no Vale\" \/>\n\t<meta name=\"twitter:label2\" content=\"Est. tempo de leitura\" \/>\n\t<meta name=\"twitter:data2\" content=\"1 minuto\" \/>\n<script type=\"application\/ld+json\" class=\"yoast-schema-graph\">{\"@context\":\"https:\\\/\\\/schema.org\",\"@graph\":[{\"@type\":\"Article\",\"@id\":\"https:\\\/\\\/aconteceunovale.com.br\\\/portal\\\/?p=41060#article\",\"isPartOf\":{\"@id\":\"https:\\\/\\\/aconteceunovale.com.br\\\/portal\\\/?p=41060\"},\"author\":{\"name\":\"Aconteceu no Vale\",\"@id\":\"https:\\\/\\\/aconteceunovale.com.br\\\/portal\\\/#\\\/schema\\\/person\\\/633529146f2c94272bef50ac2953d589\"},\"headline\":\"Hor\u00e1rio de ver\u00e3o come\u00e7a dia 19 de outubro\",\"datePublished\":\"2014-10-02T22:06:12+00:00\",\"mainEntityOfPage\":{\"@id\":\"https:\\\/\\\/aconteceunovale.com.br\\\/portal\\\/?p=41060\"},\"wordCount\":289,\"commentCount\":0,\"image\":{\"@id\":\"https:\\\/\\\/aconteceunovale.com.br\\\/portal\\\/?p=41060#primaryimage\"},\"thumbnailUrl\":\"https:\\\/\\\/aconteceunovale.com.br\\\/portal\\\/wp-content\\\/uploads\\\/2014\\\/10\\\/horario_de_verao.jpg\",\"keywords\":[\"hor\u00e1rio de ver\u00e3o\",\"Hor\u00e1rio de ver\u00e3o come\u00e7a dia 19 de outubro\",\"quando come\u00e7a o hor\u00e1rio de ver\u00e3o\",\"vai come\u00e7ar o hor\u00e1rio de ver\u00e3o\"],\"articleSection\":[\"Brasil\"],\"inLanguage\":\"pt-BR\",\"potentialAction\":[{\"@type\":\"CommentAction\",\"name\":\"Comment\",\"target\":[\"https:\\\/\\\/aconteceunovale.com.br\\\/portal\\\/?p=41060#respond\"]}]},{\"@type\":\"WebPage\",\"@id\":\"https:\\\/\\\/aconteceunovale.com.br\\\/portal\\\/?p=41060\",\"url\":\"https:\\\/\\\/aconteceunovale.com.br\\\/portal\\\/?p=41060\",\"name\":\"Hor\u00e1rio de ver\u00e3o come\u00e7a dia 19 de outubro - Aconteceu no Vale\",\"isPartOf\":{\"@id\":\"https:\\\/\\\/aconteceunovale.com.br\\\/portal\\\/#website\"},\"primaryImageOfPage\":{\"@id\":\"https:\\\/\\\/aconteceunovale.com.br\\\/portal\\\/?p=41060#primaryimage\"},\"image\":{\"@id\":\"https:\\\/\\\/aconteceunovale.com.br\\\/portal\\\/?p=41060#primaryimage\"},\"thumbnailUrl\":\"https:\\\/\\\/aconteceunovale.com.br\\\/portal\\\/wp-content\\\/uploads\\\/2014\\\/10\\\/horario_de_verao.jpg\",\"datePublished\":\"2014-10-02T22:06:12+00:00\",\"author\":{\"@id\":\"https:\\\/\\\/aconteceunovale.com.br\\\/portal\\\/#\\\/schema\\\/person\\\/633529146f2c94272bef50ac2953d589\"},\"breadcrumb\":{\"@id\":\"https:\\\/\\\/aconteceunovale.com.br\\\/portal\\\/?p=41060#breadcrumb\"},\"inLanguage\":\"pt-BR\",\"potentialAction\":[{\"@type\":\"ReadAction\",\"target\":[\"https:\\\/\\\/aconteceunovale.com.br\\\/portal\\\/?p=41060\"]}]},{\"@type\":\"ImageObject\",\"inLanguage\":\"pt-BR\",\"@id\":\"https:\\\/\\\/aconteceunovale.com.br\\\/portal\\\/?p=41060#primaryimage\",\"url\":\"https:\\\/\\\/aconteceunovale.com.br\\\/portal\\\/wp-content\\\/uploads\\\/2014\\\/10\\\/horario_de_verao.jpg\",\"contentUrl\":\"https:\\\/\\\/aconteceunovale.com.br\\\/portal\\\/wp-content\\\/uploads\\\/2014\\\/10\\\/horario_de_verao.jpg\",\"width\":480,\"height\":300},{\"@type\":\"BreadcrumbList\",\"@id\":\"https:\\\/\\\/aconteceunovale.com.br\\\/portal\\\/?p=41060#breadcrumb\",\"itemListElement\":[{\"@type\":\"ListItem\",\"position\":1,\"name\":\"In\u00edcio\",\"item\":\"https:\\\/\\\/aconteceunovale.com.br\\\/portal\\\/\"},{\"@type\":\"ListItem\",\"position\":2,\"name\":\"Hor\u00e1rio de ver\u00e3o come\u00e7a dia 19 de outubro\"}]},{\"@type\":\"WebSite\",\"@id\":\"https:\\\/\\\/aconteceunovale.com.br\\\/portal\\\/#website\",\"url\":\"https:\\\/\\\/aconteceunovale.com.br\\\/portal\\\/\",\"name\":\"Aconteceu no Vale\",\"description\":\"Portal de Not\u00edcias\",\"potentialAction\":[{\"@type\":\"SearchAction\",\"target\":{\"@type\":\"EntryPoint\",\"urlTemplate\":\"https:\\\/\\\/aconteceunovale.com.br\\\/portal\\\/?s={search_term_string}\"},\"query-input\":{\"@type\":\"PropertyValueSpecification\",\"valueRequired\":true,\"valueName\":\"search_term_string\"}}],\"inLanguage\":\"pt-BR\"},{\"@type\":\"Person\",\"@id\":\"https:\\\/\\\/aconteceunovale.com.br\\\/portal\\\/#\\\/schema\\\/person\\\/633529146f2c94272bef50ac2953d589\",\"name\":\"Aconteceu no Vale\",\"description\":\"Equipe de reportagem do Aconteceu no Vale, portal de not\u00edcias do Vale do Jequitinhonha, em Minas Gerais. Cobrimos as 51 cidades do Vale desde 2013. Sugest\u00f5es de pauta e pedidos de corre\u00e7\u00e3o: contato@aconteceunovale.com.br\",\"sameAs\":[\"http:\\\/\\\/www.aconteceunovale.com.br\"],\"url\":\"https:\\\/\\\/aconteceunovale.com.br\\\/portal\\\/?author=1\"}]}<\/script>\n<!-- \/ Yoast SEO plugin. -->","yoast_head_json":{"title":"Hor\u00e1rio de ver\u00e3o come\u00e7a dia 19 de outubro - Aconteceu no Vale","robots":{"index":"index","follow":"follow","max-snippet":"max-snippet:-1","max-image-preview":"max-image-preview:large","max-video-preview":"max-video-preview:-1"},"canonical":"https:\/\/aconteceunovale.com.br\/portal\/?p=41060","og_locale":"pt_BR","og_type":"article","og_title":"Hor\u00e1rio de ver\u00e3o come\u00e7a dia 19 de outubro - Aconteceu no Vale","og_description":"Decreto de 2008 determina per\u00edodo, e objetivo \u00e9 economizar energia O hor\u00e1rio de ver\u00e3o come\u00e7a no pr\u00f3ximo dia 19 de outubro. Nesta data, a partir da 0h, os ponteiros dos rel\u00f3gios das regi\u00f5es atingidas devem ser adiantados em uma hora em rela\u00e7\u00e3o ao hor\u00e1rio de Bras\u00edlia. A mudan\u00e7a vai at\u00e9 15 de fevereiro de 2015, [&hellip;]","og_url":"https:\/\/aconteceunovale.com.br\/portal\/?p=41060","og_site_name":"Aconteceu no Vale","article_publisher":"https:\/\/www.facebook.com\/aconteceunovale\/","article_published_time":"2014-10-02T22:06:12+00:00","og_image":[{"width":480,"height":300,"url":"https:\/\/aconteceunovale.com.br\/portal\/wp-content\/uploads\/2014\/10\/horario_de_verao.jpg","type":"image\/jpeg"}],"author":"Aconteceu no Vale","twitter_card":"summary_large_image","twitter_creator":"@noticiadosvales","twitter_site":"@noticiadosvales","twitter_misc":{"Escrito por":"Aconteceu no Vale","Est. tempo de leitura":"1 minuto"},"schema":{"@context":"https:\/\/schema.org","@graph":[{"@type":"Article","@id":"https:\/\/aconteceunovale.com.br\/portal\/?p=41060#article","isPartOf":{"@id":"https:\/\/aconteceunovale.com.br\/portal\/?p=41060"},"author":{"name":"Aconteceu no Vale","@id":"https:\/\/aconteceunovale.com.br\/portal\/#\/schema\/person\/633529146f2c94272bef50ac2953d589"},"headline":"Hor\u00e1rio de ver\u00e3o come\u00e7a dia 19 de outubro","datePublished":"2014-10-02T22:06:12+00:00","mainEntityOfPage":{"@id":"https:\/\/aconteceunovale.com.br\/portal\/?p=41060"},"wordCount":289,"commentCount":0,"image":{"@id":"https:\/\/aconteceunovale.com.br\/portal\/?p=41060#primaryimage"},"thumbnailUrl":"https:\/\/aconteceunovale.com.br\/portal\/wp-content\/uploads\/2014\/10\/horario_de_verao.jpg","keywords":["hor\u00e1rio de ver\u00e3o","Hor\u00e1rio de ver\u00e3o come\u00e7a dia 19 de outubro","quando come\u00e7a o hor\u00e1rio de ver\u00e3o","vai come\u00e7ar o hor\u00e1rio de ver\u00e3o"],"articleSection":["Brasil"],"inLanguage":"pt-BR","potentialAction":[{"@type":"CommentAction","name":"Comment","target":["https:\/\/aconteceunovale.com.br\/portal\/?p=41060#respond"]}]},{"@type":"WebPage","@id":"https:\/\/aconteceunovale.com.br\/portal\/?p=41060","url":"https:\/\/aconteceunovale.com.br\/portal\/?p=41060","name":"Hor\u00e1rio de ver\u00e3o come\u00e7a dia 19 de outubro - Aconteceu no Vale","isPartOf":{"@id":"https:\/\/aconteceunovale.com.br\/portal\/#website"},"primaryImageOfPage":{"@id":"https:\/\/aconteceunovale.com.br\/portal\/?p=41060#primaryimage"},"image":{"@id":"https:\/\/aconteceunovale.com.br\/portal\/?p=41060#primaryimage"},"thumbnailUrl":"https:\/\/aconteceunovale.com.br\/portal\/wp-content\/uploads\/2014\/10\/horario_de_verao.jpg","datePublished":"2014-10-02T22:06:12+00:00","author":{"@id":"https:\/\/aconteceunovale.com.br\/portal\/#\/schema\/person\/633529146f2c94272bef50ac2953d589"},"breadcrumb":{"@id":"https:\/\/aconteceunovale.com.br\/portal\/?p=41060#breadcrumb"},"inLanguage":"pt-BR","potentialAction":[{"@type":"ReadAction","target":["https:\/\/aconteceunovale.com.br\/portal\/?p=41060"]}]},{"@type":"ImageObject","inLanguage":"pt-BR","@id":"https:\/\/aconteceunovale.com.br\/portal\/?p=41060#primaryimage","url":"https:\/\/aconteceunovale.com.br\/portal\/wp-content\/uploads\/2014\/10\/horario_de_verao.jpg","contentUrl":"https:\/\/aconteceunovale.com.br\/portal\/wp-content\/uploads\/2014\/10\/horario_de_verao.jpg","width":480,"height":300},{"@type":"BreadcrumbList","@id":"https:\/\/aconteceunovale.com.br\/portal\/?p=41060#breadcrumb","itemListElement":[{"@type":"ListItem","position":1,"name":"In\u00edcio","item":"https:\/\/aconteceunovale.com.br\/portal\/"},{"@type":"ListItem","position":2,"name":"Hor\u00e1rio de ver\u00e3o come\u00e7a dia 19 de outubro"}]},{"@type":"WebSite","@id":"https:\/\/aconteceunovale.com.br\/portal\/#website","url":"https:\/\/aconteceunovale.com.br\/portal\/","name":"Aconteceu no Vale","description":"Portal de Not\u00edcias","potentialAction":[{"@type":"SearchAction","target":{"@type":"EntryPoint","urlTemplate":"https:\/\/aconteceunovale.com.br\/portal\/?s={search_term_string}"},"query-input":{"@type":"PropertyValueSpecification","valueRequired":true,"valueName":"search_term_string"}}],"inLanguage":"pt-BR"},{"@type":"Person","@id":"https:\/\/aconteceunovale.com.br\/portal\/#\/schema\/person\/633529146f2c94272bef50ac2953d589","name":"Aconteceu no Vale","description":"Equipe de reportagem do Aconteceu no Vale, portal de not\u00edcias do Vale do Jequitinhonha, em Minas Gerais. Cobrimos as 51 cidades do Vale desde 2013. Sugest\u00f5es de pauta e pedidos de corre\u00e7\u00e3o: contato@aconteceunovale.com.br","sameAs":["http:\/\/www.aconteceunovale.com.br"],"url":"https:\/\/aconteceunovale.com.br\/portal\/?author=1"}]}},"_links":{"self":[{"href":"https:\/\/aconteceunovale.com.br\/portal\/index.php?rest_route=\/wp\/v2\/posts\/41060","targetHints":{"allow":["GET"]}}],"collection":[{"href":"https:\/\/aconteceunovale.com.br\/portal\/index.php?rest_route=\/wp\/v2\/posts"}],"about":[{"href":"https:\/\/aconteceunovale.com.br\/portal\/index.php?rest_route=\/wp\/v2\/types\/post"}],"author":[{"embeddable":true,"href":"https:\/\/aconteceunovale.com.br\/portal\/index.php?rest_route=\/wp\/v2\/users\/1"}],"replies":[{"embeddable":true,"href":"https:\/\/aconteceunovale.com.br\/portal\/index.php?rest_route=%2Fwp%2Fv2%2Fcomments&post=41060"}],"version-history":[{"count":0,"href":"https:\/\/aconteceunovale.com.br\/portal\/index.php?rest_route=\/wp\/v2\/posts\/41060\/revisions"}],"wp:featuredmedia":[{"embeddable":true,"href":"https:\/\/aconteceunovale.com.br\/portal\/index.php?rest_route=\/wp\/v2\/media\/41061"}],"wp:attachment":[{"href":"https:\/\/aconteceunovale.com.br\/portal\/index.php?rest_route=%2Fwp%2Fv2%2Fmedia&parent=41060"}],"wp:term":[{"taxonomy":"category","embeddable":true,"href":"https:\/\/aconteceunovale.com.br\/portal\/index.php?rest_route=%2Fwp%2Fv2%2Fcategories&post=41060"},{"taxonomy":"post_tag","embeddable":true,"href":"https:\/\/aconteceunovale.com.br\/portal\/index.php?rest_route=%2Fwp%2Fv2%2Ftags&post=41060"}],"curies":[{"name":"wp","href":"https:\/\/api.w.org\/{rel}","templated":true}]}}