{"id":41036,"date":"2014-10-01T20:22:00","date_gmt":"2014-10-01T23:22:00","guid":{"rendered":"http:\/\/aconteceunovale.com.br\/portal\/?p=41036"},"modified":"2014-10-01T20:22:00","modified_gmt":"2014-10-01T23:22:00","slug":"confira-o-que-fica-proibido-de-quinta-a-domingo-pela-justica-eleitoral","status":"publish","type":"post","link":"https:\/\/aconteceunovale.com.br\/portal\/?p=41036","title":{"rendered":"Confira o que fica proibido de quinta a domingo pela Justi\u00e7a Eleitoral"},"content":{"rendered":"<p>Com a proximidade do primeiro turno das elei\u00e7\u00f5es no domingo (5), a Justi\u00e7a Eleitoral tem algumas regras que n\u00e3o podem ser esquecidas por candidatos, partidos pol\u00edticos e coliga\u00e7\u00f5es.<\/p>\n<p>Segundo a Lei Eleitoral, amanh\u00e3 (2) \u00e9 o \u00faltimo dia para a exibi\u00e7\u00e3o da propaganda eleitoral gratuita no r\u00e1dio e na televis\u00e3o. \u00c9 tamb\u00e9m o prazo final para os candidatos fazerem reuni\u00f5es p\u00fablicas de campanha, com\u00edcios e para a utiliza\u00e7\u00e3o de aparelhagem de som fixa, entre as 8h e a meia-noite.<\/p>\n<p>Quinta-feira tamb\u00e9m \u00e9 a data limite para a realiza\u00e7\u00e3o de debates pol\u00edticos na televis\u00e3o ou no r\u00e1dio. Debates iniciados no dia 2 podem se estender, no m\u00e1ximo, at\u00e9 as 7h do dia 3 de outubro. Tamb\u00e9m at\u00e9 amanh\u00e3, partidos pol\u00edticos e coliga\u00e7\u00f5es ter\u00e3o que indicar \u00e0 Justi\u00e7a Eleitoral o nome das pessoas autorizadas a expedir as credenciais dos fiscais e delegados de partido que estar\u00e3o habilitados a acmpanhar os trabalhos de vota\u00e7\u00e3o.<\/p>\n<p>Sexta-feira (3) ser\u00e1 a data limite para que se fa\u00e7a a divulga\u00e7\u00e3o paga, na imprensa escrita, a reprodu\u00e7\u00e3o na internet do jornal impresso, de propaganda eleitoral. Ainda nesta sexta-feira, os presidentes de mesa que n\u00e3o tiverem recebido o material destinado \u00e0 vota\u00e7\u00e3o dever\u00e3o comunicar a falha ao juiz eleitoral.<\/p>\n<p>No s\u00e1bado (4), termina a propaganda eleitoral com uso de alto-falantes ou amplificadores de som, entre as 8h e as 22h. Carreatas, caminhadas, passeatas e a distribui\u00e7\u00e3o de material gr\u00e1fico tamb\u00e9m s\u00f3 poder\u00e3o ser feitos at\u00e9 as 22h deste s\u00e1bado.<\/p>\n<p>Desde ter\u00e7a-feira (30), at\u00e9 48 horas depois do encerramento da vota\u00e7\u00e3o, nenhum eleitor pode ser preso ou detido, salvo em flagrante delito ou em virtude de senten\u00e7a criminal condenat\u00f3ria por crime inafian\u00e7\u00e1vel, ou ainda por desrespeito a salvo-conduto. A proibi\u00e7\u00e3o de pris\u00e3o de candidatos est\u00e1 em vigor desde o \u00faltimo dia 20. No entanto, quem concorre a cargo eletivo pode ser detido ou preso em caso de flagrante delito.<\/p>\n<p>Segundo o Tribunal Superior Eleitoral, a compet\u00eancia para proibir a venda de bebidas alco\u00f3licas no dia da vota\u00e7\u00e3o \u00e9 da Secretaria de Seguran\u00e7a P\u00fablica de cada estado, munic\u00edpio ou do Distrito Federal. (Ag\u00eancia Brasil)<\/p>\n","protected":false},"excerpt":{"rendered":"<p>Com a proximidade do primeiro turno das elei\u00e7\u00f5es no domingo (5), a Justi\u00e7a Eleitoral tem algumas regras que n\u00e3o podem ser esquecidas por candidatos, partidos pol\u00edticos e coliga\u00e7\u00f5es. Segundo a Lei Eleitoral, amanh\u00e3 (2) \u00e9 o \u00faltimo dia para a exibi\u00e7\u00e3o da propaganda eleitoral gratuita no r\u00e1dio e na televis\u00e3o. \u00c9 tamb\u00e9m o prazo final [&hellip;]<\/p>\n","protected":false},"author":1,"featured_media":32754,"comment_status":"open","ping_status":"closed","sticky":false,"template":"","format":"standard","meta":{"amp_status":"","footnotes":""},"categories":[6],"tags":[17164,17165],"class_list":["post-41036","post","type-post","status-publish","format-standard","has-post-thumbnail","hentry","category-br","tag-confira-o-que-fica-proibido-de-quinta-a-domingo-pela-justica-eleitoral","tag-justica-eleitoral"],"yoast_head":"<!-- This site is optimized with the Yoast SEO plugin v28.3 - https:\/\/yoast.com\/product\/yoast-seo-wordpress\/ -->\n<title>Confira o que fica proibido de quinta a domingo pela Justi\u00e7a Eleitoral - Aconteceu no Vale<\/title>\n<meta name=\"robots\" content=\"index, follow, max-snippet:-1, max-image-preview:large, max-video-preview:-1\" \/>\n<link rel=\"canonical\" href=\"https:\/\/aconteceunovale.com.br\/portal\/?p=41036\" \/>\n<meta property=\"og:locale\" content=\"pt_BR\" \/>\n<meta property=\"og:type\" content=\"article\" \/>\n<meta property=\"og:title\" content=\"Confira o que fica proibido de quinta a domingo pela Justi\u00e7a Eleitoral - Aconteceu no Vale\" \/>\n<meta property=\"og:description\" content=\"Com a proximidade do primeiro turno das elei\u00e7\u00f5es no domingo (5), a Justi\u00e7a Eleitoral tem algumas regras que n\u00e3o podem ser esquecidas por candidatos, partidos pol\u00edticos e coliga\u00e7\u00f5es. Segundo a Lei Eleitoral, amanh\u00e3 (2) \u00e9 o \u00faltimo dia para a exibi\u00e7\u00e3o da propaganda eleitoral gratuita no r\u00e1dio e na televis\u00e3o. \u00c9 tamb\u00e9m o prazo final [&hellip;]\" \/>\n<meta property=\"og:url\" content=\"https:\/\/aconteceunovale.com.br\/portal\/?p=41036\" \/>\n<meta property=\"og:site_name\" content=\"Aconteceu no Vale\" \/>\n<meta property=\"article:publisher\" content=\"https:\/\/www.facebook.com\/aconteceunovale\/\" \/>\n<meta property=\"article:published_time\" content=\"2014-10-01T23:22:00+00:00\" \/>\n<meta property=\"og:image\" content=\"https:\/\/aconteceunovale.com.br\/portal\/wp-content\/uploads\/2014\/06\/eleicoes_14.jpg\" \/>\n\t<meta property=\"og:image:width\" content=\"411\" \/>\n\t<meta property=\"og:image:height\" content=\"263\" \/>\n\t<meta property=\"og:image:type\" content=\"image\/jpeg\" \/>\n<meta name=\"author\" content=\"Aconteceu no Vale\" \/>\n<meta name=\"twitter:card\" content=\"summary_large_image\" \/>\n<meta name=\"twitter:creator\" content=\"@noticiadosvales\" \/>\n<meta name=\"twitter:site\" content=\"@noticiadosvales\" \/>\n<meta name=\"twitter:label1\" content=\"Escrito por\" \/>\n\t<meta name=\"twitter:data1\" content=\"Aconteceu no Vale\" \/>\n\t<meta name=\"twitter:label2\" content=\"Est. tempo de leitura\" \/>\n\t<meta name=\"twitter:data2\" content=\"2 minutos\" \/>\n<script type=\"application\/ld+json\" class=\"yoast-schema-graph\">{\"@context\":\"https:\\\/\\\/schema.org\",\"@graph\":[{\"@type\":\"Article\",\"@id\":\"https:\\\/\\\/aconteceunovale.com.br\\\/portal\\\/?p=41036#article\",\"isPartOf\":{\"@id\":\"https:\\\/\\\/aconteceunovale.com.br\\\/portal\\\/?p=41036\"},\"author\":{\"name\":\"Aconteceu no Vale\",\"@id\":\"https:\\\/\\\/aconteceunovale.com.br\\\/portal\\\/#\\\/schema\\\/person\\\/633529146f2c94272bef50ac2953d589\"},\"headline\":\"Confira o que fica proibido de quinta a domingo pela Justi\u00e7a Eleitoral\",\"datePublished\":\"2014-10-01T23:22:00+00:00\",\"mainEntityOfPage\":{\"@id\":\"https:\\\/\\\/aconteceunovale.com.br\\\/portal\\\/?p=41036\"},\"wordCount\":393,\"commentCount\":0,\"image\":{\"@id\":\"https:\\\/\\\/aconteceunovale.com.br\\\/portal\\\/?p=41036#primaryimage\"},\"thumbnailUrl\":\"https:\\\/\\\/aconteceunovale.com.br\\\/portal\\\/wp-content\\\/uploads\\\/2014\\\/06\\\/eleicoes_14.jpg\",\"keywords\":[\"Confira o que fica proibido de quinta a domingo pela Justi\u00e7a Eleitoral\",\"Justi\u00e7a Eleitoral\"],\"articleSection\":[\"Brasil\"],\"inLanguage\":\"pt-BR\",\"potentialAction\":[{\"@type\":\"CommentAction\",\"name\":\"Comment\",\"target\":[\"https:\\\/\\\/aconteceunovale.com.br\\\/portal\\\/?p=41036#respond\"]}]},{\"@type\":\"WebPage\",\"@id\":\"https:\\\/\\\/aconteceunovale.com.br\\\/portal\\\/?p=41036\",\"url\":\"https:\\\/\\\/aconteceunovale.com.br\\\/portal\\\/?p=41036\",\"name\":\"Confira o que fica proibido de quinta a domingo pela Justi\u00e7a Eleitoral - Aconteceu no Vale\",\"isPartOf\":{\"@id\":\"https:\\\/\\\/aconteceunovale.com.br\\\/portal\\\/#website\"},\"primaryImageOfPage\":{\"@id\":\"https:\\\/\\\/aconteceunovale.com.br\\\/portal\\\/?p=41036#primaryimage\"},\"image\":{\"@id\":\"https:\\\/\\\/aconteceunovale.com.br\\\/portal\\\/?p=41036#primaryimage\"},\"thumbnailUrl\":\"https:\\\/\\\/aconteceunovale.com.br\\\/portal\\\/wp-content\\\/uploads\\\/2014\\\/06\\\/eleicoes_14.jpg\",\"datePublished\":\"2014-10-01T23:22:00+00:00\",\"author\":{\"@id\":\"https:\\\/\\\/aconteceunovale.com.br\\\/portal\\\/#\\\/schema\\\/person\\\/633529146f2c94272bef50ac2953d589\"},\"breadcrumb\":{\"@id\":\"https:\\\/\\\/aconteceunovale.com.br\\\/portal\\\/?p=41036#breadcrumb\"},\"inLanguage\":\"pt-BR\",\"potentialAction\":[{\"@type\":\"ReadAction\",\"target\":[\"https:\\\/\\\/aconteceunovale.com.br\\\/portal\\\/?p=41036\"]}]},{\"@type\":\"ImageObject\",\"inLanguage\":\"pt-BR\",\"@id\":\"https:\\\/\\\/aconteceunovale.com.br\\\/portal\\\/?p=41036#primaryimage\",\"url\":\"https:\\\/\\\/aconteceunovale.com.br\\\/portal\\\/wp-content\\\/uploads\\\/2014\\\/06\\\/eleicoes_14.jpg\",\"contentUrl\":\"https:\\\/\\\/aconteceunovale.com.br\\\/portal\\\/wp-content\\\/uploads\\\/2014\\\/06\\\/eleicoes_14.jpg\",\"width\":411,\"height\":263},{\"@type\":\"BreadcrumbList\",\"@id\":\"https:\\\/\\\/aconteceunovale.com.br\\\/portal\\\/?p=41036#breadcrumb\",\"itemListElement\":[{\"@type\":\"ListItem\",\"position\":1,\"name\":\"In\u00edcio\",\"item\":\"https:\\\/\\\/aconteceunovale.com.br\\\/portal\\\/\"},{\"@type\":\"ListItem\",\"position\":2,\"name\":\"Confira o que fica proibido de quinta a domingo pela Justi\u00e7a Eleitoral\"}]},{\"@type\":\"WebSite\",\"@id\":\"https:\\\/\\\/aconteceunovale.com.br\\\/portal\\\/#website\",\"url\":\"https:\\\/\\\/aconteceunovale.com.br\\\/portal\\\/\",\"name\":\"Aconteceu no Vale\",\"description\":\"Portal de Not\u00edcias\",\"potentialAction\":[{\"@type\":\"SearchAction\",\"target\":{\"@type\":\"EntryPoint\",\"urlTemplate\":\"https:\\\/\\\/aconteceunovale.com.br\\\/portal\\\/?s={search_term_string}\"},\"query-input\":{\"@type\":\"PropertyValueSpecification\",\"valueRequired\":true,\"valueName\":\"search_term_string\"}}],\"inLanguage\":\"pt-BR\"},{\"@type\":\"Person\",\"@id\":\"https:\\\/\\\/aconteceunovale.com.br\\\/portal\\\/#\\\/schema\\\/person\\\/633529146f2c94272bef50ac2953d589\",\"name\":\"Aconteceu no Vale\",\"description\":\"Equipe de reportagem do Aconteceu no Vale, portal de not\u00edcias do Vale do Jequitinhonha, em Minas Gerais. Cobrimos as 51 cidades do Vale desde 2013. Sugest\u00f5es de pauta e pedidos de corre\u00e7\u00e3o: contato@aconteceunovale.com.br\",\"sameAs\":[\"http:\\\/\\\/www.aconteceunovale.com.br\"],\"url\":\"https:\\\/\\\/aconteceunovale.com.br\\\/portal\\\/?author=1\"}]}<\/script>\n<!-- \/ Yoast SEO plugin. -->","yoast_head_json":{"title":"Confira o que fica proibido de quinta a domingo pela Justi\u00e7a Eleitoral - Aconteceu no Vale","robots":{"index":"index","follow":"follow","max-snippet":"max-snippet:-1","max-image-preview":"max-image-preview:large","max-video-preview":"max-video-preview:-1"},"canonical":"https:\/\/aconteceunovale.com.br\/portal\/?p=41036","og_locale":"pt_BR","og_type":"article","og_title":"Confira o que fica proibido de quinta a domingo pela Justi\u00e7a Eleitoral - Aconteceu no Vale","og_description":"Com a proximidade do primeiro turno das elei\u00e7\u00f5es no domingo (5), a Justi\u00e7a Eleitoral tem algumas regras que n\u00e3o podem ser esquecidas por candidatos, partidos pol\u00edticos e coliga\u00e7\u00f5es. Segundo a Lei Eleitoral, amanh\u00e3 (2) \u00e9 o \u00faltimo dia para a exibi\u00e7\u00e3o da propaganda eleitoral gratuita no r\u00e1dio e na televis\u00e3o. \u00c9 tamb\u00e9m o prazo final [&hellip;]","og_url":"https:\/\/aconteceunovale.com.br\/portal\/?p=41036","og_site_name":"Aconteceu no Vale","article_publisher":"https:\/\/www.facebook.com\/aconteceunovale\/","article_published_time":"2014-10-01T23:22:00+00:00","og_image":[{"width":411,"height":263,"url":"https:\/\/aconteceunovale.com.br\/portal\/wp-content\/uploads\/2014\/06\/eleicoes_14.jpg","type":"image\/jpeg"}],"author":"Aconteceu no Vale","twitter_card":"summary_large_image","twitter_creator":"@noticiadosvales","twitter_site":"@noticiadosvales","twitter_misc":{"Escrito por":"Aconteceu no Vale","Est. tempo de leitura":"2 minutos"},"schema":{"@context":"https:\/\/schema.org","@graph":[{"@type":"Article","@id":"https:\/\/aconteceunovale.com.br\/portal\/?p=41036#article","isPartOf":{"@id":"https:\/\/aconteceunovale.com.br\/portal\/?p=41036"},"author":{"name":"Aconteceu no Vale","@id":"https:\/\/aconteceunovale.com.br\/portal\/#\/schema\/person\/633529146f2c94272bef50ac2953d589"},"headline":"Confira o que fica proibido de quinta a domingo pela Justi\u00e7a Eleitoral","datePublished":"2014-10-01T23:22:00+00:00","mainEntityOfPage":{"@id":"https:\/\/aconteceunovale.com.br\/portal\/?p=41036"},"wordCount":393,"commentCount":0,"image":{"@id":"https:\/\/aconteceunovale.com.br\/portal\/?p=41036#primaryimage"},"thumbnailUrl":"https:\/\/aconteceunovale.com.br\/portal\/wp-content\/uploads\/2014\/06\/eleicoes_14.jpg","keywords":["Confira o que fica proibido de quinta a domingo pela Justi\u00e7a Eleitoral","Justi\u00e7a Eleitoral"],"articleSection":["Brasil"],"inLanguage":"pt-BR","potentialAction":[{"@type":"CommentAction","name":"Comment","target":["https:\/\/aconteceunovale.com.br\/portal\/?p=41036#respond"]}]},{"@type":"WebPage","@id":"https:\/\/aconteceunovale.com.br\/portal\/?p=41036","url":"https:\/\/aconteceunovale.com.br\/portal\/?p=41036","name":"Confira o que fica proibido de quinta a domingo pela Justi\u00e7a Eleitoral - Aconteceu no Vale","isPartOf":{"@id":"https:\/\/aconteceunovale.com.br\/portal\/#website"},"primaryImageOfPage":{"@id":"https:\/\/aconteceunovale.com.br\/portal\/?p=41036#primaryimage"},"image":{"@id":"https:\/\/aconteceunovale.com.br\/portal\/?p=41036#primaryimage"},"thumbnailUrl":"https:\/\/aconteceunovale.com.br\/portal\/wp-content\/uploads\/2014\/06\/eleicoes_14.jpg","datePublished":"2014-10-01T23:22:00+00:00","author":{"@id":"https:\/\/aconteceunovale.com.br\/portal\/#\/schema\/person\/633529146f2c94272bef50ac2953d589"},"breadcrumb":{"@id":"https:\/\/aconteceunovale.com.br\/portal\/?p=41036#breadcrumb"},"inLanguage":"pt-BR","potentialAction":[{"@type":"ReadAction","target":["https:\/\/aconteceunovale.com.br\/portal\/?p=41036"]}]},{"@type":"ImageObject","inLanguage":"pt-BR","@id":"https:\/\/aconteceunovale.com.br\/portal\/?p=41036#primaryimage","url":"https:\/\/aconteceunovale.com.br\/portal\/wp-content\/uploads\/2014\/06\/eleicoes_14.jpg","contentUrl":"https:\/\/aconteceunovale.com.br\/portal\/wp-content\/uploads\/2014\/06\/eleicoes_14.jpg","width":411,"height":263},{"@type":"BreadcrumbList","@id":"https:\/\/aconteceunovale.com.br\/portal\/?p=41036#breadcrumb","itemListElement":[{"@type":"ListItem","position":1,"name":"In\u00edcio","item":"https:\/\/aconteceunovale.com.br\/portal\/"},{"@type":"ListItem","position":2,"name":"Confira o que fica proibido de quinta a domingo pela Justi\u00e7a Eleitoral"}]},{"@type":"WebSite","@id":"https:\/\/aconteceunovale.com.br\/portal\/#website","url":"https:\/\/aconteceunovale.com.br\/portal\/","name":"Aconteceu no Vale","description":"Portal de Not\u00edcias","potentialAction":[{"@type":"SearchAction","target":{"@type":"EntryPoint","urlTemplate":"https:\/\/aconteceunovale.com.br\/portal\/?s={search_term_string}"},"query-input":{"@type":"PropertyValueSpecification","valueRequired":true,"valueName":"search_term_string"}}],"inLanguage":"pt-BR"},{"@type":"Person","@id":"https:\/\/aconteceunovale.com.br\/portal\/#\/schema\/person\/633529146f2c94272bef50ac2953d589","name":"Aconteceu no Vale","description":"Equipe de reportagem do Aconteceu no Vale, portal de not\u00edcias do Vale do Jequitinhonha, em Minas Gerais. Cobrimos as 51 cidades do Vale desde 2013. Sugest\u00f5es de pauta e pedidos de corre\u00e7\u00e3o: contato@aconteceunovale.com.br","sameAs":["http:\/\/www.aconteceunovale.com.br"],"url":"https:\/\/aconteceunovale.com.br\/portal\/?author=1"}]}},"_links":{"self":[{"href":"https:\/\/aconteceunovale.com.br\/portal\/index.php?rest_route=\/wp\/v2\/posts\/41036","targetHints":{"allow":["GET"]}}],"collection":[{"href":"https:\/\/aconteceunovale.com.br\/portal\/index.php?rest_route=\/wp\/v2\/posts"}],"about":[{"href":"https:\/\/aconteceunovale.com.br\/portal\/index.php?rest_route=\/wp\/v2\/types\/post"}],"author":[{"embeddable":true,"href":"https:\/\/aconteceunovale.com.br\/portal\/index.php?rest_route=\/wp\/v2\/users\/1"}],"replies":[{"embeddable":true,"href":"https:\/\/aconteceunovale.com.br\/portal\/index.php?rest_route=%2Fwp%2Fv2%2Fcomments&post=41036"}],"version-history":[{"count":0,"href":"https:\/\/aconteceunovale.com.br\/portal\/index.php?rest_route=\/wp\/v2\/posts\/41036\/revisions"}],"wp:featuredmedia":[{"embeddable":true,"href":"https:\/\/aconteceunovale.com.br\/portal\/index.php?rest_route=\/wp\/v2\/media\/32754"}],"wp:attachment":[{"href":"https:\/\/aconteceunovale.com.br\/portal\/index.php?rest_route=%2Fwp%2Fv2%2Fmedia&parent=41036"}],"wp:term":[{"taxonomy":"category","embeddable":true,"href":"https:\/\/aconteceunovale.com.br\/portal\/index.php?rest_route=%2Fwp%2Fv2%2Fcategories&post=41036"},{"taxonomy":"post_tag","embeddable":true,"href":"https:\/\/aconteceunovale.com.br\/portal\/index.php?rest_route=%2Fwp%2Fv2%2Ftags&post=41036"}],"curies":[{"name":"wp","href":"https:\/\/api.w.org\/{rel}","templated":true}]}}