{"id":40978,"date":"2014-10-01T10:07:48","date_gmt":"2014-10-01T13:07:48","guid":{"rendered":"http:\/\/aconteceunovale.com.br\/portal\/?p=40978"},"modified":"2014-10-01T10:07:48","modified_gmt":"2014-10-01T13:07:48","slug":"conselho-de-politica-ambiental-libera-mina-da-anglo-american-em-conceicao-do-mato-dentro","status":"publish","type":"post","link":"https:\/\/aconteceunovale.com.br\/portal\/?p=40978","title":{"rendered":"Conselho de Pol\u00edtica Ambiental libera mina da Anglo American em Concei\u00e7\u00e3o do Mato Dentro"},"content":{"rendered":"<p>A Anglo American recebeu na \u00faltima segunda-feira aval do \u00f3rg\u00e3o ambiental para iniciar a explora\u00e7\u00e3o de min\u00e9rio de ferro e operar unidade de beneficiamento em sua mina no munic\u00edpio de Concei\u00e7\u00e3o do Mato Dentro, a 167 quil\u00f4metros de Belo Horizonte. A Licen\u00e7a de Opera\u00e7\u00e3o (LO) foi concedida em reuni\u00e3o do Conselho de Pol\u00edtica Ambiental (Copam), que terminou com 15 votos favor\u00e1veis e quatro contr\u00e1rios. A mina tem capacidade para 26,5 milh\u00f5es de toneladas de min\u00e9rio de ferro anuais e dever\u00e1 empregar 713 trabalhadores.<\/p>\n<p>A mina e a planta de beneficiamento integram o projeto Minas-Rio, que tem um custo total de US$ 15,8 bilh\u00f5es e \u00e9 composto, al\u00e9m da mina, por um mineroduto de 529 quil\u00f4metros, respons\u00e1vel por escoar a produ\u00e7\u00e3o do munic\u00edpio mineiro ao Porto de A\u00e7u, em S\u00e3o Jo\u00e3o da Barra, no Rio de Janeiro. Ainda faz parte do projeto o pr\u00f3prio terminal portu\u00e1rio, onde a companhia \u00e9 dona de 50%.<\/p>\n<p><img decoding=\"async\" src=\"http:\/\/aconteceunovale.com.br\/portal\/wp-content\/uploads\/2014\/10\/minas_ferro_cmd.jpg\" alt=\"\" \/><em>Vista a\u00e9rea da mina de ferro da Anglo American em Concei\u00e7\u00e3o do Mato Dentro &#8211; Foto: Divulga\u00e7\u00e3o<\/em><br \/>\n<\/br><\/p>\n<p>A vota\u00e7\u00e3o da LO da mina estava inicialmente programada para o dia 18 de setembro, mas ap\u00f3s pedido de vistas, ficou remarcada para o dia 29. O Minist\u00e9rio P\u00fablico de Minas Gerais (MPMG), que votou contr\u00e1rio ao deferimento da licen\u00e7a, alertou para o entendimento de a LO ser considerada nula. O promotor Felipe Faria de Oliveira, em seu relat\u00f3rio de vistas, alega que o Sistema Integrado de Informa\u00e7\u00f5es Ambientais (Siam), \u00f3rg\u00e3o subordinado \u00e0 Secretaria de Estado de Meio Ambiente (Semad), n\u00e3o disponibilizou, como prev\u00ea a legisla\u00e7\u00e3o, informa\u00e7\u00f5es em seu site sobre estudos ambientais e o relat\u00f3rio do cumprimento das condicionantes impostas durante o licenciamento. O MP informou que analisa a\u00e7\u00f5es que ainda podem ser tomadas pelo \u00f3rg\u00e3o.<\/p>\n<p>A opera\u00e7\u00e3o integrada do projeto Minas-Rio passa a depender agora apenas da convers\u00e3o em definitiva da Autoriza\u00e7\u00e3o Provis\u00f3ria de Opera\u00e7\u00e3o (APO) concedida para a linha de transmiss\u00e3o. A Anglo American tem compromisso para embarque de min\u00e9rio de ferro ainda este ano.<br \/>\nCen\u00e1rio<\/p>\n<p>O custo de produ\u00e7\u00e3o da Anglo American em Concei\u00e7\u00e3o do Mato Dentro ser\u00e1 de US$ 30 por tonelada, segundo j\u00e1 informou a empresa anteriormente, e de US$ 50 considerando produto entregue em porto chin\u00eas. O plano, que ficou mais caro que o previsto inicialmente, e enfrentou dificuldades como a interrup\u00e7\u00e3o das obras por decis\u00e3o judicial, agora enfrenta o cen\u00e1rio de deprecia\u00e7\u00e3o do pre\u00e7o do min\u00e9rio, que abriu a semana com a menor cota\u00e7\u00e3o desde setembro de 2009, a US$ 77,7 por tonelada.<\/p>\n<h4>Vida \u00fatil \u00e9 estimada em 60 anos<\/h4>\n<p>A vida \u00fatil da mina em Concei\u00e7\u00e3o do Mato Dentro \u00e9 estimada entre 50 e 60 anos de explora\u00e7\u00e3o. O min\u00e9rio sai da mina com aproximadamente 39% de ferro e, ap\u00f3s o processo de concentra\u00e7\u00e3o, atingir\u00e1 67,5%.<\/p>\n<p>A capacidade de 26,5 milh\u00f5es de toneladas de min\u00e9rio de ferro ao ano ser\u00e1 atingida em cerca de 20 meses. Os embarques j\u00e1 acordados est\u00e3o em linha com o aumento gradual da produ\u00e7\u00e3o. <em>(Hoje em Dia)<\/em><\/p>\n","protected":false},"excerpt":{"rendered":"<p>A Anglo American recebeu na \u00faltima segunda-feira aval do \u00f3rg\u00e3o ambiental para iniciar a explora\u00e7\u00e3o de min\u00e9rio de ferro e operar unidade de beneficiamento em sua mina no munic\u00edpio de Concei\u00e7\u00e3o do Mato Dentro, a 167 quil\u00f4metros de Belo Horizonte. A Licen\u00e7a de Opera\u00e7\u00e3o (LO) foi concedida em reuni\u00e3o do Conselho de Pol\u00edtica Ambiental (Copam), [&hellip;]<\/p>\n","protected":false},"author":1,"featured_media":40979,"comment_status":"open","ping_status":"closed","sticky":false,"template":"","format":"standard","meta":{"amp_status":"","footnotes":""},"categories":[123],"tags":[537,17101,194,628,17102],"class_list":["post-40978","post","type-post","status-publish","format-standard","has-post-thumbnail","hentry","category-gerais","tag-anglo-american","tag-anglo-american-recebeu-na-ultima-segunda-feira-aval-do-orgao-ambiental-para-iniciar-a-exploracao-de-minerio-de-ferro-e-operar-unidade-de-beneficiamento-em-sua-mina-no-municipio-de-conceicao-do-mato-de","tag-belo-horizonte","tag-conceicao-do-mato-dentro","tag-conselho-de-politica-ambiental-libera-mina-da-anglo-american-em-conceicao-do-mato-dentro"],"_links":{"self":[{"href":"https:\/\/aconteceunovale.com.br\/portal\/index.php?rest_route=\/wp\/v2\/posts\/40978","targetHints":{"allow":["GET"]}}],"collection":[{"href":"https:\/\/aconteceunovale.com.br\/portal\/index.php?rest_route=\/wp\/v2\/posts"}],"about":[{"href":"https:\/\/aconteceunovale.com.br\/portal\/index.php?rest_route=\/wp\/v2\/types\/post"}],"author":[{"embeddable":true,"href":"https:\/\/aconteceunovale.com.br\/portal\/index.php?rest_route=\/wp\/v2\/users\/1"}],"replies":[{"embeddable":true,"href":"https:\/\/aconteceunovale.com.br\/portal\/index.php?rest_route=%2Fwp%2Fv2%2Fcomments&post=40978"}],"version-history":[{"count":0,"href":"https:\/\/aconteceunovale.com.br\/portal\/index.php?rest_route=\/wp\/v2\/posts\/40978\/revisions"}],"wp:featuredmedia":[{"embeddable":true,"href":"https:\/\/aconteceunovale.com.br\/portal\/index.php?rest_route=\/wp\/v2\/media\/40979"}],"wp:attachment":[{"href":"https:\/\/aconteceunovale.com.br\/portal\/index.php?rest_route=%2Fwp%2Fv2%2Fmedia&parent=40978"}],"wp:term":[{"taxonomy":"category","embeddable":true,"href":"https:\/\/aconteceunovale.com.br\/portal\/index.php?rest_route=%2Fwp%2Fv2%2Fcategories&post=40978"},{"taxonomy":"post_tag","embeddable":true,"href":"https:\/\/aconteceunovale.com.br\/portal\/index.php?rest_route=%2Fwp%2Fv2%2Ftags&post=40978"}],"curies":[{"name":"wp","href":"https:\/\/api.w.org\/{rel}","templated":true}]}}