{"id":40975,"date":"2014-10-01T09:53:34","date_gmt":"2014-10-01T12:53:34","guid":{"rendered":"http:\/\/aconteceunovale.com.br\/portal\/?p=40975"},"modified":"2014-10-01T09:53:34","modified_gmt":"2014-10-01T12:53:34","slug":"plantao-samu-macro-norte-30-de-setembro-montes-clarosmg","status":"publish","type":"post","link":"https:\/\/aconteceunovale.com.br\/portal\/?p=40975","title":{"rendered":"Plant\u00e3o SAMU Macro Norte \u2013 30 de setembro \u2013 Montes Claros\/MG"},"content":{"rendered":"<h4><strong><em>Ter\u00e7a-feira, 30 de setembro de 2014<\/em><\/strong><\/h4>\n<p>A unidade do SAMU de Montes Claros realizou na ter\u00e7a-feira, 30\/09, 40 atendimentos, sendo 31 casos cl\u00ednicos, 08 em decorr\u00eancia de por acidente de tr\u00e2nsito, todos envolvendo motocicleta, e 01 por acidente de trabalho.<\/p>\n<p>Duas pessoas ficaram feridas em acidente ocorrido por volta das 21h40, no bairro Major Prates, envolvendo uma moto e uma bicicleta. O ciclista, de 12 anos, sofreu corte contuso na perna esquerda, sem sinais de fratura. O motociclista, de 18 anos, sofreu escoria\u00e7\u00f5es nos bra\u00e7os e pernas, sem sinais de fratura.<\/p>\n<p>\u00c0s 19h20, a unidade do SAMU foi acionada para atendimento a um homem de 64 aos, que transitava de moto na Avenida S\u00e3o Judas, bairro Maria C\u00e2ndida, e ficou ferido ap\u00f3s colidir contra um carro. Ele se queixava de dor no bra\u00e7o esquerdo, sem sinais de fratura. <\/p>\n<p>Por volta das 18h25, um rapaz de 20 anos, que transitava de moto no bairro Jardim Primavera, ficou ap\u00f3s colidir contra um carro. Ele apresentava edema no punho esquerdo, se queixando de dor intensa. <\/p>\n<p>\u00c0s 10h49, a unidade do SAMU foi acionada para atendimento a uma v\u00edtima de colis\u00e3o entre caminh\u00e3o e moto, na Avenida Jo\u00e3o XXII, em frente \u00e0 F\u00e1brica de Cimento, no bairro Distrito Industrial. No local os socorristas encontraram o motociclista politraumatizado, ap\u00f3s ser atropelado pelo caminh\u00e3o, com fraturas em v\u00e1rios membros, coluna vertebral e cr\u00e2nio, sendo constatado \u00f3bito no local. <\/p>\n<p>Duas pessoas ficaram feridas em acidente ocorrido por volta das 9h10, envolvendo uma moto e um carro, no bairro Alcides Rabelo. O motociclista, de 44 anos, apresentava sangramento pelo nariz e sinal de fratura na perna esquerda. Um rapaz, de 14 anos, que estava na garupa da moto, sofreu escoria\u00e7\u00f5es nos bra\u00e7os e pernas, sem sinais de fratura.<\/p>\n<p>\u00c0s 09 horas, um homem de 34 anos caiu de moto na estrada que d\u00e1 acesso \u00e0 comunidade de Gameleiras, regi\u00e3o rural de Montes Claros. Ele n\u00e3o apresentava nenhum ferimento aparente, mas foi conduzido ao hospital para avalia\u00e7\u00e3o.<\/p>\n<p>\u00c0s 8h10, a unidade do SAMU foi acionada para atendimento a um homem de 50 anos, que sofreu trauma do bra\u00e7o direito, com mutila\u00e7\u00e3o na altura do cotovelo, provocada por m\u00e1quina agr\u00edcola. O acidente ocorreu na Estrada da Produ\u00e7\u00e3o, regi\u00e3o rural de Montes Claros.<\/p>\n<p>Em todas as ocorr\u00eancias os feridos receberam os primeiros atendimentos no local e foram encaminhados ao hospital para avalia\u00e7\u00e3o.<\/p>\n","protected":false},"excerpt":{"rendered":"<p>Ter\u00e7a-feira, 30 de setembro de 2014 A unidade do SAMU de Montes Claros realizou na ter\u00e7a-feira, 30\/09, 40 atendimentos, sendo 31 casos cl\u00ednicos, 08 em decorr\u00eancia de por acidente de tr\u00e2nsito, todos envolvendo motocicleta, e 01 por acidente de trabalho. Duas pessoas ficaram feridas em acidente ocorrido por volta das 21h40, no bairro Major Prates, [&hellip;]<\/p>\n","protected":false},"author":1,"featured_media":37592,"comment_status":"open","ping_status":"closed","sticky":false,"template":"","format":"standard","meta":{"amp_status":"","footnotes":""},"categories":[1236],"tags":[210,13995,17100],"class_list":["post-40975","post","type-post","status-publish","format-standard","has-post-thumbnail","hentry","category-norte_de_minas","tag-montes-claros","tag-plantao-samu-macro-norte","tag-plantao-samu-macro-norte-30-de-setembro-montes-clarosmg"],"_links":{"self":[{"href":"https:\/\/aconteceunovale.com.br\/portal\/index.php?rest_route=\/wp\/v2\/posts\/40975","targetHints":{"allow":["GET"]}}],"collection":[{"href":"https:\/\/aconteceunovale.com.br\/portal\/index.php?rest_route=\/wp\/v2\/posts"}],"about":[{"href":"https:\/\/aconteceunovale.com.br\/portal\/index.php?rest_route=\/wp\/v2\/types\/post"}],"author":[{"embeddable":true,"href":"https:\/\/aconteceunovale.com.br\/portal\/index.php?rest_route=\/wp\/v2\/users\/1"}],"replies":[{"embeddable":true,"href":"https:\/\/aconteceunovale.com.br\/portal\/index.php?rest_route=%2Fwp%2Fv2%2Fcomments&post=40975"}],"version-history":[{"count":0,"href":"https:\/\/aconteceunovale.com.br\/portal\/index.php?rest_route=\/wp\/v2\/posts\/40975\/revisions"}],"wp:featuredmedia":[{"embeddable":true,"href":"https:\/\/aconteceunovale.com.br\/portal\/index.php?rest_route=\/wp\/v2\/media\/37592"}],"wp:attachment":[{"href":"https:\/\/aconteceunovale.com.br\/portal\/index.php?rest_route=%2Fwp%2Fv2%2Fmedia&parent=40975"}],"wp:term":[{"taxonomy":"category","embeddable":true,"href":"https:\/\/aconteceunovale.com.br\/portal\/index.php?rest_route=%2Fwp%2Fv2%2Fcategories&post=40975"},{"taxonomy":"post_tag","embeddable":true,"href":"https:\/\/aconteceunovale.com.br\/portal\/index.php?rest_route=%2Fwp%2Fv2%2Ftags&post=40975"}],"curies":[{"name":"wp","href":"https:\/\/api.w.org\/{rel}","templated":true}]}}