{"id":40968,"date":"2014-10-01T09:40:09","date_gmt":"2014-10-01T12:40:09","guid":{"rendered":"http:\/\/aconteceunovale.com.br\/portal\/?p=40968"},"modified":"2014-10-01T10:45:13","modified_gmt":"2014-10-01T13:45:13","slug":"mulher-e-brutalmente-assassinada-a-golpes-de-facao-em-rio-pardo-de-minas","status":"publish","type":"post","link":"https:\/\/aconteceunovale.com.br\/portal\/?p=40968","title":{"rendered":"Mulher \u00e9 brutalmente assassinada a golpes de fac\u00e3o em Rio Pardo de Minas"},"content":{"rendered":"<h4><strong><em>V\u00edtima chegou a ser socorrida, mas morreu a caminho do hospital. Cunhado da mulher foi preso e encaminhado \u00e0 delegacia.<\/em><\/strong><\/h4>\n<p>[image src=&#8221;http:\/\/aconteceunovale.com.br\/portal\/wp-content\/uploads\/2014\/10\/homicidio_rpdm_2.jpg&#8221; width=&#8221;200&#8243; height=&#8221;200&#8243; lightbox=&#8221;yes&#8221; align=&#8221;left&#8221; float=&#8221;left&#8221;]Uma mulher foi brutalmente assassinada na tarde de ter\u00e7a-feira, 30 de setembro, no bairro Cidade Alta, em Rio Pardo de Minas, na regi\u00e3o Norte do Estado. Adilson Andrade da Silva, conhecido como \u201cCoelh\u00e3o\u201d, deferiu diversos golpes de fac\u00e3o na cunhada Ilva Dias Almeida. O autor foi preso em flagrante.<\/p>\n<p>De acordo com o boletim de ocorr\u00eancia da Pol\u00edcia Militar, testemunhas contaram aos policiais que a v\u00edtima entrou em uma farm\u00e1cia, localizada na avenida Domingos Portugu\u00eas, com o celular na m\u00e3o. Ela tinha a inten\u00e7\u00e3o de denunciar o cunhado ap\u00f3s um desentendimento.<\/p>\n<p>Por\u00e9m, o homem entrou no estabelecimento e come\u00e7ou a perseguir a v\u00edtima com um fac\u00e3o. A dona de casa tentou se esconder atr\u00e1s do balc\u00e3o, mas foi atingida por tr\u00eas golpes. Em seguida, o suspeito arrastou a cunhada pelos cabelos at\u00e9 o meio da rua e a agrediu mais seis vezes. O criminoso ainda tentou cortar a garganta da mulher.<\/p>\n<p>Populares que tentaram ajudar Ilva foram impedidos pelo agressor, que tamb\u00e9m amea\u00e7ou as outras pessoas com a arma. O bandido s\u00f3 foi contido depois da chegada de um policial que passava pelo local no momento.<\/p>\n<p>Segundo o delegado respons\u00e1vel pelo caso, Lu\u00eds Cl\u00e1udio Freitas do Nascimento, o homem confessou o crime e n\u00e3o demonstrou arrependimento. \u201cEm data anterior, a Ilva e o irm\u00e3o dele, que eram casados, tiveram um desentendimento e ele tomou as dores do irm\u00e3o e resolveu se vingar\u201d, explicou o delegado.<\/p>\n<p>O Servi\u00e7o de Atendimento M\u00f3vel de Urg\u00eancia (SAMU) socorreu a v\u00edtima e a encaminhou para o hospital da cidade, onde foi constatado o \u00f3bito.<\/p>\n<p><img decoding=\"async\" alt=\"\" src=\"http:\/\/aconteceunovale.com.br\/portal\/wp-content\/uploads\/2014\/10\/homicidio_rpdm_1.jpg\" \/><em>(Autor do crime foi preso e encaminhado \u00e0 delegacia &#8211; Foto: Reprodu\u00e7\u00e3o\/Rio Pardo Not\u00edcias)<\/em><br \/>\n<\/br><\/p>\n<p>O agressor j\u00e1 tinha antecedentes criminais por amea\u00e7ar mulheres na cidade, mas n\u00e3o chegou a ser preso. \u201cEle tentava manter uma amizade, mas, se fosse contrariado, amea\u00e7ava a pessoa de morte\u201d, disse Nascimento.<\/p>\n<p>Ele foi encaminhado \u00e0 delegacia da cidade e vai responder por homic\u00eddio qualificado, com as agravantes de motivo f\u00fatil e emprego de recurso que tornou imposs\u00edvel a defesa da v\u00edtima. Caso seja condenado, o homem pode pegar, no m\u00ednimo, 12 anos de pris\u00e3o.<\/p>\n<h4>Suspeito \u00e9 violento<\/h4>\n<p>O agressor \u00e9 conhecido na cidade pelo seu comportamento violento. Ele j\u00e1 teria amea\u00e7ado v\u00e1rias pessoas. \u201cDizem que ele tem problemas mentais. Ele morava com o pai, mas vivia na rua conversando sozinho pela cidade\u201d, contou um vizinho que pediu para n\u00e3o ter o nome revelado.<\/p>\n<p>Conforme o morador, o crime deixou os moradores assutados. \u201cFoi no meio do dia e todo mundo viu. A Ilva era uma pessoa tranquila e, agora, os seus dois filhos pequenos ficaram \u00f3rf\u00e3os\u201d, disse o homem.<\/p>\n<p>Em rela\u00e7\u00e3o \u00e0s informa\u00e7\u00f5es que o suspeito teria problemas mentais, o delegado informou que n\u00e3o h\u00e1 nenhuma prova. \u201cNingu\u00e9m da fam\u00edlia apresentou um laudo m\u00e9dico para confirmar os problemas psicol\u00f3gicos dele. Portanto, ele vai responder como um cidad\u00e3o comum que estava ciente dos seus atos\u201d, finalizou Nascimento.<\/p>\n<p><strong>(O Tempo)<\/strong><\/p>\n","protected":false},"excerpt":{"rendered":"<p>V\u00edtima chegou a ser socorrida, mas morreu a caminho do hospital. Cunhado da mulher foi preso e encaminhado \u00e0 delegacia. [image src=&#8221;http:\/\/aconteceunovale.com.br\/portal\/wp-content\/uploads\/2014\/10\/homicidio_rpdm_2.jpg&#8221; width=&#8221;200&#8243; height=&#8221;200&#8243; lightbox=&#8221;yes&#8221; align=&#8221;left&#8221; float=&#8221;left&#8221;]Uma mulher foi brutalmente assassinada na tarde de ter\u00e7a-feira, 30 de setembro, no bairro Cidade Alta, em Rio Pardo de Minas, na regi\u00e3o Norte do Estado. Adilson Andrade da [&hellip;]<\/p>\n","protected":false},"author":1,"featured_media":40969,"comment_status":"open","ping_status":"closed","sticky":false,"template":"","format":"standard","meta":{"amp_status":"","footnotes":""},"categories":[1236],"tags":[17092,17093,1018,17096,17099,17097,17095,17094,17098,17091,421],"class_list":["post-40968","post","type-post","status-publish","format-standard","has-post-thumbnail","hentry","category-norte_de_minas","tag-adilson-andrade-da-silva","tag-coelhao","tag-destaque","tag-farmacia-bem-estar-em-rio-pardo-de-minas","tag-fotos-do-homicidio-na-farmacia-bem-estar","tag-homicidio-em-rio-pardo-de-minas","tag-homicidio-na-farmacia-bem-estar-em-rio-pardo-de-minas","tag-ilva-dias-almeida","tag-imagens-do-homicidio-na-farmacia-bem-estar","tag-mulher-e-brutalmente-assassinada-a-golpes-de-facao-em-rio-pardo-de-minas","tag-rio-pardo-de-minas"],"_links":{"self":[{"href":"https:\/\/aconteceunovale.com.br\/portal\/index.php?rest_route=\/wp\/v2\/posts\/40968","targetHints":{"allow":["GET"]}}],"collection":[{"href":"https:\/\/aconteceunovale.com.br\/portal\/index.php?rest_route=\/wp\/v2\/posts"}],"about":[{"href":"https:\/\/aconteceunovale.com.br\/portal\/index.php?rest_route=\/wp\/v2\/types\/post"}],"author":[{"embeddable":true,"href":"https:\/\/aconteceunovale.com.br\/portal\/index.php?rest_route=\/wp\/v2\/users\/1"}],"replies":[{"embeddable":true,"href":"https:\/\/aconteceunovale.com.br\/portal\/index.php?rest_route=%2Fwp%2Fv2%2Fcomments&post=40968"}],"version-history":[{"count":0,"href":"https:\/\/aconteceunovale.com.br\/portal\/index.php?rest_route=\/wp\/v2\/posts\/40968\/revisions"}],"wp:featuredmedia":[{"embeddable":true,"href":"https:\/\/aconteceunovale.com.br\/portal\/index.php?rest_route=\/wp\/v2\/media\/40969"}],"wp:attachment":[{"href":"https:\/\/aconteceunovale.com.br\/portal\/index.php?rest_route=%2Fwp%2Fv2%2Fmedia&parent=40968"}],"wp:term":[{"taxonomy":"category","embeddable":true,"href":"https:\/\/aconteceunovale.com.br\/portal\/index.php?rest_route=%2Fwp%2Fv2%2Fcategories&post=40968"},{"taxonomy":"post_tag","embeddable":true,"href":"https:\/\/aconteceunovale.com.br\/portal\/index.php?rest_route=%2Fwp%2Fv2%2Ftags&post=40968"}],"curies":[{"name":"wp","href":"https:\/\/api.w.org\/{rel}","templated":true}]}}