{"id":40951,"date":"2014-09-30T21:23:06","date_gmt":"2014-10-01T00:23:06","guid":{"rendered":"http:\/\/aconteceunovale.com.br\/portal\/?p=40951"},"modified":"2014-09-30T21:27:08","modified_gmt":"2014-10-01T00:27:08","slug":"ocorrencias-em-destaque-no-norte-de-minas-gerais-30-de-setembro-de-2014","status":"publish","type":"post","link":"https:\/\/aconteceunovale.com.br\/portal\/?p=40951","title":{"rendered":"Ocorr\u00eancias em destaque no Norte de Minas Gerais \u2013 30 de setembro de 2014"},"content":{"rendered":"<h4><strong>Den\u00fancia an\u00f4nima \u00e0 Pol\u00edcia Militar de Taiobeiras ajuda na pris\u00e3o de suspeito de roubo de cargas<\/strong><\/h4>\n<p>Uma den\u00fancia atrav\u00e9s do n\u00famero 181, na tarde de segunda-feira, 29 de setembro, resultou na pris\u00e3o de um foragido da justi\u00e7a envolvido em roubo de carga no Norte de Minas Gerais. De acordo com informa\u00e7\u00f5es da Pol\u00edcia Militar, Welton Alves era integrante de uma quadrilha de roubo de carga e possu\u00eda mandado de pris\u00e3o expedido desde 13\/03\/2014. <\/p>\n<p>A pol\u00edcia militar de Taiobeiras recebeu den\u00fancia an\u00f4nima relatando informa\u00e7\u00f5es sobre a localiza\u00e7\u00e3o do autor e as repassaram \u00e0s policiais militares da cidade de Divin\u00f3polis que de posse das mesmas, se deslocaram \u00e0 sider\u00fargica Uni\u00e3o onde o indiv\u00edduo esperava o carregamento de seu caminh\u00e3o de trabalho. <\/p>\n<p>Ao ser abordado o autor tentou despistar os policiais n\u00e3o apresentando documento de identifica\u00e7\u00e3o e informando possuir um nome inver\u00eddico. Os militares de posse do mandado de pris\u00e3o, conduziram o autor at\u00e9 a delegacia de pol\u00edcia civil onde foi preso e permanece \u00e0 disposi\u00e7\u00e3o da justi\u00e7a.<\/p>\n<p>Ajude a Pol\u00edcia Militar a ajudar voc\u00ea. Disque 181 e fa\u00e7a sua den\u00fancia an\u00f4nima. O sigilo \u00e9 absoluto. <\/p>\n<h4><strong>Motociclista embriagado e inabilitado \u00e9 preso ap\u00f3s acidente pr\u00f3ximo a Gr\u00e3o Mogol<\/strong><\/h4>\n<p>Um motociclista foi preso por dirigir embriagado na BR-251, pr\u00f3ximo a Gr\u00e3o Mogol, no Norte de Minas Gerais, nesta segunda-feira (29), ap\u00f3s se envolver em um acidente. O motociclista bateu em um carro que seguia no sentido contr\u00e1rio.<\/p>\n<p>De acordo com a Pol\u00edcia Rodovi\u00e1ria Federal, a moto estava com os documentos irregulares e o homem n\u00e3o tinha habilita\u00e7\u00e3o. Como ele teve ferimentos leves foi levado at\u00e9 um hospital e, em seguida, foi conduzido para a delegacia.<\/p>\n<h4><strong>Suspeito de roubar loja de celulares \u00e9 preso em Montes Claros<\/strong><\/h4>\n<p>O segundo suspeito de ter assaltado uma loja de celulares nessa segunda-feira (29), em Montes Claros, foi preso nesta ter\u00e7a-feira (30) no bairro Santos Reis. O homem foi preso em casa. A pol\u00edcia chegou at\u00e9 o rapaz de 18 anos ap\u00f3s reconhec\u00ea-lo nas filmagens de seguran\u00e7a.<\/p>\n<p>Usando capacetes, os dois jovens, o outro de 16 anos, invadiram uma loja na regi\u00e3o Central de Montes Claros. Os dois conseguiram roubar v\u00e1rios aparelhos telef\u00f4nicos e dois notebooks. A pol\u00edcia conseguiu recuperar apenas os dois computadores.<\/p>\n<h4><strong>Pol\u00edcia prende suspeita de matar mulher com facada no pesco\u00e7o em Una\u00ed<\/strong><\/h4>\n<p>Uma mulher de 35 anos foi presa ap\u00f3s matar outra, de 20 anos, nesta ter\u00e7a-feira (30), em Una\u00ed (MG). Segundo a Pol\u00edcia Militar, elas estavam em um bar no Bairro Cana\u00e3, quando se desentenderam. As duas foram para fora do estabelecimento e a suspeita esfaqueou a v\u00edtima no pesco\u00e7o.<\/p>\n<p>Ainda de acordo com a PM, a mulher de 20 anos foi para casa, conseguiu ser socorrida, mas morreu no pronto socorro. Ap\u00f3s o crime, a suspeita fugiu e foi encontrada no Bairro Novorizonte. Quando os policiais chegaram ao local onde ela foi presa, um homem que estava na casa disse que apenas ele e a irm\u00e3 da criminosa estavam no im\u00f3vel. Mas os policiais desconfiaram, fizeram buscas e acharam a mulher com a faca usada no homic\u00eddio, atr\u00e1s de um arm\u00e1rio.  <\/p>\n<p>O homem a irm\u00e3 da suspeita foram presos por favorecimento pessoal. Segundo a PM, a criminosa e a irm\u00e3 dela t\u00eam v\u00e1rias passagens por les\u00e3o corporal, tr\u00e1fico de drogas, roubo, furto, agress\u00e3o, dano e amea\u00e7a. J\u00e1 a v\u00edtima tinha um registro por furto.<\/p>\n<h4><strong>Caminhoneiro desaparecido \u00e9 encontrado morto na BR-135 em Engenheiro Navarro<\/strong><\/h4>\n<p>O corpo de um caminhoneiro foi encontrado por um andarilho nesta segunda-feira (29), \u00e0s margens da BR-135, perto de Engenheiro Navarro (MG). Ele estava desaparecido desde a sexta-feira (26).<\/p>\n<p>Segundo as informa\u00e7\u00f5es da Pol\u00edcia Rodovi\u00e1ria Federal, o homem tinha v\u00e1rias marcas de espancamento e duas de tiros; um no peito e a outro na cabe\u00e7a. O caminh\u00e3o dele, que estava carregado de cimento, ainda n\u00e3o foi localizado.<\/p>\n<p>De acordo com a PRF, o corpo foi levado para o Instituto M\u00e9dico Legal de Montes Claros (MG). Ainda n\u00e3o h\u00e1 suspeitos do crime.<\/p>\n<h4><strong>Ossada humana \u00e9 encontrada em lote vago de Montes Claros<\/strong><\/h4>\n<p>Uma ossada humana foi encontrada na tarde desta segunda-feira (29) em um lote vago no bairro Jos\u00e9 Carlos de Lima, em Montes Claros (MG). Segundo a Pol\u00edcia Militar, um morador encontrou a ossada em um saco pl\u00e1stico e acionou a pol\u00edcia.<\/p>\n<p>A per\u00edcia da Pol\u00edcia Civil esteve no local e confirmou que se tratava mesmo de uma ossada humana. O material foi recolhido e encaminhado ao Instituto M\u00e9dico Legal (IML) da cidade.<\/p>\n<h4><strong>Corpo de homem \u00e9 encontrado no Rio S\u00e3o Francisco em S\u00e3o Rom\u00e3o<\/strong><\/h4>\n<p>O corpo de um homem de 37 anos foi encontrado na Ilha Caiap\u00f3s, no Rio S\u00e3o Francisco, em S\u00e3o Rom\u00e3o (MG), nesta segunda-feira (29).<\/p>\n<p>Segundo a Pol\u00edcia Militar, Edmilson de Jesus, estava desaparecido desde o domingo (29) e foi encontrado pelo Corpo de Bombeiros de Pirapora (MG) a 700 metros do local onde foi visto pela \u00faltima vez.<\/p>\n<p>O corpo da v\u00edtima n\u00e3o tinha sinais de viol\u00eancia. A pol\u00edcia acredita que ele pode ter morrido afogado ap\u00f3s ter se embriagado.<\/p>\n<h4><strong>Assaltantes levam R$ 700 de loja de produtos agr\u00edcolas em Montes Claros<\/strong><\/h4>\n<p>Dois estabelecimentos comerciais foram assaltados nesta segunda-feira (29) em Montes Claros (MG). Nenhum suspeito dos crimes foi preso.<\/p>\n<p>O primeiro roubo foi na Avenida Ov\u00eddio de Abreu, no Centro da cidade. Dois homens entraram armadas no local, que vende produtos agr\u00edcolas. De acordo com a Pol\u00edcia Militar, eles conseguiram fugir com R$ 700 de tr\u00eas clientes que estavam no estabelecimento.<\/p>\n<p>O segundo crime aconteceu na Avenida Sebasti\u00e3o Ramos Guimar\u00e3es, na Vila Mauriceia. Segundo as informa\u00e7\u00f5es da PM, dois criminosos armados invadiram o local e anunciaram o assalto. Eles conseguiram levar R$ 1.800.<\/p>\n<p><strong><\/p>\n<h4>C\u00e2meras flagram assalto a loja de celulares em Montes Claros<\/h4>\n<p><\/strong><\/p>\n<p>As c\u00e2meras do circuito interno de seguran\u00e7a de uma loja no Centro de Montes Claros (MG) flagraram o momento em que dois homens assaltaram o estabelecimento. O crime aconteceu nesta segunda-feira (29).<\/p>\n<p>Nas imagens \u00e9 poss\u00edvel ver que os dois criminosos invadem o local usando capacetes. Eles ordenam para que os clientes entrem em um c\u00f4modo. Em seguida, uma funcion\u00e1ria percebe que o assalto est\u00e1 acontecendo e avisa aos colegas, que entram em p\u00e2nico.<\/p>\n<p>Um dos assaltantes entra em uma sala e rouba v\u00e1rios celulares. Na sa\u00edda ele pega um computador. O criminoso coloca todo o material roubado em uma mochila e sai da loja normalmente. A pol\u00edcia ainda n\u00e3o tem pistas dos suspeitos.<\/p>\n<p><strong><em>(Fonte: Pol\u00edcia Militar\/G1)<\/em><\/strong><\/p>\n","protected":false},"excerpt":{"rendered":"<p>Den\u00fancia an\u00f4nima \u00e0 Pol\u00edcia Militar de Taiobeiras ajuda na pris\u00e3o de suspeito de roubo de cargas Uma den\u00fancia atrav\u00e9s do n\u00famero 181, na tarde de segunda-feira, 29 de setembro, resultou na pris\u00e3o de um foragido da justi\u00e7a envolvido em roubo de carga no Norte de Minas Gerais. De acordo com informa\u00e7\u00f5es da Pol\u00edcia Militar, Welton [&hellip;]<\/p>\n","protected":false},"author":1,"featured_media":26880,"comment_status":"open","ping_status":"closed","sticky":false,"template":"","format":"standard","meta":{"amp_status":"","footnotes":""},"categories":[1236],"tags":[17079,17080,17074,17077,17070,17078,1691,1153,210,17081,17075,17076,17073,1811,17072,419,222,17071],"class_list":["post-40951","post","type-post","status-publish","format-standard","has-post-thumbnail","hentry","category-norte_de_minas","tag-assaltantes-levam-r-700-de-loja-de-produtos-agricolas-em-montes-claros","tag-cameras-flagram-assalto-a-loja-de-celulares-em-montes-claros","tag-caminhoneiro-desaparecido-e-encontrado-morto-na-br-135-em-engenheiro-navarro","tag-corpo-de-homem-e-encontrado-no-rio-sao-francisco-em-sao-romao","tag-denuncia-anonima-a-policia-militar-de-taiobeiras-ajuda-na-prisao-de-suspeito-de-roubo-de-cargas","tag-edmilson-de-jesus","tag-engenheiro-navarro","tag-grao-mogol","tag-montes-claros","tag-motociclista-embriagado-e-inabilitado-e-preso-apos-acidente-em-grao-mogol","tag-ocorrencias-em-destaque-no-norte-de-minas-gerais-30-de-setembro-de-2014","tag-ossada-humana-e-encontrada-em-lote-vago-de-montes-claros","tag-policia-prende-suspeita-de-matar-mulher-com-facada-no-pescoco-em-unai","tag-sao-romao","tag-suspeito-de-roubar-loja-de-celulares-e-preso-em-montes-claros","tag-taiobeiras","tag-unai","tag-welton-alves"],"_links":{"self":[{"href":"https:\/\/aconteceunovale.com.br\/portal\/index.php?rest_route=\/wp\/v2\/posts\/40951","targetHints":{"allow":["GET"]}}],"collection":[{"href":"https:\/\/aconteceunovale.com.br\/portal\/index.php?rest_route=\/wp\/v2\/posts"}],"about":[{"href":"https:\/\/aconteceunovale.com.br\/portal\/index.php?rest_route=\/wp\/v2\/types\/post"}],"author":[{"embeddable":true,"href":"https:\/\/aconteceunovale.com.br\/portal\/index.php?rest_route=\/wp\/v2\/users\/1"}],"replies":[{"embeddable":true,"href":"https:\/\/aconteceunovale.com.br\/portal\/index.php?rest_route=%2Fwp%2Fv2%2Fcomments&post=40951"}],"version-history":[{"count":0,"href":"https:\/\/aconteceunovale.com.br\/portal\/index.php?rest_route=\/wp\/v2\/posts\/40951\/revisions"}],"wp:featuredmedia":[{"embeddable":true,"href":"https:\/\/aconteceunovale.com.br\/portal\/index.php?rest_route=\/wp\/v2\/media\/26880"}],"wp:attachment":[{"href":"https:\/\/aconteceunovale.com.br\/portal\/index.php?rest_route=%2Fwp%2Fv2%2Fmedia&parent=40951"}],"wp:term":[{"taxonomy":"category","embeddable":true,"href":"https:\/\/aconteceunovale.com.br\/portal\/index.php?rest_route=%2Fwp%2Fv2%2Fcategories&post=40951"},{"taxonomy":"post_tag","embeddable":true,"href":"https:\/\/aconteceunovale.com.br\/portal\/index.php?rest_route=%2Fwp%2Fv2%2Ftags&post=40951"}],"curies":[{"name":"wp","href":"https:\/\/api.w.org\/{rel}","templated":true}]}}