{"id":40945,"date":"2014-09-30T20:24:59","date_gmt":"2014-09-30T23:24:59","guid":{"rendered":"http:\/\/aconteceunovale.com.br\/portal\/?p=40945"},"modified":"2014-09-30T20:27:07","modified_gmt":"2014-09-30T23:27:07","slug":"alunos-do-ifmg-campus-sao-joao-evangelista-apresentam-trabalho-na-iii-feira-nacional-de-matematica","status":"publish","type":"post","link":"https:\/\/aconteceunovale.com.br\/portal\/?p=40945","title":{"rendered":"Alunos do IFMG Campus S\u00e3o Jo\u00e3o Evangelista apresentam trabalhos na III Feira Nacional de Matem\u00e1tica"},"content":{"rendered":"<p>A UNEB, por meio da Pr\u00f3-Reitoria de Extens\u00e3o (PROEX), encerrou na sexta-feira (26) a programa\u00e7\u00e3o da III Feira Nacional de Matem\u00e1tica. Ap\u00f3s dois dias de apresenta\u00e7\u00f5es no Museu de Ci\u00eancia e Tecnologia (MC&#038;T) da Bahia, os expositores dos 156 estandes do evento foram premiados pela organiza\u00e7\u00e3o da iniciativa.<\/p>\n<p>Estudantes de todas as idades e professores das redes de ensino p\u00fablicas e privadas comemoraram o sucesso da feira, que recebeu visitas de discentes dos ensinos fundamental e m\u00e9dio das redes municipais e estadual da Bahia e de interessados pela \u00e1rea de conhecimento.<\/p>\n<p>Uma comiss\u00e3o composta por pesquisadores de diversas regi\u00f5es do pa\u00eds avaliou todos os trabalhos apresentados durante a iniciativa. As vinte melhores equipes do Ensino M\u00e9dio foram premiadas com bolsas de Inicia\u00e7\u00e3o Cient\u00edfica (IC) J\u00fanior, concedidas pelo Conselho Nacional de Desenvolvimento Cient\u00edfico e Tecnol\u00f3gico (CNPq) do Minist\u00e9rio da Ci\u00eancia, Tecnologia e Inova\u00e7\u00e3o (MCTI). <\/p>\n<p>Os expositores que foram laureados com destaque ter\u00e3o seus trabalhos revisados e publicados nos anais da edi\u00e7\u00e3o da feira.<\/p>\n<p><img decoding=\"async\" src=\"http:\/\/aconteceunovale.com.br\/portal\/wp-content\/uploads\/2014\/09\/campus_sje_matematica.jpg\" alt=\"\" \/><em>Aluno Douglas, professor Sandro Gon\u00e7alves e a aluna Camila Pereira &#8211; Foto: Divulga\u00e7\u00e3o<\/em><br \/>\n<\/br><\/p>\n<h4>Educa\u00e7\u00e3o especial e inclusiva<\/h4>\n<p>A III Feira Nacional de Matem\u00e1tica mostrou tamb\u00e9m que a troca de experi\u00eancias al\u00e9m de agregar \u00e0 forma\u00e7\u00e3o acad\u00eamica e human\u00edstica dos estudantes, qualifica a inser\u00e7\u00e3o dos participantes no processo de ensino e aprendizagem.<\/p>\n<p>O jovem Douglas Ricardo Costa perdeu a vis\u00e3o h\u00e1 oito anos, problema que n\u00e3o o impediu de seguir nos estudos e iniciar a gradua\u00e7\u00e3o em Matem\u00e1tica, pelo Instituto Federal de Minas Gerais (IFMG). Durante os dois dias da feira, o mineiro foi expositor do estande \u201cAs experi\u00eancias de ensino de geometria de um futuro professor cego a um aluno cego usando materiais manipul\u00e1veis\u201d.<\/p>\n<p>O estudante apresentou instrumentos como o soroban e o multiplano, que auxiliam na representa\u00e7\u00e3o e resolu\u00e7\u00e3o de problemas matem\u00e1ticos de \u00e1reas como l\u00f3gica, geometria e \u00e1lgebra.<\/p>\n<p>De acordo com Douglas, a inclus\u00e3o da educa\u00e7\u00e3o especial em eventos desta natureza \u00e9 fundamental para a constru\u00e7\u00e3o de novos conhecimentos. \u201cAs pessoas t\u00eam medo do que \u00e9 novo. Por\u00e9m, aqui trocamos experi\u00eancias e todos adquirimos novas habilidades. Vou levar refer\u00eancias de outros estados e desenvolver mais equipamentos adaptados\u201d.<\/p>\n<p>O trabalho do jovem foi orientado pelo professor Sandro Gon\u00e7alves e apresentado em parceria com a estudante Camila Freitas, que foi motivada a participar por ensinar a jovens que possui defici\u00eancia visual na rede p\u00fablica de ensino do munic\u00edpio de S\u00e3o Jo\u00e3o Evangelista, em Minas Gerais. (UNEB\/Folha de Guanh\u00e3es)<\/p>\n","protected":false},"excerpt":{"rendered":"<p>A UNEB, por meio da Pr\u00f3-Reitoria de Extens\u00e3o (PROEX), encerrou na sexta-feira (26) a programa\u00e7\u00e3o da III Feira Nacional de Matem\u00e1tica. Ap\u00f3s dois dias de apresenta\u00e7\u00f5es no Museu de Ci\u00eancia e Tecnologia (MC&#038;T) da Bahia, os expositores dos 156 estandes do evento foram premiados pela organiza\u00e7\u00e3o da iniciativa. Estudantes de todas as idades e professores [&hellip;]<\/p>\n","protected":false},"author":1,"featured_media":40946,"comment_status":"open","ping_status":"closed","sticky":false,"template":"","format":"standard","meta":{"amp_status":"","footnotes":""},"categories":[121],"tags":[17069,1018,160,17065,17066,162,17068],"class_list":["post-40945","post","type-post","status-publish","format-standard","has-post-thumbnail","hentry","category-leste","tag-alunos-do-ifmg-campus-sao-joao-evangelista-apresentam-trabalhos-na-iii-feira-nacional-de-matematica","tag-destaque","tag-ifmg","tag-iii-feira-nacional-de-matematica","tag-instituto-federal-de-minas-gerais-campus-sao-joao-evangelista","tag-sao-joao-evangelista","tag-uneb"],"_links":{"self":[{"href":"https:\/\/aconteceunovale.com.br\/portal\/index.php?rest_route=\/wp\/v2\/posts\/40945","targetHints":{"allow":["GET"]}}],"collection":[{"href":"https:\/\/aconteceunovale.com.br\/portal\/index.php?rest_route=\/wp\/v2\/posts"}],"about":[{"href":"https:\/\/aconteceunovale.com.br\/portal\/index.php?rest_route=\/wp\/v2\/types\/post"}],"author":[{"embeddable":true,"href":"https:\/\/aconteceunovale.com.br\/portal\/index.php?rest_route=\/wp\/v2\/users\/1"}],"replies":[{"embeddable":true,"href":"https:\/\/aconteceunovale.com.br\/portal\/index.php?rest_route=%2Fwp%2Fv2%2Fcomments&post=40945"}],"version-history":[{"count":0,"href":"https:\/\/aconteceunovale.com.br\/portal\/index.php?rest_route=\/wp\/v2\/posts\/40945\/revisions"}],"wp:featuredmedia":[{"embeddable":true,"href":"https:\/\/aconteceunovale.com.br\/portal\/index.php?rest_route=\/wp\/v2\/media\/40946"}],"wp:attachment":[{"href":"https:\/\/aconteceunovale.com.br\/portal\/index.php?rest_route=%2Fwp%2Fv2%2Fmedia&parent=40945"}],"wp:term":[{"taxonomy":"category","embeddable":true,"href":"https:\/\/aconteceunovale.com.br\/portal\/index.php?rest_route=%2Fwp%2Fv2%2Fcategories&post=40945"},{"taxonomy":"post_tag","embeddable":true,"href":"https:\/\/aconteceunovale.com.br\/portal\/index.php?rest_route=%2Fwp%2Fv2%2Ftags&post=40945"}],"curies":[{"name":"wp","href":"https:\/\/api.w.org\/{rel}","templated":true}]}}