{"id":40933,"date":"2014-09-30T19:38:39","date_gmt":"2014-09-30T22:38:39","guid":{"rendered":"http:\/\/aconteceunovale.com.br\/portal\/?p=40933"},"modified":"2014-09-30T19:39:13","modified_gmt":"2014-09-30T22:39:13","slug":"moradores-de-carbonita-recebem-mudos-de-arvores-nativas-da-regiao","status":"publish","type":"post","link":"https:\/\/aconteceunovale.com.br\/portal\/?p=40933","title":{"rendered":"Moradores de Carbonita recebem mudas de \u00e1rvores nativas da regi\u00e3o"},"content":{"rendered":"<h4><strong><em>A\u00e7\u00e3o da Sada Bio-Energia foi acompanhada de distribui\u00e7\u00e3o de cartilhas educativas<\/em><\/strong><\/h4>\n<p>Para receber a primavera e comemorar o m\u00eas da \u00e1rvore, moradores de Carbonita, no Alto Jequitinhonha, foram presenteados com cerca de 600 mudas de quaresmeiras, goiabeiras e ip\u00eas. A 2\u00aa Blitz de Educa\u00e7\u00e3o Ambiental em comemora\u00e7\u00e3o ao Dia da \u00c1rvore foi realizada em 20 de setembro pela Sada Bio-Energia.<\/p>\n<p>Segundo o encarregado de planejamento da empresa, Jadir Vieira da Silva, as \u00e1rvores s\u00e3o nativas da regi\u00e3o. \u201cA iniciativa \u00e9 importante para a conscientiza\u00e7\u00e3o da popula\u00e7\u00e3o e para combater a degrada\u00e7\u00e3o do Cerrado\u201d, afirmou o encarregado. A empresa escolheu as esp\u00e9cies que apresentam bom desenvolvimento na regi\u00e3o.<\/p>\n<p>Silva, que participou do evento, contou que a popula\u00e7\u00e3o aprovou a ideia. \u201cO pessoal gostou ,porque as \u00e1rvores fazem sombra e s\u00e3o nativas\u201d, disse. O encarregado ouviu relatos de pessoas que pegaram uma muda no ano passado, e a \u00e1rvore j\u00e1 est\u00e1 com mais de um metro.<\/p>\n<p>O encarregado de repara\u00e7\u00e3o Marcos Vin\u00edcius Oliveira Silva, 24, pegou duas mudas. \u201cEscolhi a goiabeira e a quaresmeira, e fiz o plantio no meu lote. Quando eu come\u00e7ar a construir, as \u00e1rvores j\u00e1 v\u00e3o estar dando sombra e frutos\u201d, comemora.<\/p>\n<h4>Conscientiza\u00e7\u00e3o<\/h4>\n<p>Foram distribu\u00eddas tamb\u00e9m cartilhas com o passo a passo para a planta\u00e7\u00e3o da muda. Al\u00e9m disso, o material explicava sobre aquecimento global, uso da \u00e1gua, efeito estufa, entre outros.<\/p>\n<p><img decoding=\"async\" src=\"http:\/\/aconteceunovale.com.br\/portal\/wp-content\/uploads\/2014\/09\/mudas_arvores_carbo.jpg\" alt=\"\" \/><em>As mudas entregues \u00e0 popula\u00e7\u00e3o s\u00e3o de \u00e1rvores nativas da regi\u00e3o &#8211; Foto: Sada Bio-Energia<\/em><br \/>\n<\/br><\/p>\n<p><strong><em>(Fonte: O Tempo)<\/em><\/strong><\/p>\n","protected":false},"excerpt":{"rendered":"<p>A\u00e7\u00e3o da Sada Bio-Energia foi acompanhada de distribui\u00e7\u00e3o de cartilhas educativas Para receber a primavera e comemorar o m\u00eas da \u00e1rvore, moradores de Carbonita, no Alto Jequitinhonha, foram presenteados com cerca de 600 mudas de quaresmeiras, goiabeiras e ip\u00eas. A 2\u00aa Blitz de Educa\u00e7\u00e3o Ambiental em comemora\u00e7\u00e3o ao Dia da \u00c1rvore foi realizada em 20 [&hellip;]<\/p>\n","protected":false},"author":1,"featured_media":40934,"comment_status":"open","ping_status":"closed","sticky":false,"template":"","format":"standard","meta":{"amp_status":"","footnotes":""},"categories":[120],"tags":[557,17051,17052,1018,17050,17055,17053],"class_list":["post-40933","post","type-post","status-publish","format-standard","has-post-thumbnail","hentry","category-jequi","tag-carbonita","tag-comemoracao-ao-dia-da-arvore","tag-comemoracao-ao-dia-da-arvore-em-carbonita","tag-destaque","tag-jadir-vieira-da-silva","tag-moradores-de-carbonita-recebem-mudas-de-arvores-nativas-da-regiao","tag-sada-bio-energia"],"_links":{"self":[{"href":"https:\/\/aconteceunovale.com.br\/portal\/index.php?rest_route=\/wp\/v2\/posts\/40933","targetHints":{"allow":["GET"]}}],"collection":[{"href":"https:\/\/aconteceunovale.com.br\/portal\/index.php?rest_route=\/wp\/v2\/posts"}],"about":[{"href":"https:\/\/aconteceunovale.com.br\/portal\/index.php?rest_route=\/wp\/v2\/types\/post"}],"author":[{"embeddable":true,"href":"https:\/\/aconteceunovale.com.br\/portal\/index.php?rest_route=\/wp\/v2\/users\/1"}],"replies":[{"embeddable":true,"href":"https:\/\/aconteceunovale.com.br\/portal\/index.php?rest_route=%2Fwp%2Fv2%2Fcomments&post=40933"}],"version-history":[{"count":0,"href":"https:\/\/aconteceunovale.com.br\/portal\/index.php?rest_route=\/wp\/v2\/posts\/40933\/revisions"}],"wp:featuredmedia":[{"embeddable":true,"href":"https:\/\/aconteceunovale.com.br\/portal\/index.php?rest_route=\/wp\/v2\/media\/40934"}],"wp:attachment":[{"href":"https:\/\/aconteceunovale.com.br\/portal\/index.php?rest_route=%2Fwp%2Fv2%2Fmedia&parent=40933"}],"wp:term":[{"taxonomy":"category","embeddable":true,"href":"https:\/\/aconteceunovale.com.br\/portal\/index.php?rest_route=%2Fwp%2Fv2%2Fcategories&post=40933"},{"taxonomy":"post_tag","embeddable":true,"href":"https:\/\/aconteceunovale.com.br\/portal\/index.php?rest_route=%2Fwp%2Fv2%2Ftags&post=40933"}],"curies":[{"name":"wp","href":"https:\/\/api.w.org\/{rel}","templated":true}]}}