{"id":40929,"date":"2014-09-30T19:08:45","date_gmt":"2014-09-30T22:08:45","guid":{"rendered":"http:\/\/aconteceunovale.com.br\/portal\/?p=40929"},"modified":"2014-09-30T19:08:45","modified_gmt":"2014-09-30T22:08:45","slug":"mulher-e-presa-por-manter-o-pai-acorrentado-por-cerca-de-tres-meses-em-janauba","status":"publish","type":"post","link":"https:\/\/aconteceunovale.com.br\/portal\/?p=40929","title":{"rendered":"Mulher \u00e9 presa por manter o pai acorrentado por cerca de tr\u00eas meses em Jana\u00faba"},"content":{"rendered":"<h4><strong><em>Pol\u00edcia Militar recebeu den\u00fancias sobre o caso e compareceu ao local. Suspeita \u00e9 de que ela mantinha o pai preso para receber a aposentadoria<\/em><\/strong><\/h4>\n<p>Uma mulher foi presa por manter o pr\u00f3prio pai acorrentado durante cerca de tr\u00eas meses em Jana\u00faba, Regi\u00e3o Norte de Minas Gerais. De acordo com a Pol\u00edcia Militar, a filha tem 28 anos alegou que o idoso demonstrava agressividade ao sair de casa e n\u00e3o encontrou outra forma sen\u00e3o acorrent\u00e1-lo.<\/p>\n<p><img decoding=\"async\" src=\"http:\/\/aconteceunovale.com.br\/portal\/wp-content\/uploads\/2014\/09\/idoso_acorrentado_janauba_2.jpg\" alt=\"\" \/><em>Idoso contou que \u00e9 mantido preso \u00e0 correntes deste julho deste ano &#8211; Foto: Divulga\u00e7\u00e3o\/Pol\u00edcia Militar<\/em><br \/>\n<\/br><\/p>\n<p>Os militares receberam den\u00fancias an\u00f4nimas sobre o caso e foram at\u00e9 a resid\u00eancia, localizada no Bairro S\u00e3o Lucas. Chegando ao local, a PM encontrou Jaime Manoel dos Santos, 62 anos, com uma corrente no p\u00e9, que o impedia de sair de um dos c\u00f4modos da casa. \u201cFoi muito triste encontr\u00e1-lo naquela situa\u00e7\u00e3o. Conversamos com ele e n\u00e3o observamos nenhuma anormalidade em seu comportamento\u201d, disse.<\/p>\n<p>Ao questionar para a filha do idoso sobre o caso, os militares souberam que ela pegou a documenta\u00e7\u00e3o do pai para receber a aposentadoria, o que gerou suspeita dos policiais. \u201cEla vive com um homem e eles n\u00e3o trabalham, ent\u00e3o teoricamente ela est\u00e1 se beneficiando do sal\u00e1rio do pai\u201d, relatou o tenente Guilherme Rodrigues.<\/p>\n<p>A pol\u00edcia soltou o idoso e aprendeu a corrente e os cadeados. Jaime Manoel apresentava alguns machucados e disse que sofre agress\u00f5es. A filha do idoso foi presa e encaminhada para a Delegacia de Jana\u00faba.<\/p>\n<p><img decoding=\"async\" src=\"http:\/\/aconteceunovale.com.br\/portal\/wp-content\/uploads\/2014\/09\/idoso_acorrentado_janauba_1.jpg\" alt=\"\" \/><em>Idoso ficava preso pelo p\u00e9 nos fundos da casa &#8211; Foto: Divulga\u00e7\u00e3o\/Pol\u00edcia Militar<\/em><br \/>\n<\/br><\/p>\n<p><strong><em>(Fonte: Estado de Minas)<\/em><\/strong><\/p>\n","protected":false},"excerpt":{"rendered":"<p>Pol\u00edcia Militar recebeu den\u00fancias sobre o caso e compareceu ao local. Suspeita \u00e9 de que ela mantinha o pai preso para receber a aposentadoria Uma mulher foi presa por manter o pr\u00f3prio pai acorrentado durante cerca de tr\u00eas meses em Jana\u00faba, Regi\u00e3o Norte de Minas Gerais. De acordo com a Pol\u00edcia Militar, a filha tem [&hellip;]<\/p>\n","protected":false},"author":1,"featured_media":40930,"comment_status":"open","ping_status":"closed","sticky":false,"template":"","format":"standard","meta":{"amp_status":"","footnotes":""},"categories":[1236],"tags":[1018,17048,17047,17046,204,17049],"class_list":["post-40929","post","type-post","status-publish","format-standard","has-post-thumbnail","hentry","category-norte_de_minas","tag-destaque","tag-homem-acorrentado-em-janauba","tag-idoso-acorrentado-em-janauba","tag-jaime-manoel-dos-santos","tag-janauba","tag-mulher-e-presa-por-manter-o-pai-acorrentado-por-cerca-de-tres-meses-em-janauba"],"_links":{"self":[{"href":"https:\/\/aconteceunovale.com.br\/portal\/index.php?rest_route=\/wp\/v2\/posts\/40929","targetHints":{"allow":["GET"]}}],"collection":[{"href":"https:\/\/aconteceunovale.com.br\/portal\/index.php?rest_route=\/wp\/v2\/posts"}],"about":[{"href":"https:\/\/aconteceunovale.com.br\/portal\/index.php?rest_route=\/wp\/v2\/types\/post"}],"author":[{"embeddable":true,"href":"https:\/\/aconteceunovale.com.br\/portal\/index.php?rest_route=\/wp\/v2\/users\/1"}],"replies":[{"embeddable":true,"href":"https:\/\/aconteceunovale.com.br\/portal\/index.php?rest_route=%2Fwp%2Fv2%2Fcomments&post=40929"}],"version-history":[{"count":0,"href":"https:\/\/aconteceunovale.com.br\/portal\/index.php?rest_route=\/wp\/v2\/posts\/40929\/revisions"}],"wp:featuredmedia":[{"embeddable":true,"href":"https:\/\/aconteceunovale.com.br\/portal\/index.php?rest_route=\/wp\/v2\/media\/40930"}],"wp:attachment":[{"href":"https:\/\/aconteceunovale.com.br\/portal\/index.php?rest_route=%2Fwp%2Fv2%2Fmedia&parent=40929"}],"wp:term":[{"taxonomy":"category","embeddable":true,"href":"https:\/\/aconteceunovale.com.br\/portal\/index.php?rest_route=%2Fwp%2Fv2%2Fcategories&post=40929"},{"taxonomy":"post_tag","embeddable":true,"href":"https:\/\/aconteceunovale.com.br\/portal\/index.php?rest_route=%2Fwp%2Fv2%2Ftags&post=40929"}],"curies":[{"name":"wp","href":"https:\/\/api.w.org\/{rel}","templated":true}]}}