{"id":40917,"date":"2014-09-29T21:58:23","date_gmt":"2014-09-30T00:58:23","guid":{"rendered":"http:\/\/aconteceunovale.com.br\/portal\/?p=40917"},"modified":"2014-09-29T22:00:07","modified_gmt":"2014-09-30T01:00:07","slug":"cenario-do-rio-sao-francisco-e-assustador-afirma-organizadores-da-expedicao-vidas-aridas","status":"publish","type":"post","link":"https:\/\/aconteceunovale.com.br\/portal\/?p=40917","title":{"rendered":"Cen\u00e1rio do Rio S\u00e3o Francisco \u00e9 assustador, afirma organizador da expedi\u00e7\u00e3o Vidas \u00c1ridas"},"content":{"rendered":"<h4><strong><em>Expedi\u00e7\u00e3o percorreu dez cidades \u00e0s margens do Rio S\u00e3o Francisco. Especialista afirma que \u00e9 preciso revitalizar os afluentes do rio.<\/em><\/strong><\/h4>\n<p>&#8220;O cen\u00e1rio de seca no Rio S\u00e3o Francisco \u00e9 assustador&#8221;. A afirma\u00e7\u00e3o \u00e9 de Geraldo Humberto, um dos organizadores da Expedi\u00e7\u00e3o Vidas \u00c1ridas no Velho Chico. O grupo formado por jornalistas,  estudantes e especialistas ambientais, percorreu as margens do Velho Chico por 14 dias.<\/p>\n<p>\u201cO que vi e vivi nestes dias vai ficar para sempre gravado em minha mem\u00f3ria. A situa\u00e7\u00e3o do rio est\u00e1 pior que imaginamos. Em todos os lugares, a imagem de seca \u00e9 muito forte\u201d, afirma o expedicion\u00e1rio.<\/p>\n<p><img decoding=\"async\" src=\"http:\/\/aconteceunovale.com.br\/portal\/wp-content\/uploads\/2014\/09\/assustador_rio_sao_francisco_1.jpg\" alt=\"\" \/><em>Ponte Marechal Hermes, entre Pirapora e Buritizeiro (Foto: Geraldo Humberto\/Inter TV)<\/em><br \/>\n<\/br><\/p>\n<p>Dez cidades foram visitadas pela expedi\u00e7\u00e3o. De acordo com Geraldo Humberto, \u201ca morte (de animais, vegeta\u00e7\u00e3o e do pr\u00f3prio rio) est\u00e1 extremamente ligada onde deveria existir a vida. Percebemos que exite poucas pol\u00edticas p\u00fablicas em prol da revitaliza\u00e7\u00e3o do Rio S\u00e3o Francisco\u201d, lamenta.<\/p>\n<p>O Ambientalista S\u00f3ter Magno acompanhou a Expedi\u00e7\u00e3o. Segundo ele tudo que foi encontrado \u00e0s margens do rio devem ser repassadas por meio de relat\u00f3rios. \u201cEncontramos surpresas boas, mas encontramos tamb\u00e9m muitas surpresas desagrad\u00e1veis. Podemos perceber que quando se fala da seca no Velho Chico, estamos falando tamb\u00e9m da seca de seus afluentes. O Rio S\u00e3o Francisco n\u00e3o existiria sem os afluentes\u201d, explica.<\/p>\n<p>Apesar da constata\u00e7\u00e3o negativa, o objetivo da Expedi\u00e7\u00e3o foi alcan\u00e7ado. \u201cConscientizar \u00e9 muito dif\u00edcil, ma com certeza conseguimos sensibilizar \u00f3rg\u00e3os p\u00fablicos, moradores e pescadores quanto a real situa\u00e7\u00e3o do Rio S\u00e3o Francisco\u201d, completa Geraldo.<\/p>\n<p><img decoding=\"async\" src=\"http:\/\/aconteceunovale.com.br\/portal\/wp-content\/uploads\/2014\/09\/assustador_rio_sao_francisco_2.jpg\" alt=\"\" \/><em>Barragem de Tr\u00eas Marias (Foto: Geraldo Humberto\/Inter TV)<\/em><br \/>\n<\/br><\/p>\n<p><strong><em>(Inter TV Grande Minas)<\/em><\/strong><\/p>\n","protected":false},"excerpt":{"rendered":"<p>Expedi\u00e7\u00e3o percorreu dez cidades \u00e0s margens do Rio S\u00e3o Francisco. Especialista afirma que \u00e9 preciso revitalizar os afluentes do rio. &#8220;O cen\u00e1rio de seca no Rio S\u00e3o Francisco \u00e9 assustador&#8221;. A afirma\u00e7\u00e3o \u00e9 de Geraldo Humberto, um dos organizadores da Expedi\u00e7\u00e3o Vidas \u00c1ridas no Velho Chico. O grupo formado por jornalistas, estudantes e especialistas ambientais, [&hellip;]<\/p>\n","protected":false},"author":1,"featured_media":40919,"comment_status":"open","ping_status":"closed","sticky":false,"template":"","format":"standard","meta":{"amp_status":"","footnotes":""},"categories":[123],"tags":[17039,1535,17035,17034,1018,17037,17036,17038,254,6330,16646],"class_list":["post-40917","post","type-post","status-publish","format-standard","has-post-thumbnail","hentry","category-gerais","tag-ambientalista-soter-magno","tag-buritizeiro","tag-cenario-do-rio-sao-francisco-e-assustador","tag-cenario-do-rio-sao-francisco-e-assustador-afirma-organizadores-da-expedicao-vidas-aridas","tag-destaque","tag-expedicao-vidas-aridas-no-velho-chico","tag-geraldo-humberto","tag-o-cenario-de-seca-no-rio-sao-francisco-e-assustador","tag-pirapora","tag-rio-sao-francisco","tag-velho-chico"],"_links":{"self":[{"href":"https:\/\/aconteceunovale.com.br\/portal\/index.php?rest_route=\/wp\/v2\/posts\/40917","targetHints":{"allow":["GET"]}}],"collection":[{"href":"https:\/\/aconteceunovale.com.br\/portal\/index.php?rest_route=\/wp\/v2\/posts"}],"about":[{"href":"https:\/\/aconteceunovale.com.br\/portal\/index.php?rest_route=\/wp\/v2\/types\/post"}],"author":[{"embeddable":true,"href":"https:\/\/aconteceunovale.com.br\/portal\/index.php?rest_route=\/wp\/v2\/users\/1"}],"replies":[{"embeddable":true,"href":"https:\/\/aconteceunovale.com.br\/portal\/index.php?rest_route=%2Fwp%2Fv2%2Fcomments&post=40917"}],"version-history":[{"count":0,"href":"https:\/\/aconteceunovale.com.br\/portal\/index.php?rest_route=\/wp\/v2\/posts\/40917\/revisions"}],"wp:featuredmedia":[{"embeddable":true,"href":"https:\/\/aconteceunovale.com.br\/portal\/index.php?rest_route=\/wp\/v2\/media\/40919"}],"wp:attachment":[{"href":"https:\/\/aconteceunovale.com.br\/portal\/index.php?rest_route=%2Fwp%2Fv2%2Fmedia&parent=40917"}],"wp:term":[{"taxonomy":"category","embeddable":true,"href":"https:\/\/aconteceunovale.com.br\/portal\/index.php?rest_route=%2Fwp%2Fv2%2Fcategories&post=40917"},{"taxonomy":"post_tag","embeddable":true,"href":"https:\/\/aconteceunovale.com.br\/portal\/index.php?rest_route=%2Fwp%2Fv2%2Ftags&post=40917"}],"curies":[{"name":"wp","href":"https:\/\/api.w.org\/{rel}","templated":true}]}}