{"id":40914,"date":"2014-09-29T21:49:32","date_gmt":"2014-09-30T00:49:32","guid":{"rendered":"http:\/\/aconteceunovale.com.br\/portal\/?p=40914"},"modified":"2014-09-29T21:49:32","modified_gmt":"2014-09-30T00:49:32","slug":"pm-de-valadares-apreende-quase-um-quilo-de-maconha-que-seria-vendida-em-capitao-andrade","status":"publish","type":"post","link":"https:\/\/aconteceunovale.com.br\/portal\/?p=40914","title":{"rendered":"PM de Valadares apreende quase um quilo de maconha que seria vendida em Capit\u00e3o Andrade"},"content":{"rendered":"<h4><strong><em>Suspeito foi abordo em motot\u00e1xi durante fiscaliza\u00e7\u00e3o da Pol\u00edcia Militar. Droga seria levada para ser comercializada em Capit\u00e3o Andrade, diz PM.<\/em><\/strong><\/h4>\n<p>Um jovem de 18 anos foi preso com quase um quilo de maconha prensada em Governador Valadares, no fim da tarde desta segunda-feira (29). O suspeito viajava como passageiro em uma motot\u00e1xi e foi abordado durante fiscaliza\u00e7\u00e3o da Pol\u00edcia Militar (PM) na Rua Sete de Setembro.<\/p>\n<p><img decoding=\"async\" src=\"http:\/\/aconteceunovale.com.br\/portal\/wp-content\/uploads\/2014\/09\/droga_apreendida_gv_29.jpg\" alt=\"\" \/><em>Drogas apreendida pela PM estava entro da mochila do jovem de Capit\u00e3o Andrade (Foto: Diego Souza\/G1)<\/em><br \/>\n<\/br><\/p>\n<p>Ao revistar a mochila do rapaz, a PM encontrou um tablete de maconha com quase um quilo. Ele n\u00e3o quis gravar entrevista e nem quis se pronunciar sobre a origem e o destino da droga. Admitiu apenas que iria pegar um \u00f4nibus com sentido ao munic\u00edpio de Capit\u00e3o Andrade.<\/p>\n<p>Segundo o tenente Lindomar Batistas, o rapaz poderia estar levando a droga para ser comercializada em Capit\u00e3o Andrade. O condutor da moto, afirmou que n\u00e3o sabia que o jovem carregava drogas. \u201cEle chegou ao ponto em que eu trabalho, no Bairro Santa Helena, e pediu que eu o levasse at\u00e9 um ponto de \u00f4nibus, na Avenida Brasil, no Centro da cidade\u201d, contou o Mototaxista.<\/p>\n<p>O jovem foi levado para a delegacia e posteriormente ser\u00e1 levado para a Cadeia P\u00fablica de Governador Valadares.<\/p>\n<p><strong><em>(Inter TV dos Vales)<\/em><\/strong><\/p>\n","protected":false},"excerpt":{"rendered":"<p>Suspeito foi abordo em motot\u00e1xi durante fiscaliza\u00e7\u00e3o da Pol\u00edcia Militar. Droga seria levada para ser comercializada em Capit\u00e3o Andrade, diz PM. Um jovem de 18 anos foi preso com quase um quilo de maconha prensada em Governador Valadares, no fim da tarde desta segunda-feira (29). O suspeito viajava como passageiro em uma motot\u00e1xi e foi [&hellip;]<\/p>\n","protected":false},"author":1,"featured_media":40915,"comment_status":"open","ping_status":"closed","sticky":false,"template":"","format":"standard","meta":{"amp_status":"","footnotes":""},"categories":[121],"tags":[279,247,17033],"class_list":["post-40914","post","type-post","status-publish","format-standard","has-post-thumbnail","hentry","category-leste","tag-capitao-andrade","tag-governador-valadares","tag-pm-de-valadares-apreende-quase-um-quilo-de-maconha-que-seria-vendida-em-capitao-andrade"],"_links":{"self":[{"href":"https:\/\/aconteceunovale.com.br\/portal\/index.php?rest_route=\/wp\/v2\/posts\/40914","targetHints":{"allow":["GET"]}}],"collection":[{"href":"https:\/\/aconteceunovale.com.br\/portal\/index.php?rest_route=\/wp\/v2\/posts"}],"about":[{"href":"https:\/\/aconteceunovale.com.br\/portal\/index.php?rest_route=\/wp\/v2\/types\/post"}],"author":[{"embeddable":true,"href":"https:\/\/aconteceunovale.com.br\/portal\/index.php?rest_route=\/wp\/v2\/users\/1"}],"replies":[{"embeddable":true,"href":"https:\/\/aconteceunovale.com.br\/portal\/index.php?rest_route=%2Fwp%2Fv2%2Fcomments&post=40914"}],"version-history":[{"count":0,"href":"https:\/\/aconteceunovale.com.br\/portal\/index.php?rest_route=\/wp\/v2\/posts\/40914\/revisions"}],"wp:featuredmedia":[{"embeddable":true,"href":"https:\/\/aconteceunovale.com.br\/portal\/index.php?rest_route=\/wp\/v2\/media\/40915"}],"wp:attachment":[{"href":"https:\/\/aconteceunovale.com.br\/portal\/index.php?rest_route=%2Fwp%2Fv2%2Fmedia&parent=40914"}],"wp:term":[{"taxonomy":"category","embeddable":true,"href":"https:\/\/aconteceunovale.com.br\/portal\/index.php?rest_route=%2Fwp%2Fv2%2Fcategories&post=40914"},{"taxonomy":"post_tag","embeddable":true,"href":"https:\/\/aconteceunovale.com.br\/portal\/index.php?rest_route=%2Fwp%2Fv2%2Ftags&post=40914"}],"curies":[{"name":"wp","href":"https:\/\/api.w.org\/{rel}","templated":true}]}}