{"id":40906,"date":"2014-09-29T18:12:44","date_gmt":"2014-09-29T21:12:44","guid":{"rendered":"http:\/\/aconteceunovale.com.br\/portal\/?p=40906"},"modified":"2014-09-29T18:12:44","modified_gmt":"2014-09-29T21:12:44","slug":"formulario-de-justificativa-eleitoral-ja-esta-disponivel-para-o-eleitor","status":"publish","type":"post","link":"https:\/\/aconteceunovale.com.br\/portal\/?p=40906","title":{"rendered":"Formul\u00e1rio de justificativa eleitoral j\u00e1 est\u00e1 dispon\u00edvel para o eleitor"},"content":{"rendered":"<p>J\u00e1 est\u00e1 dispon\u00edvel, na p\u00e1gina do Tribunal Regional Eleitoral de Minas Gerais, o <a href=\"http:\/\/www.justicaeleitoral.jus.br\/arquivos\/requerimento-de-justificativa-eleitoral-no-formato-pdf\" target=\"_blank\">formul\u00e1rio (formato pdf)<\/a> de justificativa para as Elei\u00e7\u00f5es 2014. Esse formul\u00e1rio tamb\u00e9m pode ser obtido em qualquer um dos 351 cart\u00f3rios eleitorais do Estado (consulte os endere\u00e7os). Com o objetivo de facilitar para o eleitor, a partir desta quinta-feira (2), haver\u00e1 um estande no Terminal Rodovi\u00e1rio de Belo Horizonte, com hor\u00e1rio de 8 \u00e0s 20h, para distribui\u00e7\u00e3o de formul\u00e1rios de justificativas aos eleitores que transitarem por l\u00e1.  O eleitor poder\u00e1 pegar o formul\u00e1rio e ainda consultar o n\u00famero de seu t\u00edtulo de eleitor &#8211; informa\u00e7\u00e3o imprescind\u00edvel para o correto preenchimento do formul\u00e1rio.<\/p>\n<p>Os formul\u00e1rios de justificativa devem ser entregues, pelo pr\u00f3prio eleitor, durante o per\u00edodo de vota\u00e7\u00e3o, ou seja, das 8h \u00e0s 17h, no dia do pleito \u2013 5 de outubro e 26 de outubro, se houver segundo turno &#8211; em qualquer se\u00e7\u00e3o eleitoral ou posto de justificativa fora do seu domic\u00edlio eleitoral (cidade onde vota).<\/p>\n<p>Para se justificar, basta que o eleitor saiba o n\u00famero de seu t\u00edtulo e que, munido de um documento oficial de identifica\u00e7\u00e3o com foto, entregue o formul\u00e1rio preenchido corretamente. \u00c9 importante que o formul\u00e1rio seja preenchido com aten\u00e7\u00e3o, j\u00e1 que, se os dados estiverem incorretos ou n\u00e3o possibilitarem a identifica\u00e7\u00e3o do eleitor, a justificativa n\u00e3o ser\u00e1 considerada v\u00e1lida.<\/p>\n<p>Caso o eleitor n\u00e3o justifique no dia das elei\u00e7\u00f5es, ele tem o prazo de 60 dias ap\u00f3s o dia da vota\u00e7\u00e3o para faz\u00ea-lo. Nesse caso, o <a href=\"http:\/\/www.justicaeleitoral.jus.br\/arquivos\/tse-requerimento-de-justificativa-eleitoral-pos-eleicao\" target=\"_blank\">requerimento de justificativa (formato pdf)<\/a> \u00e9 outro, e tamb\u00e9m est\u00e1 dispon\u00edvel no site do TRE-MG. Para justificar, o eleitor pode ir, pessoalmente, em qualquer cart\u00f3rio eleitoral e solicitar sua regulariza\u00e7\u00e3o ou enviar o formul\u00e1rio preenchido via postal. Em qualquer hip\u00f3tese, o requerimento de justificativa deve estar acompanhado de documentos que justifiquem a aus\u00eancia. O prazo final para fazer a justificativa para quem deixar de votar no primeiro turno (5\/10) \u00e9 o dia 4 de dezembro, e para quem n\u00e3o votar no segundo turno (26\/10) \u00e9 o dia 26 de dezembro.<\/p>\n<p>Os eleitores que estiverem fora do munic\u00edpio onde votam devem ficar atentos \u00e0s informa\u00e7\u00f5es sobre os procedimentos de justificativa, j\u00e1 que n\u00e3o existe mais a justificativa nos Correios.<\/p>\n<p>O eleitor que n\u00e3o votar ou n\u00e3o justificar a sua aus\u00eancia sofre algumas consequ\u00eancias, definidas pela legisla\u00e7\u00e3o eleitoral. Dentre elas, a impossibilidade de obter passaporte e de renovar matr\u00edcula em estabelecimento de ensino oficial ou fiscalizado pelo governo.<\/p>\n<p>Para tirar d\u00favidas, <a href=\"http:\/\/www.tre-mg.jus.br\/eleitor\/justificativa-eleitoral\/justificativa-eleitoral-1\" target=\"_blank\">acesse a p\u00e1gina de Justificativa Eleitoral<\/a> ou fale no Disque-Eleitor (148). (TRE\/MG)<\/p>\n","protected":false},"excerpt":{"rendered":"<p>J\u00e1 est\u00e1 dispon\u00edvel, na p\u00e1gina do Tribunal Regional Eleitoral de Minas Gerais, o formul\u00e1rio (formato pdf) de justificativa para as Elei\u00e7\u00f5es 2014. Esse formul\u00e1rio tamb\u00e9m pode ser obtido em qualquer um dos 351 cart\u00f3rios eleitorais do Estado (consulte os endere\u00e7os). Com o objetivo de facilitar para o eleitor, a partir desta quinta-feira (2), haver\u00e1 um [&hellip;]<\/p>\n","protected":false},"author":1,"featured_media":40907,"comment_status":"open","ping_status":"closed","sticky":false,"template":"","format":"standard","meta":{"amp_status":"","footnotes":""},"categories":[6],"tags":[3394,17021,17020],"class_list":["post-40906","post","type-post","status-publish","format-standard","has-post-thumbnail","hentry","category-br","tag-eleicoes-2014","tag-formulario-de-justificativa-eleitoral","tag-formulario-de-justificativa-eleitoral-ja-esta-disponivel-para-o-eleitor"],"_links":{"self":[{"href":"https:\/\/aconteceunovale.com.br\/portal\/index.php?rest_route=\/wp\/v2\/posts\/40906","targetHints":{"allow":["GET"]}}],"collection":[{"href":"https:\/\/aconteceunovale.com.br\/portal\/index.php?rest_route=\/wp\/v2\/posts"}],"about":[{"href":"https:\/\/aconteceunovale.com.br\/portal\/index.php?rest_route=\/wp\/v2\/types\/post"}],"author":[{"embeddable":true,"href":"https:\/\/aconteceunovale.com.br\/portal\/index.php?rest_route=\/wp\/v2\/users\/1"}],"replies":[{"embeddable":true,"href":"https:\/\/aconteceunovale.com.br\/portal\/index.php?rest_route=%2Fwp%2Fv2%2Fcomments&post=40906"}],"version-history":[{"count":0,"href":"https:\/\/aconteceunovale.com.br\/portal\/index.php?rest_route=\/wp\/v2\/posts\/40906\/revisions"}],"wp:featuredmedia":[{"embeddable":true,"href":"https:\/\/aconteceunovale.com.br\/portal\/index.php?rest_route=\/wp\/v2\/media\/40907"}],"wp:attachment":[{"href":"https:\/\/aconteceunovale.com.br\/portal\/index.php?rest_route=%2Fwp%2Fv2%2Fmedia&parent=40906"}],"wp:term":[{"taxonomy":"category","embeddable":true,"href":"https:\/\/aconteceunovale.com.br\/portal\/index.php?rest_route=%2Fwp%2Fv2%2Fcategories&post=40906"},{"taxonomy":"post_tag","embeddable":true,"href":"https:\/\/aconteceunovale.com.br\/portal\/index.php?rest_route=%2Fwp%2Fv2%2Ftags&post=40906"}],"curies":[{"name":"wp","href":"https:\/\/api.w.org\/{rel}","templated":true}]}}