{"id":40898,"date":"2014-09-29T17:52:30","date_gmt":"2014-09-29T20:52:30","guid":{"rendered":"http:\/\/aconteceunovale.com.br\/portal\/?p=40898"},"modified":"2014-09-29T17:53:14","modified_gmt":"2014-09-29T20:53:14","slug":"enteado-mata-padrasto-a-facadas-em-sao-joao-do-oriente","status":"publish","type":"post","link":"https:\/\/aconteceunovale.com.br\/portal\/?p=40898","title":{"rendered":"Homem tenta agredir esposa e \u00e9 assassinado pelo enteado em S\u00e3o Jo\u00e3o do Oriente"},"content":{"rendered":"<h4><strong><em>Homem de 46 anos tentou agredir esposa e foi impedido pelo enteado. Adolescente de 16 anos atingiu padrasto com uma p\u00e1 e depois o esfaqueou.<\/em><\/strong><\/h4>\n<p>Um adolescente de 17 anos foi apreendido por suspeita de matar o padrasto, de 46 anos, na madrugada desta segunda-feira, 29 de setembro, no bairro Monte Alto, em S\u00e3o Jo\u00e3o do Oriente, no Leste de Minas Gerais. De acordo com informa\u00e7\u00f5es da Pol\u00edcia Militar, Marcelino Mariano da Silva chegou em casa alcoolizado e tentou agredir a esposa, e foi impedido pelo enteado.<\/p>\n<p><img decoding=\"async\" src=\"http:\/\/aconteceunovale.com.br\/portal\/wp-content\/uploads\/2014\/09\/morte_sao_joao_oriente.jpg\" alt=\"\" \/><em>Armas do crime foram apreendidas pela pol\u00edcia (Foto: TV Super Canal)<\/em><br \/>\n<\/br><\/p>\n<p>Ainda de acordo com a PM, o adolescente atingiu o padrasto com uma p\u00e1, e em seguida efetuou golpes de faca no homem, que acabou morrendo no local. A pol\u00edcia informou tamb\u00e9m ainda que o corpo do homem v\u00edtima foi arrastado pelo adolescente at\u00e9 a cal\u00e7ada da casa.<\/p>\n<p>A esposa da v\u00edtima j\u00e1 tinha denunciado o marido por agress\u00f5es. O adolescente foi apreendido e alegou que cometeu o crime para se defender do padrasto. (G1)<\/p>\n","protected":false},"excerpt":{"rendered":"<p>Homem de 46 anos tentou agredir esposa e foi impedido pelo enteado. Adolescente de 16 anos atingiu padrasto com uma p\u00e1 e depois o esfaqueou. Um adolescente de 17 anos foi apreendido por suspeita de matar o padrasto, de 46 anos, na madrugada desta segunda-feira, 29 de setembro, no bairro Monte Alto, em S\u00e3o Jo\u00e3o [&hellip;]<\/p>\n","protected":false},"author":1,"featured_media":40899,"comment_status":"open","ping_status":"closed","sticky":false,"template":"","format":"standard","meta":{"amp_status":"","footnotes":""},"categories":[121],"tags":[17017,17018,17016,1734],"class_list":["post-40898","post","type-post","status-publish","format-standard","has-post-thumbnail","hentry","category-leste","tag-enteado-mata-padrasto-a-facadas-em-sao-joao-do-oriente","tag-homem-tenta-agredir-esposa-e-e-assassinado-pelo-enteado-em-sao-joao-do-oriente","tag-marcelino-mariano-da-silva","tag-sao-joao-do-oriente"],"_links":{"self":[{"href":"https:\/\/aconteceunovale.com.br\/portal\/index.php?rest_route=\/wp\/v2\/posts\/40898","targetHints":{"allow":["GET"]}}],"collection":[{"href":"https:\/\/aconteceunovale.com.br\/portal\/index.php?rest_route=\/wp\/v2\/posts"}],"about":[{"href":"https:\/\/aconteceunovale.com.br\/portal\/index.php?rest_route=\/wp\/v2\/types\/post"}],"author":[{"embeddable":true,"href":"https:\/\/aconteceunovale.com.br\/portal\/index.php?rest_route=\/wp\/v2\/users\/1"}],"replies":[{"embeddable":true,"href":"https:\/\/aconteceunovale.com.br\/portal\/index.php?rest_route=%2Fwp%2Fv2%2Fcomments&post=40898"}],"version-history":[{"count":0,"href":"https:\/\/aconteceunovale.com.br\/portal\/index.php?rest_route=\/wp\/v2\/posts\/40898\/revisions"}],"wp:featuredmedia":[{"embeddable":true,"href":"https:\/\/aconteceunovale.com.br\/portal\/index.php?rest_route=\/wp\/v2\/media\/40899"}],"wp:attachment":[{"href":"https:\/\/aconteceunovale.com.br\/portal\/index.php?rest_route=%2Fwp%2Fv2%2Fmedia&parent=40898"}],"wp:term":[{"taxonomy":"category","embeddable":true,"href":"https:\/\/aconteceunovale.com.br\/portal\/index.php?rest_route=%2Fwp%2Fv2%2Fcategories&post=40898"},{"taxonomy":"post_tag","embeddable":true,"href":"https:\/\/aconteceunovale.com.br\/portal\/index.php?rest_route=%2Fwp%2Fv2%2Ftags&post=40898"}],"curies":[{"name":"wp","href":"https:\/\/api.w.org\/{rel}","templated":true}]}}